{"id":13444,"date":"2025-04-09T20:01:09","date_gmt":"2025-04-09T20:01:09","guid":{"rendered":"https:\/\/www.europesays.com\/fr\/13444\/"},"modified":"2025-04-09T20:01:09","modified_gmt":"2025-04-09T20:01:09","slug":"un-homme-grievement-blesse-apres-une-violente-agression","status":"publish","type":"post","link":"https:\/\/www.europesays.com\/fr\/13444\/","title":{"rendered":"un homme gri\u00e8vement bless\u00e9 apr\u00e8s une violente agression"},"content":{"rendered":"<p><a href=\"https:\/\/www.lyonpremiere.fr\/faits-divers\/lyon-un-appel-a-temoins-lance-apres-la-disparition-dun-homme-a-la-part-dieu\/\" target=\"_blank\" rel=\"noopener\">Lyon : un appel \u00e0 t\u00e9moins lanc\u00e9 apr\u00e8s la disparition d&rsquo;un homme \u00e0 la Part-Dieu<\/a><\/p>\n<p>\nLa police nationale lance un appel \u00e0 t\u00e9moins pour retrouver un homme de 74 ans.<\/p>\n<p>Ce dernier, \u00e9pileptique, n&rsquo;a plus donn\u00e9 de nouvelles depuis le 18 f\u00e9vrier \u00e0 la Part-Dieu. Selon les autorit\u00e9s, l&rsquo;individu a les cheveux grisonnants. Il est de corpulence maigre et il est vo\u00fbt\u00e9. La police pr\u00e9cise qu&rsquo;il se d\u00e9place un&#8230;<\/p>\n<p class=\"related-post-date\">07 April \u00e0 10h21<\/p>\n","protected":false},"excerpt":{"rendered":"Lyon : un appel \u00e0 t\u00e9moins lanc\u00e9 apr\u00e8s la disparition d&rsquo;un homme \u00e0 la Part-Dieu La police nationale&hellip;\n","protected":false},"author":2,"featured_media":13445,"comment_status":"","ping_status":"","sticky":false,"template":"","format":"standard","meta":{"footnotes":""},"categories":[1889],"tags":[1111,11,1120,2430,1777,674,118,1011,27,2428,12,25],"class_list":{"0":"post-13444","1":"post","2":"type-post","3":"status-publish","4":"format-standard","5":"has-post-thumbnail","7":"category-lyon","8":"tag-actu","9":"tag-actualites","10":"tag-agression","11":"tag-auvergne-rhone-alpes","12":"tag-eu","13":"tag-europe","14":"tag-faits-divers","15":"tag-fr","16":"tag-france","17":"tag-lyon","18":"tag-news","19":"tag-republique-francaise"},"share_on_mastodon":{"url":"https:\/\/pubeurope.com\/@fr\/114309790599723998","error":""},"_links":{"self":[{"href":"https:\/\/www.europesays.com\/fr\/wp-json\/wp\/v2\/posts\/13444","targetHints":{"allow":["GET"]}}],"collection":[{"href":"https:\/\/www.europesays.com\/fr\/wp-json\/wp\/v2\/posts"}],"about":[{"href":"https:\/\/www.europesays.com\/fr\/wp-json\/wp\/v2\/types\/post"}],"author":[{"embeddable":true,"href":"https:\/\/www.europesays.com\/fr\/wp-json\/wp\/v2\/users\/2"}],"replies":[{"embeddable":true,"href":"https:\/\/www.europesays.com\/fr\/wp-json\/wp\/v2\/comments?post=13444"}],"version-history":[{"count":0,"href":"https:\/\/www.europesays.com\/fr\/wp-json\/wp\/v2\/posts\/13444\/revisions"}],"wp:featuredmedia":[{"embeddable":true,"href":"https:\/\/www.europesays.com\/fr\/wp-json\/wp\/v2\/media\/13445"}],"wp:attachment":[{"href":"https:\/\/www.europesays.com\/fr\/wp-json\/wp\/v2\/media?parent=13444"}],"wp:term":[{"taxonomy":"category","embeddable":true,"href":"https:\/\/www.europesays.com\/fr\/wp-json\/wp\/v2\/categories?post=13444"},{"taxonomy":"post_tag","embeddable":true,"href":"https:\/\/www.europesays.com\/fr\/wp-json\/wp\/v2\/tags?post=13444"}],"curies":[{"name":"wp","href":"https:\/\/api.w.org\/{rel}","templated":true}]}}