{"id":134483,"date":"2025-05-28T14:11:08","date_gmt":"2025-05-28T14:11:08","guid":{"rendered":"https:\/\/www.europesays.com\/fr\/134483\/"},"modified":"2025-05-28T14:11:08","modified_gmt":"2025-05-28T14:11:08","slug":"plus-de-4500-interpellations-a-lyon-depuis-fevrier","status":"publish","type":"post","link":"https:\/\/www.europesays.com\/fr\/134483\/","title":{"rendered":"plus de 4500 interpellations \u00e0 Lyon depuis f\u00e9vrier"},"content":{"rendered":"<p itemprop=\"description\"><strong>. Depuis f\u00e9vrier, la Guilloti\u00e8re et la place Mazagran sont au c\u0153ur de la strat\u00e9gie s\u00e9curitaire, la pr\u00e9fecture du Rh\u00f4ne dresse un premier bilan muscl\u00e9.<\/strong><\/p>\n<p>Depuis le 18 f\u00e9vrier, les forces de l\u2019ordre ont multipli\u00e9 les op\u00e9rations dans l\u2019agglom\u00e9ration lyonnaise dans le cadre du plan d\u00e9partemental de restauration de la s\u00e9curit\u00e9 du quotidien.<\/p>\n<p>Selon les chiffres transmis par la pr\u00e9fecture du Rh\u00f4ne, 4 558 personnes ont \u00e9t\u00e9 interpell\u00e9es en un peu plus de deux mois, dont 3 500 plac\u00e9es en garde \u00e0 vue et 1 150 pr\u00e9sent\u00e9es \u00e0 la justice. Les services de police ont \u00e9galement interpell\u00e9 1 071 \u00e9trangers en situation irr\u00e9guli\u00e8re, dont environ la moiti\u00e9 ont \u00e9t\u00e9 plac\u00e9s en centre de r\u00e9tention administrative (CRA).<\/p>\n<p>Ces interventions ont permis la saisie de 52 kg de produits stup\u00e9fiants et de plus de 6 millions d\u2019euros de biens li\u00e9s \u00e0 des activit\u00e9s criminelles. Par ailleurs, sept commerces ont fait l\u2019objet d\u2019une fermeture administrative.<\/p>\n<p>Dans ce cadre, neuf op\u00e9rations de s\u00e9curisation ont \u00e9t\u00e9 organis\u00e9es \u00e0 Lyon. Les quartiers de la Guilloti\u00e8re et de Mazagran, principalement cibl\u00e9s par ces actions, ont notamment vu la mobilisation de 350 policiers lors des deux derni\u00e8res interventions. Plus de 100 individus y ont \u00e9t\u00e9 interpell\u00e9s, dont une part importante en situation irr\u00e9guli\u00e8re.<\/p>\n<p>Le pr\u00e9fet Antoine Gu\u00e9rin s\u2019est par ailleurs rendu sur place ce mardi 27 avril pour soutenir les unit\u00e9s engag\u00e9es, notamment la brigade sp\u00e9cialis\u00e9e de terrain et les compagnies r\u00e9publicaines de s\u00e9curit\u00e9 (CRS), mobilis\u00e9es quotidiennement.<\/p>\n","protected":false},"excerpt":{"rendered":". Depuis f\u00e9vrier, la Guilloti\u00e8re et la place Mazagran sont au c\u0153ur de la strat\u00e9gie s\u00e9curitaire, la pr\u00e9fecture&hellip;\n","protected":false},"author":2,"featured_media":134484,"comment_status":"","ping_status":"","sticky":false,"template":"","format":"standard","meta":{"footnotes":""},"categories":[1889],"tags":[1111,11,2813,2190,2430,1109,251,1112,2811,1777,674,118,1011,27,1922,1110,1114,2428,2810,12,241,316,25,2812,517,800],"class_list":{"0":"post-134483","1":"post","2":"type-post","3":"status-publish","4":"format-standard","5":"has-post-thumbnail","7":"category-lyon","8":"tag-actu","9":"tag-actualites","10":"tag-article","11":"tag-asvel","12":"tag-auvergne-rhone-alpes","13":"tag-breves","14":"tag-culture","15":"tag-depeches","16":"tag-economique","17":"tag-eu","18":"tag-europe","19":"tag-faits-divers","20":"tag-fr","21":"tag-france","22":"tag-info","23":"tag-informations","24":"tag-infos","25":"tag-lyon","26":"tag-lyonmag","27":"tag-news","28":"tag-ol","29":"tag-politique","30":"tag-republique-francaise","31":"tag-sociale","32":"tag-sport","33":"tag-transports"},"share_on_mastodon":{"url":"https:\/\/pubeurope.com\/@fr\/114585867685799595","error":""},"_links":{"self":[{"href":"https:\/\/www.europesays.com\/fr\/wp-json\/wp\/v2\/posts\/134483","targetHints":{"allow":["GET"]}}],"collection":[{"href":"https:\/\/www.europesays.com\/fr\/wp-json\/wp\/v2\/posts"}],"about":[{"href":"https:\/\/www.europesays.com\/fr\/wp-json\/wp\/v2\/types\/post"}],"author":[{"embeddable":true,"href":"https:\/\/www.europesays.com\/fr\/wp-json\/wp\/v2\/users\/2"}],"replies":[{"embeddable":true,"href":"https:\/\/www.europesays.com\/fr\/wp-json\/wp\/v2\/comments?post=134483"}],"version-history":[{"count":0,"href":"https:\/\/www.europesays.com\/fr\/wp-json\/wp\/v2\/posts\/134483\/revisions"}],"wp:featuredmedia":[{"embeddable":true,"href":"https:\/\/www.europesays.com\/fr\/wp-json\/wp\/v2\/media\/134484"}],"wp:attachment":[{"href":"https:\/\/www.europesays.com\/fr\/wp-json\/wp\/v2\/media?parent=134483"}],"wp:term":[{"taxonomy":"category","embeddable":true,"href":"https:\/\/www.europesays.com\/fr\/wp-json\/wp\/v2\/categories?post=134483"},{"taxonomy":"post_tag","embeddable":true,"href":"https:\/\/www.europesays.com\/fr\/wp-json\/wp\/v2\/tags?post=134483"}],"curies":[{"name":"wp","href":"https:\/\/api.w.org\/{rel}","templated":true}]}}