{"id":134508,"date":"2025-05-28T14:25:08","date_gmt":"2025-05-28T14:25:08","guid":{"rendered":"https:\/\/www.europesays.com\/fr\/134508\/"},"modified":"2025-05-28T14:25:08","modified_gmt":"2025-05-28T14:25:08","slug":"leurope-est-en-bonne-voie-pour-atteindre-ses-objectifs-de-baisse-des-emissions-a-lhorizon-2030-liberation","status":"publish","type":"post","link":"https:\/\/www.europesays.com\/fr\/134508\/","title":{"rendered":"l\u2019Europe est en \u00abbonne voie\u00bb pour atteindre ses objectifs de baisse des \u00e9missions \u00e0 l\u2019horizon 2030 \u2013 Lib\u00e9ration"},"content":{"rendered":"<p class=\"sc-ksZaOG ehjQrN text-element\">C\u2019est une bonne nouvelle, qui tombe <a href=\"https:\/\/www.liberation.fr\/environnement\/climat\/climat-les-temperatures-mondiales-devraient-se-maintenir-a-des-niveaux-record-ces-cinq-prochaines-annees-selon-lonu-20250528_BEIZXMVQIVA5TNS73HMNQ4AEOQ\/\" target=\"_blank\" rel=\"nofollow noopener\" title=\"https:\/\/www.liberation.fr\/environnement\/climat\/climat-les-temperatures-mondiales-devraient-se-maintenir-a-des-niveaux-record-ces-cinq-prochaines-annees-selon-lonu-20250528_BEIZXMVQIVA5TNS73HMNQ4AEOQ\/\">pile le jour o\u00f9 l\u2019ONU avertit que les cinq prochaines ann\u00e9es continueront \u00e0 battre des records de temp\u00e9ratures<\/a> moyennes mondiales. L\u2019Union europ\u00e9enne est en effet en bonne voie pour atteindre ses objectifs climatiques en 2030, se r\u00e9jouit la Commission mercredi 28 mai.<\/p>\n<p class=\"sc-ksZaOG ehjQrN text-element\">Apr\u00e8s avoir \u00e9valu\u00e9 l<a href=\"https:\/\/commission.europa.eu\/publications\/communication-delivering-unions-2030-energy-and-climate-objectives_en\" target=\"_blank\" rel=\"nofollow noopener\">es plans nationaux en mati\u00e8re d\u2019\u00e9nergie et de climat de la plupart des Etats membres, <\/a>Bruxelles constate que l\u2019UE pourrait r\u00e9duire ses \u00e9missions nettes de gaz \u00e0 effet de serre d\u2019environ 54 % d\u2019ici \u00e0 2030, par rapport aux niveaux de 1990, tout pr\u00e8s de son objectif de 55 %. Celles-ci ont d\u00e9j\u00e0 baiss\u00e9 de 37 % depuis 1990. Car, d\u00e9taille la Commission europ\u00e9enne, \u00ables Etats membres ont consid\u00e9rablement combl\u00e9 l\u2019\u00e9cart par rapport aux objectifs en mati\u00e8re d\u2019\u00e9nergie et de climat \u00e0 l\u2019horizon 2030\u00bb et \u00abconsid\u00e9rablement am\u00e9lior\u00e9 leurs plans \u00e0 <a href=\"https:\/\/ec.europa.eu\/commission\/presscorner\/detail\/en\/ip_23_6622\" target=\"_blank\" rel=\"nofollow noopener\">la suite des recommandations de la Commission<\/a> de d\u00e9cembre 2023\u00bb. Et d\u2019ajouter que \u00abdans le contexte g\u00e9opolitique actuel, cela d\u00e9montre que l\u2019UE maintient le cap sur ses engagements en mati\u00e8re de climat, en investissant avec d\u00e9termination dans la transition vers une \u00e9nergie propre et en donnant la priorit\u00e9 \u00e0 la comp\u00e9titivit\u00e9 industrielle et \u00e0 la dimension sociale de l\u2019UE\u00bb.<\/p>\n<p class=\"sc-ksZaOG ehjQrN text-element\">Reste qu\u2019atteindre cette baisse de 54 % des \u00e9missions d\u2019ici 2030 ne se fera r\u00e9ellement qu\u2019\u00ab\u00e0 condition que les Etats membres mettent pleinement en \u0153uvre les mesures nationales existantes et pr\u00e9vues, ainsi que les politiques de l\u2019UE\u00bb, avertit la Commission. \u00abNous devons maintenant nous appuyer sur cette dynamique\u00bb, insiste Wopke Hoekstra, le commissaire europ\u00e9en en charge du climat. \u00abIl s\u2019agit d\u2019un moment d\u00e9cisif : chaque secteur, dans chaque Etat membre, doit contribuer\u00bb, intime-t-il. Les plans des Vingt-Sept (des engagements sur le papier) doivent encore \u00eatre concr\u00e9tis\u00e9s, mart\u00e8lent aussi les organisations environnementales.<\/p>\n<p class=\"sc-ksZaOG ehjQrN text-element\">Bruxelles rel\u00e8ve par ailleurs des disparit\u00e9s entre Etats membres. Trois d\u2019entre eux (la Belgique, l\u2019Estonie et la Pologne) sont point\u00e9s du doigt pour n\u2019avoir pas encore remis leurs plans \u00e9nergie climat actualis\u00e9s. Ils \u00abdoivent le faire sans d\u00e9lai\u00bb, exhorte la Commission. Celle-ci r\u00e9clame notamment aux Vingt-Sept des efforts suppl\u00e9mentaires pour r\u00e9duire la consommation d\u2019\u00e9nergie. Sont soulign\u00e9es aussi les difficult\u00e9s en mati\u00e8re de protection des for\u00eats et de s\u00e9questration du carbone. Cette <a href=\"https:\/\/www.liberation.fr\/environnement\/climat\/coup-de-mou-passager-ou-effondrement-pourquoi-les-forets-et-les-sols-captent-beaucoup-moins-de-co2-20250319_PBTE62DLTFBSHBGASCKZQCZSR4\/?redirected=1\" target=\"_blank\" rel=\"nofollow noopener\">\u00abfaiblesse de nos puits de carbone<\/a>, cons\u00e9quence de la d\u00e9t\u00e9rioration de nos for\u00eats est inqui\u00e9tante et il faut y rem\u00e9dier au plus vite\u00bb, ass\u00e8ne l\u2019eurod\u00e9put\u00e9 centriste Pascal Canfin (Renew), tout en saluant la \u00abbonne nouvelle\u00bb des estimations globales en 2030.<\/p>\n<p class=\"sc-ksZaOG ehjQrN text-element\">Autre motif de satisfaction pour la Commission, la plupart des pays membres se sont align\u00e9s sur son objectif d\u2019une part de 42,5 % d\u2019\u00e9nergies renouvelables dans la consommation totale d\u2019ici 2030. Avec <a href=\"https:\/\/www.liberation.fr\/economie\/energies-renouvelables-leurope-a-la-traine-sur-leolien-la-france-critiquee-par-la-commission-20240912_ORHHUYBSNBD7RJPMV7V36UVTRE\/\" target=\"_blank\" rel=\"nofollow noopener\" title=\"https:\/\/www.liberation.fr\/economie\/energies-renouvelables-leurope-a-la-traine-sur-leolien-la-france-critiquee-par-la-commission-20240912_ORHHUYBSNBD7RJPMV7V36UVTRE\/\">une mauvaise \u00e9l\u00e8ve du point de vue de Bruxelles, la France,<\/a> m\u00eame si Paris ne cesse de d\u00e9fendre son \u00e9nergie nucl\u00e9aire \u00abd\u00e9carbon\u00e9e\u00bb.<\/p>\n<p class=\"sc-ksZaOG ehjQrN text-element\">Apr\u00e8s le satisfecit pour 2030, le plus dur reste \u00e0 faire sur la route de la neutralit\u00e9 climatique promise par l\u2019Union europ\u00e9enne en 2050. Car les Vingt-Sept vont d\u2019abord devoir s\u2019accorder sur l\u2019\u00e9tape de 2040, et les n\u00e9gociations pi\u00e9tinent. Il y a plus d\u2019un an, la Commission recommandait une baisse de 90 % des \u00e9missions de CO2 en 2040 par rapport \u00e0 1990 au sein de l\u2019UE. Depuis, elle n\u2019a jamais os\u00e9 mettre formellement la proposition sur la table. Car certains jugent l\u2019objectif inaccessible. D\u2019autres, comme la France, ne cachent pas leur scepticisme et demandent des garanties sur la d\u00e9carbonation de l\u2019industrie.<\/p>\n<p class=\"sc-ksZaOG ehjQrN text-element\">Embarrass\u00e9e, la Commission europ\u00e9enne pourrait envisager des flexibilit\u00e9s dans son mode de calcul en 2040, peut-\u00eatre gr\u00e2ce \u00e0 l\u2019achat de cr\u00e9dits carbone sur les march\u00e9s internationaux. L\u2019ex\u00e9cutif europ\u00e9en promet de soumettre une proposition avant l\u2019\u00e9t\u00e9, et assure que l\u2019UE sera pr\u00eate pour la prochaine conf\u00e9rence de l\u2019ONU sur le climat (COP 30) en novembre au Br\u00e9sil.<\/p>\n<p class=\"sc-ksZaOG ehjQrN text-element\">Mais ces atermoiements inqui\u00e8tent les \u00e9cologistes, qui esp\u00e9raient une mobilisation europ\u00e9enne apr\u00e8s le retrait des Etats-Unis de Donald Trump de l\u2019accord de Paris sur le climat. Et les ONG s\u2019alarment d\u2019un <a href=\"https:\/\/www.liberation.fr\/environnement\/europeennes-bete-noire-de-lextreme-droite-le-pacte-vert-est-il-menace-de-mort-20240616_HVQUUPVCMVEUDJLAY4XMKBWVI4\/\" target=\"_blank\" rel=\"nofollow noopener\" title=\"https:\/\/www.liberation.fr\/environnement\/europeennes-bete-noire-de-lextreme-droite-le-pacte-vert-est-il-menace-de-mort-20240616_HVQUUPVCMVEUDJLAY4XMKBWVI4\/\">d\u00e9tricotage en r\u00e8gle du Pacte vert, le fameux \u00abGreen Deal\u00bb<\/a> adopt\u00e9 lors du pr\u00e9c\u00e9dent mandat d\u2019Ursula von der Leyen.<\/p>\n<p class=\"sc-ksZaOG ehjQrN text-element\">Confront\u00e9e \u00e0 la concurrence chinoise et aux menaces douani\u00e8res de Donald Trump, l\u2019Union europ\u00e9enne a en effet entam\u00e9 un virage pro business ces derniers mois. Report de la loi contre la d\u00e9forestation, suspense sur l\u2019avenir d\u2019un<a href=\"https:\/\/www.liberation.fr\/idees-et-debats\/tribunes\/devoir-de-vigilance-des-multinationales-la-mort-de-cette-directive-serait-un-recul-pour-les-droits-humains-et-lenvironnement-20250224_FYXIDV4VMBEATA5YFI2IWBMZIA\/\" target=\"_blank\" rel=\"nofollow noopener\" title=\"https:\/\/www.liberation.fr\/idees-et-debats\/tribunes\/devoir-de-vigilance-des-multinationales-la-mort-de-cette-directive-serait-un-recul-pour-les-droits-humains-et-lenvironnement-20250224_FYXIDV4VMBEATA5YFI2IWBMZIA\/\"> texte consacr\u00e9 \u00e0 la \u00abvigilance\u00bb environnementale des multinationales<\/a>\u2026 : Bruxelles entend r\u00e9viser une s\u00e9rie de lois, au nom de la lutte contre la \u00abbureaucratie\u00bb. Et le contexte a chang\u00e9 au sein des Vingt-Sept avec la mont\u00e9e de l\u2019extr\u00eame droite.<\/p>\n<p class=\"sc-ksZaOG ehjQrN text-element\">La socialiste espagnole Teresa Ribera, vice-pr\u00e9sidente de la Commission en charge de la transition, a pein\u00e9 \u00e0 se faire entendre jusqu\u2019ici. Avec les r\u00e9sultats du jour, l\u2019Europe vient de \u00abprouver que des objectifs fiables et pr\u00e9visibles, fond\u00e9s sur des donn\u00e9es scientifiques, ainsi qu\u2019une r\u00e9glementation ad\u00e9quate, sont efficaces\u00bb, insiste-t-elle. Reste, donc, \u00e0 transformer l\u2019essai.<\/p>\n","protected":false},"excerpt":{"rendered":"C\u2019est une bonne nouvelle, qui tombe pile le jour o\u00f9 l\u2019ONU avertit que les cinq prochaines ann\u00e9es continueront&hellip;\n","protected":false},"author":2,"featured_media":134509,"comment_status":"","ping_status":"","sticky":false,"template":"","format":"standard","meta":{"footnotes":""},"categories":[1586],"tags":[11,413,1777,674,1011,27,12,5140,25,364],"class_list":{"0":"post-134508","1":"post","2":"type-post","3":"status-publish","4":"format-standard","5":"has-post-thumbnail","7":"category-europe","8":"tag-actualites","9":"tag-ca-va-mieux-lisant","10":"tag-eu","11":"tag-europe","12":"tag-fr","13":"tag-france","14":"tag-news","15":"tag-rechauffement-climatique","16":"tag-republique-francaise","17":"tag-union-europeenne"},"share_on_mastodon":{"url":"https:\/\/pubeurope.com\/@fr\/114585922785831031","error":""},"_links":{"self":[{"href":"https:\/\/www.europesays.com\/fr\/wp-json\/wp\/v2\/posts\/134508","targetHints":{"allow":["GET"]}}],"collection":[{"href":"https:\/\/www.europesays.com\/fr\/wp-json\/wp\/v2\/posts"}],"about":[{"href":"https:\/\/www.europesays.com\/fr\/wp-json\/wp\/v2\/types\/post"}],"author":[{"embeddable":true,"href":"https:\/\/www.europesays.com\/fr\/wp-json\/wp\/v2\/users\/2"}],"replies":[{"embeddable":true,"href":"https:\/\/www.europesays.com\/fr\/wp-json\/wp\/v2\/comments?post=134508"}],"version-history":[{"count":0,"href":"https:\/\/www.europesays.com\/fr\/wp-json\/wp\/v2\/posts\/134508\/revisions"}],"wp:featuredmedia":[{"embeddable":true,"href":"https:\/\/www.europesays.com\/fr\/wp-json\/wp\/v2\/media\/134509"}],"wp:attachment":[{"href":"https:\/\/www.europesays.com\/fr\/wp-json\/wp\/v2\/media?parent=134508"}],"wp:term":[{"taxonomy":"category","embeddable":true,"href":"https:\/\/www.europesays.com\/fr\/wp-json\/wp\/v2\/categories?post=134508"},{"taxonomy":"post_tag","embeddable":true,"href":"https:\/\/www.europesays.com\/fr\/wp-json\/wp\/v2\/tags?post=134508"}],"curies":[{"name":"wp","href":"https:\/\/api.w.org\/{rel}","templated":true}]}}