{"id":134535,"date":"2025-05-28T14:42:15","date_gmt":"2025-05-28T14:42:15","guid":{"rendered":"https:\/\/www.europesays.com\/fr\/134535\/"},"modified":"2025-05-28T14:42:15","modified_gmt":"2025-05-28T14:42:15","slug":"barbara-revient-au-mistral-ariane-demande-un-service-a-louis-le-resume-de-lepisode-343-du-jeudi-29-mai-2025","status":"publish","type":"post","link":"https:\/\/www.europesays.com\/fr\/134535\/","title":{"rendered":"Barbara revient au Mistral, Ariane demande un service \u00e0 Louis&#8230; Le r\u00e9sum\u00e9 de l\u2019\u00e9pisode 343 du jeudi 29 mai 2025"},"content":{"rendered":"<p>Ariane a besoin des services de Louis, Barbara est de retour au Mistral et Jules explose de col\u00e8re&#8230; D\u00e9couvrez en avance ce qui vous attend dans l&rsquo;\u00e9pisode 343 de Plus belle la vie, encore plus belle, diffus\u00e9 ce jeudi 29 mai 2025.<\/p>\n<p>Dans l&rsquo;\u00e9pisode 343 de <a href=\"https:\/\/www.programme-tv.net\/news\/series-tv\/332492-plus-belle-la-vie-date-de-retour-horaire-casting-intrigue-tout-ce-quil-faut-savoir-sur-la-nouvelle-serie-de-tf1\/\" data-api-deeplink=\"teleloisirs:\/\/news\/332492\" target=\"_blank\" rel=\"noopener\">Plus belle la vie, encore plus belle<\/a>, diffus\u00e9 ce jeudi 29\u00a0mai 2025 et <a href=\"https:\/\/www.programme-tv.net\/news\/series-tv\/344072-plus-belle-la-vie-encore-plus-belle-en-streaming-ou-regarder-la-nouvelle-serie-de-tf1-en-replay\/\" data-api-deeplink=\"teleloisirs:\/\/news\/344072\" target=\"_blank\" rel=\"noopener\">d\u00e9j\u00e0 disponible sur TF1+<\/a>, Ariane fume une cigarette. Elle para\u00eet extr\u00eamement stress\u00e9e. Et pour cause : Jean-Paul a un rendez-vous \u00e0 un rendez-vous tr\u00e8s \u00e0 la bijouterie du quartier du Mistral ! L&rsquo;objectif \u00e9tant d&rsquo;obtenir plus d&rsquo;informations sur <a href=\"https:\/\/www.programme-tv.net\/news\/series-tv\/379758-plus-belle-la-vie-en-avance-colbert-nie-avoir-tue-durieux-une-preuve-incriminant-ariane-retrouvee-dans-le-corps-du-procureur-le-resume-de-lepisode-342-du-mercredi-28-mai-2025\/\" data-api-deeplink=\"teleloisirs:\/\/news\/379758\" target=\"_blank\" rel=\"noopener\">la bague retrouv\u00e9e dans l&rsquo;estomac de son harceleur&#8230; <\/a>  Jean-Paul retrouve Ariane : \u00ab\u00a0C&rsquo;est un mod\u00e8le standard. Heureusement, il y a cette gravure &lsquo;De A \u00e0 Z&rsquo;, c&rsquo;est comme une signature. C&rsquo;est gr\u00e2ce \u00e0 ce texte qu&rsquo;on pourra en savoir plus sur <a href=\"https:\/\/www.programme-tv.net\/news\/series-tv\/379444-plus-belle-la-vie-en-avance-durieux-est-mort-ariane-l-a-t-elle-tue-le-resume-de-lepisode-339-du-vendredi-23-mai-2025\/\" data-api-deeplink=\"teleloisirs:\/\/news\/379444\" target=\"_blank\" rel=\"noopener\">la mort du procureur<\/a>.\u00a0\u00bb La m\u00e8re de Zo\u00e9 comprend instantan\u00e9ment que les choses se compliquent pour elle&#8230;  <\/p>\n<p><b>Plus belle la vie<\/b><b> en avance : L&rsquo;\u00e9tau se resserre autour d&rsquo;Ariane&#8230; <\/b><\/p>\n<p>Ariane d\u00e9cide de mener une enqu\u00eate parall\u00e8le. Elle se rend le restaurant o\u00f9 elle \u00e9tait vendredi soir. Le serveur la reconna\u00eet imm\u00e9diatement. Ariane est tr\u00e8s g\u00ean\u00e9e. Elle ne se souvient plus de cet homme&#8230; Il lui explique qu&rsquo;elle est arriv\u00e9e vers 21h30\/21h45 et qu&rsquo;elle \u00e9tait dans un \u00e9tat d&rsquo;ivresse assez avanc\u00e9 !  La capitaine de police profite de cet \u00e9change pour interroger le barman, afin de savoir si elle \u00e9tait bien avec Durieux : \u00ab\u00a0J&rsquo;\u00e9tais avec un type. Est-ce que vous pouvez me dire s&rsquo;il ressemblait \u00e0 cette personne ? [Elle lui montre une photo de Durieux, ndlr]\u00a0\u00bb Le barman est formel : \u00ab\u00a0Pas du tout ! Vous \u00e9tiez avec un grand brun. Il portait un bomber gris et une paire de rangers. Il \u00e9tait baraqu\u00e9 et devait avoir la trentaine.\u00a0\u00bb Ariane r\u00e9plique : \u00ab\u00a0Pu***n, je crois que je suis mis dans une belle me**e&#8230;\u00a0\u00bb <\/p>\n<p>                        Plus belle la vie en avance : Ariane demande un service \u00e0 Louis&#8230;<\/p>\n<p>Louis Robbie est au Mistral. L&rsquo;ex-braqueur est impatient. Il a h\u00e2te de pouvoir retrouver Barbara. Quelques dizaines de minutes plus tard, <a href=\"https:\/\/www.programme-tv.net\/news\/series-tv\/379798-plus-belle-la-vie-on-sait-enfin-quand-barbara-lea-francois-revient-au-mistral-apres-pres-de-deux-mois-d-absence\/\" data-api-deeplink=\"teleloisirs:\/\/news\/379798\" target=\"_blank\" rel=\"noopener\">l&rsquo;homme se rend sur le vieux port et retrouve sa compagne<\/a>. Les deux tourtereaux semblent ravis. Ces retrouvailles sont express ! Barbara doit d\u00e9marrer son service. Elle lui donne rendez-vous apr\u00e8s son service. Louis lui r\u00e9pond enjou\u00e9 : \u00ab\u00a0On se voit ce soir.\u00a0\u00bb Pourtant, ce dernier ne la retrouve pas \u00e0 la fin de la journ\u00e9e, ce qui pr\u00e9occupe vachement sa compagne. La raison ? Ariane donne rendez-vous en urgence \u00e0 Louis. Cette derni\u00e8re a besoin d&rsquo;un service : \u00ab\u00a0J&rsquo;ai un gros probl\u00e8me. J&rsquo;ai \u00e9t\u00e9 pi\u00e9g\u00e9e et drogu\u00e9e par des gens tr\u00e8s dangereux et organis\u00e9s&#8230; Est-ce que vous pourriez \u00eatre mon alibi ? Il suffit juste de dire que nous \u00e9tions ensemble dans la nuit de vendredi \u00e0 samedi. J&rsquo;ai vraiment besoin de vous. Si je tombe, ma fille va se retrouver toute seule !\u00a0\u00bb Louis se retrouve dans une situation particuli\u00e8rement d\u00e9licate&#8230;<\/p>\n<p>            Plus belle la vie en avance : Jules explose de col\u00e8re !<\/p>\n<p>Jules et Chlo\u00e9 sont r\u00e9volt\u00e9s. Ils viennent de visiter appartement insalubre propos\u00e9 \u00e0 un prix exorbitant.  Indign\u00e9, Jules bougonne et d\u00e9nonce la prolif\u00e9ration des locations saisonni\u00e8res sur la ville de Marseille&#8230; Selon lui, les propri\u00e9taires r\u00e9novent uniquement les logements destin\u00e9s aux touristes, d\u00e9laissant ceux r\u00e9serv\u00e9s aux habitants de la ville. Chlo\u00e9 tente de le calmer. En vain. L&rsquo;\u00e9tudiant en journalisme se met \u00e0 hurler en bas de l\u2019immeuble : \u00ab\u00a0Sale voleur ! Rendez les logements aux Marseillais ! On n\u2019en peut plus des locations saisonni\u00e8res. Marseille n\u2019appartient pas qu\u2019aux touristes.\u00a0\u00bb Et ce dernier ne s&rsquo;arr\u00eate pas l\u00e0 ! Jules voit une bo\u00eete \u00e0 cl\u00e9s et lui ass\u00e8ne un \u00e9norme coup de pied. La petite boite vole en mille morceaux. Surpris, l&rsquo;agent immobilier r\u00e9appara\u00eet \u00e0 la fen\u00eatre et leur promet qu&rsquo;il portera plainte pour vandalisme. Quelques heures plus tard, il s&rsquo;ex\u00e9cute, et d\u00e9pose plainte aupr\u00e8s de Morgane&#8230; Qui semble \u00eatre g\u00ean\u00e9e !<\/p>\n","protected":false},"excerpt":{"rendered":"Ariane a besoin des services de Louis, Barbara est de retour au Mistral et Jules explose de col\u00e8re&#8230;&hellip;\n","protected":false},"author":2,"featured_media":134536,"comment_status":"","ping_status":"","sticky":false,"template":"","format":"standard","meta":{"footnotes":""},"categories":[1356],"tags":[244,58,1367,7313,7312,7314,7315,7316,59,1011,27,5249,1368,7309,7311,7310,252,199,2175,1364],"class_list":{"0":"post-134535","1":"post","2":"type-post","3":"status-publish","4":"format-standard","5":"has-post-thumbnail","7":"category-television","8":"tag-commentaire","9":"tag-divertissement","10":"tag-encore-plus-belle","11":"tag-encore-plus-belle-182024-0120-pm-plug-rtl","12":"tag-encore-plus-belle-192024-1145-am-rts-un","13":"tag-encore-plus-belle-saison-1-52152789","14":"tag-encore-plus-belle-su00e9rie-52152788","15":"tag-encore-plus-belle-le-doc-u00e9vu00e8nement-292024-0905-pm-tfx","16":"tag-entertainment","17":"tag-fr","18":"tag-france","19":"tag-mytf1-max","20":"tag-plus-belle-la-vie","21":"tag-plus-belle-la-vie-en-avance","22":"tag-ru00e9sumu00e9-plus-belle-la-vie","23":"tag-ru00e9sumu00e9-plus-belle-la-vie-en-avance","24":"tag-television","25":"tag-tf1","26":"tag-tl-story","27":"tag-tv"},"share_on_mastodon":{"url":"","error":"Validation failed: Text character limit of 500 exceeded"},"_links":{"self":[{"href":"https:\/\/www.europesays.com\/fr\/wp-json\/wp\/v2\/posts\/134535","targetHints":{"allow":["GET"]}}],"collection":[{"href":"https:\/\/www.europesays.com\/fr\/wp-json\/wp\/v2\/posts"}],"about":[{"href":"https:\/\/www.europesays.com\/fr\/wp-json\/wp\/v2\/types\/post"}],"author":[{"embeddable":true,"href":"https:\/\/www.europesays.com\/fr\/wp-json\/wp\/v2\/users\/2"}],"replies":[{"embeddable":true,"href":"https:\/\/www.europesays.com\/fr\/wp-json\/wp\/v2\/comments?post=134535"}],"version-history":[{"count":0,"href":"https:\/\/www.europesays.com\/fr\/wp-json\/wp\/v2\/posts\/134535\/revisions"}],"wp:featuredmedia":[{"embeddable":true,"href":"https:\/\/www.europesays.com\/fr\/wp-json\/wp\/v2\/media\/134536"}],"wp:attachment":[{"href":"https:\/\/www.europesays.com\/fr\/wp-json\/wp\/v2\/media?parent=134535"}],"wp:term":[{"taxonomy":"category","embeddable":true,"href":"https:\/\/www.europesays.com\/fr\/wp-json\/wp\/v2\/categories?post=134535"},{"taxonomy":"post_tag","embeddable":true,"href":"https:\/\/www.europesays.com\/fr\/wp-json\/wp\/v2\/tags?post=134535"}],"curies":[{"name":"wp","href":"https:\/\/api.w.org\/{rel}","templated":true}]}}