{"id":134539,"date":"2025-05-28T14:44:11","date_gmt":"2025-05-28T14:44:11","guid":{"rendered":"https:\/\/www.europesays.com\/fr\/134539\/"},"modified":"2025-05-28T14:44:11","modified_gmt":"2025-05-28T14:44:11","slug":"vosges-que-devient-la-vosgienne-suzanne-claudel-heroine-du-documentaire-a-succes-suzanne-jour-apres-jour","status":"publish","type":"post","link":"https:\/\/www.europesays.com\/fr\/134539\/","title":{"rendered":"Vosges. Que devient la Vosgienne Suzanne Claudel, h\u00e9ro\u00efne du documentaire \u00e0 succ\u00e8s \u201cSuzanne, jour apr\u00e8s jour\u201d ?"},"content":{"rendered":"<p>Deux ans apr\u00e8s <a href=\"https:\/\/www.vosgesmatin.fr\/culture-loisirs\/2023\/03\/22\/remiremont-600-spectateurs-pour-l-avant-premiere-de-suzanne-jour-apres-jour-sur-cette-femme-qui-vit-dans-une-ferme-isolee-sans-electricite-a-rochesson\" target=\"_blank\" rel=\"noopener\">la premi\u00e8re projection du documentaire sur sa vie<\/a> qui a touch\u00e9 tant de spectateurs, elle n\u2019a pas chang\u00e9, ou presque. \u00c0 95 printemps, Suzanne Claudel n\u2019a rien perdu de sa joie de vivre et de son naturel. Ceux-l\u00e0 m\u00eames qui ont travers\u00e9 l\u2019\u00e9cran dans <a href=\"https:\/\/www.vosgesmatin.fr\/societe\/2023\/06\/15\/le-documentaire-suzanne-jour-apres-jour-qui-a-deja-recu-un-accueil-exceptionnel-de-la-part-du\" target=\"_blank\" rel=\"noopener\">Suzanne, jour apr\u00e8s jour<\/a>. Un film de 90 minutes, sorti en 2023, dans lequel on d\u00e9couvre le quotidien de cette ancienne professeure de math\u00e9matiques.<\/p>\n<p><a href=\"https:\/\/www.vosgesmatin.fr\/culture-loisirs\/2023\/03\/15\/rochesson-la-sobriete-heureuse-de-suzanne-claudel-qui-vit-dans-une-ferme-isolee-sans-electricite-au-cinema\" target=\"_blank\" rel=\"noopener\">Un quotidien parfois rude<\/a> , dans la ferme familiale nich\u00e9e sur les hauteurs de Rochesson, sans eau courante, ni \u00e9lectricit\u00e9. Mais pas d\u00e9nu\u00e9 de bonheur. Un quotidien t\u00e9moin d\u2019une \u00ab sobri\u00e9t\u00e9 heureuse \u00bb, bas\u00e9 sur le strict n\u00e9cessaire, entre culture du potager, t\u00e2ches m\u00e9nag\u00e8res et mots crois\u00e9s, que la nonag\u00e9naire a malheureusement d\u00fb en partie d\u00e9laisser. \u00ab Je ne me sentais plus de conduire et donc je ne pouvais plus rester l\u00e0-haut. J\u2019ai donc d\u00e9m\u00e9nag\u00e9 \u00bb, confie-t-elle en souriant. \u00ab Je retournais dans la ferme assez r\u00e9guli\u00e8rement jusqu\u2019\u00e0 l\u2019ann\u00e9e derni\u00e8re. Il faut juste quelqu\u2019un pour m\u2019y emmener. \u00bb<\/p>\n<p>  Une vie toujours simple entre \u00ab tricot \u00bb et \u00ab commissions \u00bb<\/p>\n<p>Pour le reste en revanche, rien n\u2019a chang\u00e9. Suzanne Claudel continue de vivre simplement. De faire sa \u00ab popote \u00bb comme elle dit, avec son \u00ab tricot \u00bb, \u00ab les commissions \u00bb et quelques petits plaisirs qu\u2019elle ne se refuse pas.<\/p>\n<p>Ce contenu est bloqu\u00e9 car vous n&rsquo;avez pas accept\u00e9 les cookies et autres traceurs.<\/p>\n<p>En cliquant sur \u00ab J\u2019accepte \u00bb, les cookies et autres traceurs seront d\u00e9pos\u00e9s et vous pourrez visualiser les contenus  (<a href=\"\" class=\"consentModule_policy\" target=\"_blank\" title=\"Consulter la politique de protection des donn\u00e9es du fournisseur\">plus d&rsquo;informations<\/a>).<\/p>\n<p>En cliquant sur \u00ab J\u2019accepte tous les cookies \u00bb, vous autorisez des d\u00e9p\u00f4ts de cookies et autres traceurs pour le stockage de vos donn\u00e9es sur nos sites et applications \u00e0 des fins de personnalisation et de ciblage publicitaire.<\/p>\n<p class=\"consentModule_secondaryText\">Vous gardez la possibilit\u00e9 de retirer votre consentement \u00e0 tout moment en consultant notre <a href=\"https:\/\/www.vosgesmatin.fr\/protection-des-donnees\" target=\"_blank\" title=\"Consulter notre politique de protection des donn\u00e9es\" rel=\"noopener\">politique de protection des donn\u00e9es<\/a>. <br \/>&#13;<br \/>\n            <a href=\"https:\/\/www.vosgesmatin.fr\/culture-loisirs\/2025\/05\/28\/javascript:Didomi.notice.show()\" class=\"consentModule_cmp\" target=\"_blank\" rel=\"noopener\">G\u00e9rer mes choix<\/a>&#13;\n        <\/p>\n<p>&#13;<br \/>\n                        J&rsquo;accepte&#13;<br \/>\n            J&rsquo;accepte tous les cookies&#13;\n        <\/p>\n<p>Comme une bonne bi\u00e8re fra\u00eeche, \u00e0 l\u2019image de celle d\u00e9gust\u00e9e ce dimanche lors de l\u2019\u00e9v\u00e9nement \u00ab Cultivons nos passions \u00bb organis\u00e9 par <a href=\"https:\/\/www.vosgesmatin.fr\/environnement\/2024\/06\/19\/quand-l-utopie-devient-realite-a-rochesson-l-ancien-hotel-restaurant-pourrait-devenir-un-tiers-lieu\" target=\"_blank\" rel=\"noopener\">l\u2019association Les Monts de l\u2019Utopie<\/a> et au cours duquel \u00e9tait projet\u00e9 le documentaire. \u00ab Je sors environ une fois par semaine pour jouer \u00e0 la belote, au Rumikub\u2026 \u00bb<\/p>\n<p>  Des dizaines de courriers<\/p>\n<p>Dire que tout est comme avant serait toutefois omettre une certaine r\u00e9alit\u00e9. Depuis qu\u2019elle est apparue \u00e0 l\u2019\u00e9cran, la Rochenatte est devenue une star locale. \u00ab \u00c7a s\u2019est un peu calm\u00e9 mais au d\u00e9but, des gens me reconnaissaient\u2026 Je m\u2019en serais bien pass\u00e9 \u00bb, appuie-t-elle dans un rire qui traduit une certaine pudeur pour ne pas dire humilit\u00e9.<\/p>\n<p>De cette soudaine notori\u00e9t\u00e9, elle pr\u00e9f\u00e8re les tr\u00e8s nombreux courriers qu\u2019elle a re\u00e7us. Des t\u00e9moignages, tous bienveillants, de plusieurs pages pour certains. Des personnes qui lui font part de la fa\u00e7on dont le documentaire les a touch\u00e9s ou qui souhaitent simplement lui partager leur sympathie. \u00ab Des gens de Corse, de Bretagne m\u2019ont \u00e9crit\u2026 Je leur ai r\u00e9pondu. J\u2019en ai rencontr\u00e9 aussi\u2026 Et j\u2019ai retrouv\u00e9 d\u2019anciens \u00e9l\u00e8ves \u00bb, ajoute Suzanne Claudel, reconnaissante de toutes ces attentions manuscrites qu\u2019elle conserve bien pr\u00e9cieusement dans un dossier. \u00ab C\u2019est s\u00fbr que \u00e7a fait quelque chose \u00bb, admet-elle.<\/p>\n<p>\u00c0 ses c\u00f4t\u00e9s ce dimanche, St\u00e9phane Manchematin, cor\u00e9alisateur avec Serge Steyer, \u00e9voque lui aussi avec joie et reconnaissance <a href=\"https:\/\/www.vosgesmatin.fr\/culture-loisirs\/2023\/10\/23\/rochesson-apres-le-festival-international-de-liepzig-le-documentaire-suzanne-jour-apres-jour-en-tournee-dans-les-vosges\" target=\"_blank\" rel=\"noopener\">l\u2019aventure que repr\u00e9sente ce documentaire<\/a>. Du tournage jusqu\u2019\u00e0 l\u2019accueil incroyable qui lui a \u00e9t\u00e9 r\u00e9serv\u00e9. \u00ab Comme Suzanne le dit bien, on ne s\u2019attendait pas \u00e0 tout \u00e7a. Avoir 1 200 personnes pour l\u2019avant-premi\u00e8re\u2026 Autant de bons retours\u2026 Les gens ressortaient des projections avec le sourire. Et ce qui leur a plu, c\u2019est le caract\u00e8re de Suzanne. Sa bonne humeur \u00bb, note le cin\u00e9aste qui a nou\u00e9 de forts liens avec la vieille dame.<\/p>\n<p>S\u00e9lectionn\u00e9 dans dix festivals en France et \u00e0 l\u2019\u00e9tranger, vu par des centaines de milliers de t\u00e9l\u00e9spectateurs sur France 3 et en replay, Suzanne, jour apr\u00e8s jour a aussi d\u00e9pass\u00e9 les 5 000 spectateurs lors de la tourn\u00e9e focus film dans le Grand Est. Une \u00ab vie extraordinaire \u00bb pour un documentaire, qui se poursuit au festival international du film Nancy Lorraine en juin.<\/p>\n","protected":false},"excerpt":{"rendered":"Deux ans apr\u00e8s la premi\u00e8re projection du documentaire sur sa vie qui a touch\u00e9 tant de spectateurs, elle&hellip;\n","protected":false},"author":2,"featured_media":134540,"comment_status":"","ping_status":"","sticky":false,"template":"","format":"standard","meta":{"footnotes":""},"categories":[1354],"tags":[24364,650,1687,58,1798,59,107,1346,1011,27,1757,1360,26050,774],"class_list":{"0":"post-134539","1":"post","2":"type-post","3":"status-publish","4":"format-standard","5":"has-post-thumbnail","7":"category-films","8":"tag-cc-des-hautes-vosges-88b","9":"tag-cinema","10":"tag-culture-loisirs","11":"tag-divertissement","12":"tag-edition-remiremont-gerardmer","13":"tag-entertainment","14":"tag-fil-info","15":"tag-films","16":"tag-fr","17":"tag-france","18":"tag-insolite","19":"tag-movies","20":"tag-rochesson","21":"tag-vosges"},"share_on_mastodon":{"url":"https:\/\/pubeurope.com\/@fr\/114585997524962412","error":""},"_links":{"self":[{"href":"https:\/\/www.europesays.com\/fr\/wp-json\/wp\/v2\/posts\/134539","targetHints":{"allow":["GET"]}}],"collection":[{"href":"https:\/\/www.europesays.com\/fr\/wp-json\/wp\/v2\/posts"}],"about":[{"href":"https:\/\/www.europesays.com\/fr\/wp-json\/wp\/v2\/types\/post"}],"author":[{"embeddable":true,"href":"https:\/\/www.europesays.com\/fr\/wp-json\/wp\/v2\/users\/2"}],"replies":[{"embeddable":true,"href":"https:\/\/www.europesays.com\/fr\/wp-json\/wp\/v2\/comments?post=134539"}],"version-history":[{"count":0,"href":"https:\/\/www.europesays.com\/fr\/wp-json\/wp\/v2\/posts\/134539\/revisions"}],"wp:featuredmedia":[{"embeddable":true,"href":"https:\/\/www.europesays.com\/fr\/wp-json\/wp\/v2\/media\/134540"}],"wp:attachment":[{"href":"https:\/\/www.europesays.com\/fr\/wp-json\/wp\/v2\/media?parent=134539"}],"wp:term":[{"taxonomy":"category","embeddable":true,"href":"https:\/\/www.europesays.com\/fr\/wp-json\/wp\/v2\/categories?post=134539"},{"taxonomy":"post_tag","embeddable":true,"href":"https:\/\/www.europesays.com\/fr\/wp-json\/wp\/v2\/tags?post=134539"}],"curies":[{"name":"wp","href":"https:\/\/api.w.org\/{rel}","templated":true}]}}