{"id":13454,"date":"2025-04-09T20:06:10","date_gmt":"2025-04-09T20:06:10","guid":{"rendered":"https:\/\/www.europesays.com\/fr\/13454\/"},"modified":"2025-04-09T20:06:10","modified_gmt":"2025-04-09T20:06:10","slug":"dahbia-benkired-sera-jugee-aux-assises-en-2025","status":"publish","type":"post","link":"https:\/\/www.europesays.com\/fr\/13454\/","title":{"rendered":"Dahbia Benkired sera jug\u00e9e aux assises en 2025"},"content":{"rendered":"<p>            Par<br \/>\n        <strong><br \/>\n            <a href=\"https:\/\/actu.fr\/auteur\/redaction-paris\" title=\"Consulter tous les articles de R\u00e9daction Paris\" rel=\"nofollow noopener\" target=\"_blank\">R\u00e9daction Paris<\/a><br \/>\n        <\/strong><\/p>\n<p>        Publi\u00e9 le<\/p>\n<p>            8 avr. 2025 \u00e0 20h36        <\/p>\n<p>Le meurtre barbare avait suscit\u00e9 une tr\u00e8s vive \u00e9motion.\u00a0On conna\u00eet d\u00e9sormais la date du <strong>proc\u00e8s aux assises<\/strong> de <a href=\"https:\/\/actu.fr\/ile-de-france\/paris_75056\/meurtre-de-lola-a-paris-un-proces-aux-assises-ordonne-contre-dahbia-b-l-irresponsabilite-penale-ecartee_61873018.html\" rel=\"nofollow noopener\" target=\"_blank\">Paris<\/a> de Dahbia Benkired, accus\u00e9e d\u2019avoir tu\u00e9 <strong><a href=\"https:\/\/actu.fr\/ile-de-france\/paris_75056\/meurtre-de-lola-a-paris-un-an-apres-ou-en-est-l-enquete_60204602.html\" rel=\"nofollow noopener\" target=\"_blank\">Lola<\/a><\/strong>, 12\u00a0ans, fin 2022 dans la capitale. Il se tiendra du 20 au 24\u00a0octobre 2025, a appris l\u2019AFP mardi de source proche du dossier. En novembre\u00a02024, la <strong><a href=\"https:\/\/actu.fr\/ile-de-france\/paris_75056\/meurtre-de-lola-a-paris-un-proces-aux-assises-ordonne-contre-dahbia-b-l-irresponsabilite-penale-ecartee_61873018.html\" rel=\"nofollow noopener\" target=\"_blank\">responsabilit\u00e9 p\u00e9nale<\/a><\/strong> de la mise en cause avait \u00e9t\u00e9 confirm\u00e9e par un juge d\u2019instruction, aucune pathologie psychiatrique majeure n\u2019ayant \u00e9t\u00e9 diagnostiqu\u00e9e.<\/p>\n<p>Jug\u00e9e pour meurtre, viol et torture<\/p>\n<p class=\" wall-content\">Dahbia Benkired, n\u00e9e en 1998, doit compara\u00eetre pour \u00ab\u2009le <strong>meurtre d\u2019une mineure de moins de 15\u00a0ans<\/strong> accompagn\u00e9 ou pr\u00e9c\u00e9d\u00e9 d\u2019un viol, de torture ou d\u2019actes de barbarie ainsi que pour viol commis sur un mineur avec torture ou acte de barbarie\u2009\u00bb, avait indiqu\u00e9 le parquet de Paris en novembre, lorsque le juge d\u2019instruction avait rendu son ordonnance de renvoi.<\/p>\n<p class=\" wall-content wall-content\">Le vendredi 14\u00a0octobre 2022, Lola, qui n\u2019\u00e9tait pas rentr\u00e9e du coll\u00e8ge dans l\u2019apr\u00e8s-midi, \u00e9tait\u00a0<strong>retrouv\u00e9e sans vie dans une caisse en plastique<\/strong>, dans la cour int\u00e9rieure de l\u2019immeuble de la capitale, o\u00f9 elle habitait. En cherchant sa fille, son p\u00e8re, gardien de la r\u00e9sidence d\u00e9c\u00e9d\u00e9 depuis, avait vu sur les images de vid\u00e9osurveillance Lola entrer dans le hall avec une inconnue. Cette derni\u00e8re \u00e9tait ressortie de l\u2019immeuble vers 17\u00a0heures, tirant de lourds bagages dont une malle en plastique.<\/p>\n<p class=\" wall-content\">La Brigade criminelle avait\u00a0<a href=\"https:\/\/actu.fr\/ile-de-france\/paris_75056\/meurtre-de-lola-la-principale-suspecte-mise-en-examen-et-placee-en-detention-provisoire_54563980.html\" rel=\"nofollow noopener\" target=\"_blank\">interpell\u00e9 d\u00e8s le samedi matin Dahbia Benkired<\/a>, une jeune Alg\u00e9rienne n\u00e9e en 1998, entr\u00e9e l\u00e9galement en France en 2016 avec un titre de s\u00e9jour d\u2019\u00e9tudiant, sous le coup d\u2019une\u00a0<a href=\"https:\/\/actu.fr\/faits-divers\/meurtre-de-philippine-pourquoi-l-oqtf-n-est-presque-jamais-appliquee-en-france_61653782.html\" rel=\"nofollow noopener\" target=\"_blank\">obligation de quitter le territoire fran\u00e7ais<\/a> (OQTF) depuis deux mois. L\u2019inex\u00e9cution de cette mesure avait suscit\u00e9 de virulentes critiques \u00e0 droite et \u00e0 l\u2019extr\u00eame droite. Le gouvernement avait en retour fustig\u00e9 \u00ab\u2009l\u2019ind\u00e9cence\u2009\u00bb de cette \u00ab\u2009r\u00e9cup\u00e9ration politique\u2009\u00bb.<\/p>\n<p class=\" wall-content\"><strong>Avec AFP.<\/strong><\/p>\n<p class=\" wall-content\">Suivez toute l\u2019actualit\u00e9 de vos villes et m\u00e9dias favoris en vous inscrivant \u00e0 <a href=\"https:\/\/moncompte.actu.fr\" title=\"D\u00e9couvez Mon Actu\" rel=\"nofollow noopener\" data-trk=\"{&quot;cta&quot;:{&quot;action&quot;:&quot;https:\\\/\\\/moncompte.actu.fr&quot;,&quot;category&quot;:&quot;mon compte&quot;,&quot;from&quot;:&quot;article footer&quot;,&quot;name&quot;:&quot;Mon actu&quot;,&quot;type&quot;:&quot;cta&quot;}}\" target=\"_blank\">Mon Actu<\/a>.<\/p>\n","protected":false},"excerpt":{"rendered":"Par R\u00e9daction Paris Publi\u00e9 le 8 avr. 2025 \u00e0 20h36 Le meurtre barbare avait suscit\u00e9 une tr\u00e8s vive&hellip;\n","protected":false},"author":2,"featured_media":13455,"comment_status":"","ping_status":"","sticky":false,"template":"","format":"standard","meta":{"footnotes":""},"categories":[1888],"tags":[11,1777,674,1011,27,303,777,12,626,2694,25,104],"class_list":{"0":"post-13454","1":"post","2":"type-post","3":"status-publish","4":"format-standard","5":"has-post-thumbnail","7":"category-paris","8":"tag-actualites","9":"tag-eu","10":"tag-europe","11":"tag-fr","12":"tag-france","13":"tag-justice","14":"tag-meurtre","15":"tag-news","16":"tag-paris","17":"tag-proces","18":"tag-republique-francaise","19":"tag-societe"},"share_on_mastodon":{"url":"https:\/\/pubeurope.com\/@fr\/114309810403543798","error":""},"_links":{"self":[{"href":"https:\/\/www.europesays.com\/fr\/wp-json\/wp\/v2\/posts\/13454","targetHints":{"allow":["GET"]}}],"collection":[{"href":"https:\/\/www.europesays.com\/fr\/wp-json\/wp\/v2\/posts"}],"about":[{"href":"https:\/\/www.europesays.com\/fr\/wp-json\/wp\/v2\/types\/post"}],"author":[{"embeddable":true,"href":"https:\/\/www.europesays.com\/fr\/wp-json\/wp\/v2\/users\/2"}],"replies":[{"embeddable":true,"href":"https:\/\/www.europesays.com\/fr\/wp-json\/wp\/v2\/comments?post=13454"}],"version-history":[{"count":0,"href":"https:\/\/www.europesays.com\/fr\/wp-json\/wp\/v2\/posts\/13454\/revisions"}],"wp:featuredmedia":[{"embeddable":true,"href":"https:\/\/www.europesays.com\/fr\/wp-json\/wp\/v2\/media\/13455"}],"wp:attachment":[{"href":"https:\/\/www.europesays.com\/fr\/wp-json\/wp\/v2\/media?parent=13454"}],"wp:term":[{"taxonomy":"category","embeddable":true,"href":"https:\/\/www.europesays.com\/fr\/wp-json\/wp\/v2\/categories?post=13454"},{"taxonomy":"post_tag","embeddable":true,"href":"https:\/\/www.europesays.com\/fr\/wp-json\/wp\/v2\/tags?post=13454"}],"curies":[{"name":"wp","href":"https:\/\/api.w.org\/{rel}","templated":true}]}}