{"id":134541,"date":"2025-05-28T14:45:16","date_gmt":"2025-05-28T14:45:16","guid":{"rendered":"https:\/\/www.europesays.com\/fr\/134541\/"},"modified":"2025-05-28T14:45:16","modified_gmt":"2025-05-28T14:45:16","slug":"autour-de-la-clinique-nct-le-stationnement-fait-defaut","status":"publish","type":"post","link":"https:\/\/www.europesays.com\/fr\/134541\/","title":{"rendered":"autour de la clinique NCT +, le stationnement fait d\u00e9faut"},"content":{"rendered":"<p>Elles ne restent pas vides plus de dix minutes. Autour de la clinique NCT +\u00a0(l\u2019Alliance) \u00e0 Saint-Cyr-sur-Loire, les places de parking sont devenues une denr\u00e9e rare. Depuis que le parking de la clinique est <a target=\"_self\" href=\"https:\/\/www.lanouvellerepublique.fr\/indre-et-loire\/commune\/saint-cyr-sur-loire\/saint-cyr-sur-loire-stationnement-payant-apres-une-heure-a-l-alliance\" rel=\"nofollow noopener\">devenu payant<\/a> en 2019, les patients de l\u2019\u00e9tablissement de sant\u00e9 se garent comme ils peuvent dans les rues adjacentes et sur les parkings normalement destin\u00e9s \u00e0 accueillir les clients des commerces situ\u00e9s dans la zone.<\/p>\n<p>\u00ab\u00a0Le fait que la clinique fasse payer, les gens se garent ici et vont l\u00e0-bas ensuite\u00a0\u00bb, constate Bastien Guerche, cog\u00e9rant de l\u2019\u00e9picerie fine italienne Bottega Bastiano. Depuis son installation il y a trois ans, le g\u00e9rant de l\u2019\u00e9picerie voit les places de parking devant son magasin \u00eatre occup\u00e9es par les patients de la clinique (ainsi que par\u00a0les ouvriers des chantiers alentour, d\u2019ailleurs).<\/p>\n<p>\u00ab\u00a0Le parking est devenu une vraie limite\u00a0\u00bb<\/p>\n<p>\u00ab\u00a0Le parking a \u00e9t\u00e9 sous-\u00e9valu\u00e9\u00a0\u00bb, d\u00e9plore le g\u00e9rant pour qui le stationnement est le \u00ab\u00a0seul point noir\u00a0\u00bb. Avec une progression constante de 15 \u00e0 20\u00a0%, les affaires marchent. Mais pour le commer\u00e7ant, \u00ab\u00a0le parking est devenu une vraie limite\u00a0\u00bb dans le d\u00e9veloppement de son activit\u00e9. Et pour cause, la zone devient de plus en plus attractive. \u00ab\u00a0Nous avons des pics de fr\u00e9quentation. La zone est en train d\u2019exploser et \u00e7a devient de plus en plus compliqu\u00e9\u00a0\u00bb, ajoute de son c\u00f4t\u00e9 Antonin Dubois, patron du bar Chez Dub&rsquo;.<\/p>\n<p>Le bar, qui vit plut\u00f4t en dehors des horaires des consultations m\u00e9dicales, craint de voir une situation qui se d\u00e9grade dans un futur proche. \u00ab\u00a0Avec les constructions pr\u00e9vues en face (un nouveau b\u00e2timent est en train de sortir de terre), nous allons vraiment avoir un gros probl\u00e8me\u00a0\u00bb, estime Antonin Dubois pour qui \u00ab\u00a0la peur, c\u2019est aussi de voir Grand Frais qui se mettrait \u00e0 appliquer des mesures (contre les automobilistes qui ne veulent pas payer le parking de la clinique).\u00a0\u00bb<\/p>\n<p><img alt=\"De nombreuses places sont disponibles sur le parking de la clinique.\" loading=\"lazy\" width=\"980\" height=\"573\" decoding=\"async\" data-nimg=\"1\" class=\"img-responsive spinner-show\" style=\"color:transparent;background-size:cover;background-position:50% 50%;background-repeat:no-repeat;background-image:url(&quot;data:image\/svg+xml;charset=utf-8,%3Csvg xmlns=\" http:=\"\" viewbox=\"0 0 980 573\" id=\"b\" color-interpolation-filters=\"sRGB\" stddeviation=\"20\" values=\"1 0 0 0 0 0 1 0 0 0 0 0 1 0 0 0 0 0 100 -1\" result=\"s\" x=\"0\" y=\"0\" operator=\"out\" in=\"s\" in2=\"SourceGraphic\" preserveaspectratio=\"none\" href=\"https:\/\/images.lanouvellerepublique.fr\/image\/upload\/t_88w\/f_auto\/683618dfeeb061957f8b4580.jpg\"   src=\"https:\/\/www.europesays.com\/fr\/wp-content\/uploads\/2025\/05\/683618dfeeb061957f8b4580.jpg\"\/><\/p>\n<p style=\"background-color:#F2F2F2;padding:5px;margin-top:0px;margin-bottom:10px\">De nombreuses places sont disponibles sur le parking de la clinique.<br \/> \u00a9 (Photo NR, Pierre Veill\u00e9)<\/p>\n<p>En attendant, d\u2019autres ont d\u00e9j\u00e0 saut\u00e9 le pas. Pour \u00e9viter de voir leurs places chass\u00e9es, le p\u00f4le \u00c9quaSant\u00e9 (dont les praticiens \u00e9taient vent debout contre le parking payant de la clinique) a mis en place des barri\u00e8res avec un code que seuls les patients d\u00e9tiennent pour sortir du parking. Pendant ce temps-l\u00e0, le parking de la clinique ne conna\u00eet pas l\u2019embolie.<\/p>\n<p>Un tarif progressif \u00e0 la clinique<\/p>\n<p>Le parking de la clinique NCT+ est gratuit pendant une heure. Ensuite, il faut s\u2019acquitter de 2\u00a0\u20ac si vous restez entre 1\u00a0h et 1\u00a0h\u00a015. Au-del\u00e0, de 1\u00a0h\u00a015 \u00e0 2\u00a0h, les 15\u00a0minutes vous co\u00fbtent 0,50\u00a0\u20ac\u00a0; 0,40\u00a0\u20ac les 15 minutes de 2\u00a0h \u00e0 4\u00a0h\u00a0; 0,20\u00a0\u20ac les 15 minutes de 4\u00a0h \u00e0 8\u00a0h\u00a0; 0,10\u00a0\u20ac\u00a0les 15 minutes de 8\u00a0h \u00e0 24\u00a0h de stationnement.<\/p>\n","protected":false},"excerpt":{"rendered":"Elles ne restent pas vides plus de dix minutes. Autour de la clinique NCT +\u00a0(l\u2019Alliance) \u00e0 Saint-Cyr-sur-Loire, les&hellip;\n","protected":false},"author":2,"featured_media":134542,"comment_status":"","ping_status":"","sticky":false,"template":"","format":"standard","meta":{"footnotes":""},"categories":[10],"tags":[1392,33,1011,27,72,22962,71,1390,1352],"class_list":{"0":"post-134541","1":"post","2":"type-post","3":"status-publish","4":"format-standard","5":"has-post-thumbnail","7":"category-sante","8":"tag-a-la-une-local","9":"tag-economie","10":"tag-fr","11":"tag-france","12":"tag-health","13":"tag-saint-cyr-sur-loire","14":"tag-sante","15":"tag-tours","16":"tag-urbanisme"},"share_on_mastodon":{"url":"https:\/\/pubeurope.com\/@fr\/114586001428937909","error":""},"_links":{"self":[{"href":"https:\/\/www.europesays.com\/fr\/wp-json\/wp\/v2\/posts\/134541","targetHints":{"allow":["GET"]}}],"collection":[{"href":"https:\/\/www.europesays.com\/fr\/wp-json\/wp\/v2\/posts"}],"about":[{"href":"https:\/\/www.europesays.com\/fr\/wp-json\/wp\/v2\/types\/post"}],"author":[{"embeddable":true,"href":"https:\/\/www.europesays.com\/fr\/wp-json\/wp\/v2\/users\/2"}],"replies":[{"embeddable":true,"href":"https:\/\/www.europesays.com\/fr\/wp-json\/wp\/v2\/comments?post=134541"}],"version-history":[{"count":0,"href":"https:\/\/www.europesays.com\/fr\/wp-json\/wp\/v2\/posts\/134541\/revisions"}],"wp:featuredmedia":[{"embeddable":true,"href":"https:\/\/www.europesays.com\/fr\/wp-json\/wp\/v2\/media\/134542"}],"wp:attachment":[{"href":"https:\/\/www.europesays.com\/fr\/wp-json\/wp\/v2\/media?parent=134541"}],"wp:term":[{"taxonomy":"category","embeddable":true,"href":"https:\/\/www.europesays.com\/fr\/wp-json\/wp\/v2\/categories?post=134541"},{"taxonomy":"post_tag","embeddable":true,"href":"https:\/\/www.europesays.com\/fr\/wp-json\/wp\/v2\/tags?post=134541"}],"curies":[{"name":"wp","href":"https:\/\/api.w.org\/{rel}","templated":true}]}}