{"id":134555,"date":"2025-05-28T14:52:09","date_gmt":"2025-05-28T14:52:09","guid":{"rendered":"https:\/\/www.europesays.com\/fr\/134555\/"},"modified":"2025-05-28T14:52:09","modified_gmt":"2025-05-28T14:52:09","slug":"mathilde-panot-compare-le-port-du-voile-islamique-par-les-petites-filles-aux-baptemes-denfants-a-un-age-ou-ils-ne-sont-pas-capables-de-consentir","status":"publish","type":"post","link":"https:\/\/www.europesays.com\/fr\/134555\/","title":{"rendered":"Mathilde Panot compare le port du voile islamique par les petites filles aux bapt\u00eames d\u2019enfants \u00ab\u00e0 un \u00e2ge o\u00f9 ils ne sont pas capables de consentir\u00bb"},"content":{"rendered":"<p>Au micro de BFMTV ce mercredi, la cheffe de file du groupe LFI \u00e0 l\u2019Assembl\u00e9e nationale a \u00e9voqu\u00e9 le rapport sur l\u2019\u00abentrisme\u00bb des Fr\u00e8res musulmans publi\u00e9 par le minist\u00e8re de l\u2019Int\u00e9rieur en le qualifiant d\u2019\u00abislamophobe\u00bb.<\/p>\n<p class=\"fig-paragraph\">\u00ab\u00c7a suffit, c\u2019est grave ce qu\u2019il se passe dans notre pays\u00bb. La cheffe de file des d\u00e9put\u00e9s insoumis Mathilde Panot a exprim\u00e9 sa col\u00e8re ce mercredi sur BFMTV au sujet de l\u2019\u00abislamophobie\u00bb en France. Revenant sur le rapport choc sur les Fr\u00e8res musulmans publi\u00e9 par le minist\u00e8re de l\u2019Int\u00e9rieur, que Le Figaro avait\u00a0<a href=\"http:\/\/www.lefigaro.fr\/actualite-france\/reseaux-tentaculaires-organisation-secrete-quartiers-islamises-le-rapport-choc-sur-les-freres-musulmans-qui-veulent-instaurer-la-charia-en-france-20250520\" target=\"_blank\" data-fig-type=\"Article\" rel=\"noopener\" data-gtm-custom-categorie=\"navigation\" data-gtm-custom-action=\"crossclick\" data-gtm-custom-label=\"Contextuel\" data-gtm-event=\"customEventSPE\" data-fig-domain=\"LEFIGARO\">d\u00e9voil\u00e9 en exclusivit\u00e9<\/a>, l\u2019\u00e9lue a exprim\u00e9 le peu de cr\u00e9dibilit\u00e9 qu\u2019elle donnait \u00e0 ces 73 pages d\u2019enqu\u00eate, selon elle instrumentalis\u00e9s par le gouvernement.<\/p>\n<p class=\"fig-paragraph\">\u00abVous comprenez qu\u2019il y a un probl\u00e8me quand c\u2019est l\u2019ensemble des musulmans et musulmanes qui sont vis\u00e9s\u00bb, a-t-elle d\u00e9clar\u00e9. Et de citer comme exemple, l\u2019ancien pr\u00e9fet des Hauts-de-Seine qui aurait point\u00e9 les boucheries hallal, un non-sujet pour Mathilde Panot. Ou encore, \u00abun ancien premier ministre, M. Attal qui assume une mesure discriminatoire sur interdiction du voile avant 15 ans\u00bb. Le parti Renaissance, dirig\u00e9 par Gabriel Attal, a \u00e9labor\u00e9 une proposition de loi visant \u00e0\u00a0<a href=\"http:\/\/www.lefigaro.fr\/actualite-france\/face-a-l-offensive-des-freres-musulmans-l-etat-veut-frapper-tous-azimuts-20250520\" target=\"_blank\" data-fig-type=\"Article\" rel=\"noopener\" data-gtm-custom-categorie=\"navigation\" data-gtm-custom-action=\"crossclick\" data-gtm-custom-label=\"Contextuel\" data-gtm-event=\"customEventSPE\" data-fig-domain=\"LEFIGARO\">interdire le voile<\/a>\u00a0dans l\u2019espace public pour les mineures de moins de quinze ans, et pr\u00f4ne une \u00abdeuxi\u00e8me loi s\u00e9paratisme\u00bb apr\u00e8s celle adopt\u00e9e en 2021.<\/p>\n<p class=\"fig-paragraph\">\u00abIl dit que c\u2019est inacceptable de voir des petites filles voil\u00e9es\u00bb, oppose la journaliste de BFMTV. \u00abEst-ce que c\u2019est acceptable de voir un bapt\u00eame (d\u2019enfant) \u00e0 un \u00e2ge o\u00f9 ils ne sont pas capables de consentir\u00a0?\u00bb, r\u00e9torque Mathilde Panot. Rappelant qu\u2019\u00abil y a des gens qui quittent notre pays \u00e0 cause des discriminations\u00bb, la d\u00e9put\u00e9e a d\u00e9finitivement rejet\u00e9 toute critique sur l\u2019islam. \u00abL\u2019islamophobie tue, l\u2019islamophobie est dangereuse, il faut arr\u00eater avec ce qui d\u00e9truit la France\u00bb, a-t-elle martel\u00e9.<\/p>\n","protected":false},"excerpt":{"rendered":"Au micro de BFMTV ce mercredi, la cheffe de file du groupe LFI \u00e0 l\u2019Assembl\u00e9e nationale a \u00e9voqu\u00e9&hellip;\n","protected":false},"author":2,"featured_media":134556,"comment_status":"","ping_status":"","sticky":false,"template":"","format":"standard","meta":{"footnotes":""},"categories":[2],"tags":[11,426,427,422,423,1011,27,418,424,425,6269,420,421,12,419,316,429,428],"class_list":{"0":"post-134555","1":"post","2":"type-post","3":"status-publish","4":"format-standard","5":"has-post-thumbnail","7":"category-actualites","8":"tag-actualites","9":"tag-candidat","10":"tag-candidats","11":"tag-depute","12":"tag-deputes","13":"tag-fr","14":"tag-france","15":"tag-gouvernement","16":"tag-institution","17":"tag-institutions","18":"tag-islamophobie","19":"tag-loi","20":"tag-lois","21":"tag-news","22":"tag-opposition","23":"tag-politique","24":"tag-ps","25":"tag-ump"},"share_on_mastodon":{"url":"https:\/\/pubeurope.com\/@fr\/114586028819293398","error":""},"_links":{"self":[{"href":"https:\/\/www.europesays.com\/fr\/wp-json\/wp\/v2\/posts\/134555","targetHints":{"allow":["GET"]}}],"collection":[{"href":"https:\/\/www.europesays.com\/fr\/wp-json\/wp\/v2\/posts"}],"about":[{"href":"https:\/\/www.europesays.com\/fr\/wp-json\/wp\/v2\/types\/post"}],"author":[{"embeddable":true,"href":"https:\/\/www.europesays.com\/fr\/wp-json\/wp\/v2\/users\/2"}],"replies":[{"embeddable":true,"href":"https:\/\/www.europesays.com\/fr\/wp-json\/wp\/v2\/comments?post=134555"}],"version-history":[{"count":0,"href":"https:\/\/www.europesays.com\/fr\/wp-json\/wp\/v2\/posts\/134555\/revisions"}],"wp:featuredmedia":[{"embeddable":true,"href":"https:\/\/www.europesays.com\/fr\/wp-json\/wp\/v2\/media\/134556"}],"wp:attachment":[{"href":"https:\/\/www.europesays.com\/fr\/wp-json\/wp\/v2\/media?parent=134555"}],"wp:term":[{"taxonomy":"category","embeddable":true,"href":"https:\/\/www.europesays.com\/fr\/wp-json\/wp\/v2\/categories?post=134555"},{"taxonomy":"post_tag","embeddable":true,"href":"https:\/\/www.europesays.com\/fr\/wp-json\/wp\/v2\/tags?post=134555"}],"curies":[{"name":"wp","href":"https:\/\/api.w.org\/{rel}","templated":true}]}}