{"id":134557,"date":"2025-05-28T14:53:09","date_gmt":"2025-05-28T14:53:09","guid":{"rendered":"https:\/\/www.europesays.com\/fr\/134557\/"},"modified":"2025-05-28T14:53:09","modified_gmt":"2025-05-28T14:53:09","slug":"loire-il-porte-secours-aux-victimes-dun-accident-et-se-fait-mordre-loreille","status":"publish","type":"post","link":"https:\/\/www.europesays.com\/fr\/134557\/","title":{"rendered":"Loire : il porte secours aux victimes d&rsquo;un accident et se fait mordre l&rsquo;oreille"},"content":{"rendered":"<p>Samedi 24 mai, un homme a \u00e9t\u00e9 agress\u00e9 apr\u00e8s un accident de la route \u00e0 Saint-Genest-Lerpt, pr\u00e8s de Saint-\u00c9tienne, dans la Loire. La victime \u00e9tait pourtant venue porter secours aux passagers de la voiture.<\/p>\n<p>Une enqu\u00eate est ouverte \u00e0 <b>Saint-Genest-Lerpt<\/b> (Loire) apr\u00e8s un d\u00e9chainement de violence dans l&rsquo;apr\u00e8s-midi du samedi 24 mai.<\/p>\n<p>Un homme d&rsquo;une cinquantaine d&rsquo;ann\u00e9es a voulu porter secours \u00e0 une automobiliste victime d&rsquo;une perte de contr\u00f4le.<\/p>\n<p>Elle se trouvait dans sa voiture avec son fils, un quadrag\u00e9naire visiblement sous l&#8217;emprise de l&rsquo;alcool.<\/p>\n<p>Il propose son aide et se fait mordre l&rsquo;oreille<\/p>\n<p>Selon <a class=\"url\" href=\"https:\/\/www.leprogres.fr\/faits-divers-justice\/2025\/05\/28\/il-vient-en-aide-a-des-automobilistes-en-difficulte-et-se-fait-mordre-l-oreille\" target=\"_blank\" rel=\"noopener\">Le Progr\u00e8s<\/a>, le quadrag\u00e9naire, apr\u00e8s avoir refus\u00e9 son aide, s&rsquo;en est violemment pris \u00e0 lui.<\/p>\n<p>Il a commenc\u00e9 par insulter le quinquag\u00e9naire, avant de le rouer de coups et de le mordre \u00e0 l&rsquo;oreille. La fille de la victime a ensuite appel\u00e9 la police, ce qui a fait fuir l&rsquo;agresseur et sa propre m\u00e8re.<\/p>\n<p>La victime \u00e9vacu\u00e9e aux urgences<\/p>\n<p>Quant au bless\u00e9, il a \u00e9t\u00e9 conduit aux urgences de la clinique du Parc \u00e0 Saint-Priest-en-Jarez.<\/p>\n<p>L&rsquo;homme s&rsquo;est fait prescrire un arr\u00eat de travail \u00e0 dur\u00e9e ind\u00e9termin\u00e9e. Il a aussi port\u00e9 plainte.<\/p>\n<p><img loading=\"lazy\" decoding=\"async\" src=\"https:\/\/www.europesays.com\/fr\/wp-content\/uploads\/2025\/05\/1748443989_46_img\" width=\"350\" height=\"200\" border=\"0\" title=\"La commune d'Aveizieux (Loire)\"\/><\/p>\n<p>\u25baFaits divers<\/p>\n<p style=\"font-size: 22px;\"><b>Loire : une centaine d&rsquo;enfants \u00e9vacu\u00e9s pour une fuite de gaz<\/b><\/p>\n<p>Une canalisation a \u00e9t\u00e9 endommag\u00e9e, ce mardi 27&#8230;<\/p>\n<p><\/p>\n","protected":false},"excerpt":{"rendered":"Samedi 24 mai, un homme a \u00e9t\u00e9 agress\u00e9 apr\u00e8s un accident de la route \u00e0 Saint-Genest-Lerpt, pr\u00e8s de&hellip;\n","protected":false},"author":2,"featured_media":134558,"comment_status":"","ping_status":"","sticky":false,"template":"","format":"standard","meta":{"footnotes":""},"categories":[9653],"tags":[1111,11,2430,1777,674,6017,1011,27,3367,12,25,9920,4001,17929],"class_list":{"0":"post-134557","1":"post","2":"type-post","3":"status-publish","4":"format-standard","5":"has-post-thumbnail","7":"category-saint-etienne","8":"tag-actu","9":"tag-actualites","10":"tag-auvergne-rhone-alpes","11":"tag-eu","12":"tag-europe","13":"tag-fait-divers","14":"tag-fr","15":"tag-france","16":"tag-loire","17":"tag-news","18":"tag-republique-francaise","19":"tag-saint-tienne","20":"tag-saint-etienne","21":"tag-saint-genest-lerpt"},"share_on_mastodon":{"url":"https:\/\/pubeurope.com\/@fr\/114586032935045502","error":""},"_links":{"self":[{"href":"https:\/\/www.europesays.com\/fr\/wp-json\/wp\/v2\/posts\/134557","targetHints":{"allow":["GET"]}}],"collection":[{"href":"https:\/\/www.europesays.com\/fr\/wp-json\/wp\/v2\/posts"}],"about":[{"href":"https:\/\/www.europesays.com\/fr\/wp-json\/wp\/v2\/types\/post"}],"author":[{"embeddable":true,"href":"https:\/\/www.europesays.com\/fr\/wp-json\/wp\/v2\/users\/2"}],"replies":[{"embeddable":true,"href":"https:\/\/www.europesays.com\/fr\/wp-json\/wp\/v2\/comments?post=134557"}],"version-history":[{"count":0,"href":"https:\/\/www.europesays.com\/fr\/wp-json\/wp\/v2\/posts\/134557\/revisions"}],"wp:featuredmedia":[{"embeddable":true,"href":"https:\/\/www.europesays.com\/fr\/wp-json\/wp\/v2\/media\/134558"}],"wp:attachment":[{"href":"https:\/\/www.europesays.com\/fr\/wp-json\/wp\/v2\/media?parent=134557"}],"wp:term":[{"taxonomy":"category","embeddable":true,"href":"https:\/\/www.europesays.com\/fr\/wp-json\/wp\/v2\/categories?post=134557"},{"taxonomy":"post_tag","embeddable":true,"href":"https:\/\/www.europesays.com\/fr\/wp-json\/wp\/v2\/tags?post=134557"}],"curies":[{"name":"wp","href":"https:\/\/api.w.org\/{rel}","templated":true}]}}