{"id":134567,"date":"2025-05-28T14:58:08","date_gmt":"2025-05-28T14:58:08","guid":{"rendered":"https:\/\/www.europesays.com\/fr\/134567\/"},"modified":"2025-05-28T14:58:08","modified_gmt":"2025-05-28T14:58:08","slug":"lineligibilite-dhubert-falco-confirmee-mais-son-execution-provisoire-levee","status":"publish","type":"post","link":"https:\/\/www.europesays.com\/fr\/134567\/","title":{"rendered":"l&rsquo;in\u00e9ligibilit\u00e9 d&rsquo;Hubert Falco confirm\u00e9e mais son ex\u00e9cution provisoire lev\u00e9e"},"content":{"rendered":"<p>Si la peine d\u2019in\u00e9ligibilit\u00e9 de cinq ans de l\u2019ex-maire de Toulon a \u00e9t\u00e9 confirm\u00e9e par la Cour de cassation, l\u2019emp\u00eachant de se pr\u00e9senter aux \u00e9lections municipales de 2026, la Cour supr\u00eame a lev\u00e9 l\u2019ex\u00e9cution provisoire, rappelant l\u2019exigence de contr\u00f4le de proportionnalit\u00e9.<\/p>\n<p class=\"fig-paragraph\">S\u2019ils condamnent, \u00e0 l\u2019automne prochain, Marine Le Pen dans les m\u00eames termes que ceux de la premi\u00e8re instance, le 31 mars 2025, les juges de la Cour d\u2019appel auront int\u00e9r\u00eat \u00e0 motiver tr\u00e8s pr\u00e9cis\u00e9ment leur d\u00e9cision.<\/p>\n<p class=\"fig-paragraph\">Ainsi vient de pr\u00e9venir la Cour de cassation qui a rendu, mercredi, un arr\u00eat concernant la condamnation d\u2019Hubert Falco, ancien maire de Toulon condamn\u00e9 en 2023 \u00e0 18 mois de prison avec sursis, 30\u00a0000 euros d\u2019amende et cinq ans d\u2019in\u00e9ligibilit\u00e9 avec ex\u00e9cution provisoire pour d\u00e9tournement de fonds publics au titre de son mandat de conseiller g\u00e9n\u00e9ral du Var. Certes la Cour supr\u00eame n\u2019est pas revenue sur la condamnation p\u00e9nale de l\u2019homme politique au fond et, de ce point de vue, n\u2019a pas renvoy\u00e9 l\u2019affaire devant une formation d\u2019appel.<\/p>\n<p class=\"fig-paragraph\">En revanche, elle a appliqu\u00e9 \u00e0 la lettre la d\u00e9cision du Conseil constitutionnel du 28 mars 2025 qui exige une motivation m\u00e9ticuleuse pour justifier de l\u2019\u2019ex\u00e9cution provisoire d\u2019une peine d\u2019in\u00e9ligibilit\u00e9. \u00abLe juge p\u00e9nal ne peut prononcer l\u2019ex\u00e9cution provisoire de la peine d\u2019in\u00e9ligibilit\u00e9 sans avoir appr\u00e9ci\u00e9 le caract\u00e8re proportionn\u00e9 que cette mesure est susceptible de porter \u00e0 l\u2019exercice des mandats en cours et \u00e0 la pr\u00e9servation de la libert\u00e9 de l\u2019\u00e9lecteur\u00bb, avaient rappel\u00e9 les avocats de l\u2019homme politique local, notant l\u2019absence de \u00abtout motif\u00bb.<\/p>\n<p class=\"fig-paragraph\">En effet, a rappel\u00e9 la cour, \u00abtout jugement ou arr\u00eat doit comporter les\u00a0<br \/>motifs propres \u00e0 justifier la d\u00e9cision. L\u2019insuffisance ou la contradiction des\u00a0<br \/>motifs \u00e9quivaut \u00e0 leur absence\u00bb. Dans l\u2019arr\u00eat attaqu\u00e9, estime la Cour, le juge s\u2019est born\u00e9 a rappel\u00e9 \u00abla gravit\u00e9 des manquements qui portent profond\u00e9ment atteinte \u00e0 l\u2019image des fonctions \u00e9lectives (&#8230;)\u00bb. Pour elle, \u00aben se d\u00e9terminant ainsi, sans rechercher si cette ex\u00e9cution provisoire portait une atteinte proportionn\u00e9e \u00e0 l\u2019exercice d\u2019un mandat en cours et \u00e0 la pr\u00e9servation de la libert\u00e9 de l\u2019\u00e9lecteur, la cour d\u2019appel n\u2019a pas justifi\u00e9 sa d\u00e9cision\u00bb.<\/p>\n<p class=\"fig-paragraph\">Pour autant, la condamnation en elle-m\u00eame n\u2019\u00e9tant pas contest\u00e9e par la Cour de cassation, son arr\u00eat ne change rien au sort de l\u2019ancien \u00e9dile.<\/p>\n","protected":false},"excerpt":{"rendered":"Si la peine d\u2019in\u00e9ligibilit\u00e9 de cinq ans de l\u2019ex-maire de Toulon a \u00e9t\u00e9 confirm\u00e9e par la Cour de&hellip;\n","protected":false},"author":2,"featured_media":134568,"comment_status":"","ping_status":"","sticky":false,"template":"","format":"standard","meta":{"footnotes":""},"categories":[9619],"tags":[1111,11,885,1182,1180,1181,4188,1777,674,1011,27,6192,1184,1185,12,1177,1176,149,1186,882,25,1178,1183,2310,1179],"class_list":{"0":"post-134567","1":"post","2":"type-post","3":"status-publish","4":"format-standard","5":"has-post-thumbnail","7":"category-toulon","8":"tag-actu","9":"tag-actualites","10":"tag-bouches-du-rhone","11":"tag-calanques","12":"tag-canebiere","13":"tag-cite-phoceenne","14":"tag-elections-municipales","15":"tag-eu","16":"tag-europe","17":"tag-fr","18":"tag-france","19":"tag-ineligibilite","20":"tag-la-timone","21":"tag-les-baumettes-mediterranee","22":"tag-news","23":"tag-notre-dame-de-la-garde","24":"tag-olympique-de-marseille","25":"tag-om","26":"tag-provence","27":"tag-provence-alpes-cote-dazur","28":"tag-republique-francaise","29":"tag-saint-charles","30":"tag-sormiou","31":"tag-toulon","32":"tag-vieux-port"},"share_on_mastodon":{"url":"https:\/\/pubeurope.com\/@fr\/114586052498049760","error":""},"_links":{"self":[{"href":"https:\/\/www.europesays.com\/fr\/wp-json\/wp\/v2\/posts\/134567","targetHints":{"allow":["GET"]}}],"collection":[{"href":"https:\/\/www.europesays.com\/fr\/wp-json\/wp\/v2\/posts"}],"about":[{"href":"https:\/\/www.europesays.com\/fr\/wp-json\/wp\/v2\/types\/post"}],"author":[{"embeddable":true,"href":"https:\/\/www.europesays.com\/fr\/wp-json\/wp\/v2\/users\/2"}],"replies":[{"embeddable":true,"href":"https:\/\/www.europesays.com\/fr\/wp-json\/wp\/v2\/comments?post=134567"}],"version-history":[{"count":0,"href":"https:\/\/www.europesays.com\/fr\/wp-json\/wp\/v2\/posts\/134567\/revisions"}],"wp:featuredmedia":[{"embeddable":true,"href":"https:\/\/www.europesays.com\/fr\/wp-json\/wp\/v2\/media\/134568"}],"wp:attachment":[{"href":"https:\/\/www.europesays.com\/fr\/wp-json\/wp\/v2\/media?parent=134567"}],"wp:term":[{"taxonomy":"category","embeddable":true,"href":"https:\/\/www.europesays.com\/fr\/wp-json\/wp\/v2\/categories?post=134567"},{"taxonomy":"post_tag","embeddable":true,"href":"https:\/\/www.europesays.com\/fr\/wp-json\/wp\/v2\/tags?post=134567"}],"curies":[{"name":"wp","href":"https:\/\/api.w.org\/{rel}","templated":true}]}}