{"id":134575,"date":"2025-05-28T15:03:08","date_gmt":"2025-05-28T15:03:08","guid":{"rendered":"https:\/\/www.europesays.com\/fr\/134575\/"},"modified":"2025-05-28T15:03:08","modified_gmt":"2025-05-28T15:03:08","slug":"ou-faire-ses-courses-a-rouen-ce-jeudi-ferie-voici-les-magasins-ouverts-pour-lascension","status":"publish","type":"post","link":"https:\/\/www.europesays.com\/fr\/134575\/","title":{"rendered":"O\u00f9 faire ses courses \u00e0 Rouen ce jeudi f\u00e9ri\u00e9 ? Voici les magasins ouverts pour l&rsquo;Ascension"},"content":{"rendered":"<p>            Par<br \/>\n        <strong><br \/>\n            <a href=\"https:\/\/actu.fr\/auteur\/julien-bouteiller\" title=\"Consulter tous les articles de Julien Bouteiller\" rel=\"nofollow noopener\" target=\"_blank\">Julien Bouteiller<\/a><br \/>\n        <\/strong><\/p>\n<p>        Publi\u00e9 le<\/p>\n<p>            28 mai 2025 \u00e0 17h00        <\/p>\n<p>Ce jeudi 29\u00a0mai 2025 est f\u00e9ri\u00e9. C\u2019est pour beaucoup l\u2019occasion de se reposer un peu. Mais si vous avez besoin de faire quelques courses, <strong>on vous a list\u00e9 les magasins annonc\u00e9s ouverts \u00e0 Rouen ce jeudi de l\u2019Ascension<\/strong>.<\/p>\n<p>Les magasins ouverts \u00e0 Rouen ce jeudi 29\u00a0mai<\/p>\n<p class=\" wall-content\">Attention certains de ces magasins sont ouverts \u00e0 des horaires diff\u00e9rents des jours habituels (uniquement le matin pour certains). N\u2019h\u00e9sitez pas \u00e0 vous promener en ville pour voir si vos commer\u00e7ants ind\u00e9pendants et artisans ouvrent leurs portes ce jeudi.<\/p>\n<ul class=\" wall-content\">\n<li><strong>Monoprix Gros Horloge<\/strong><\/li>\n<li><strong>Carrefour City Carmes<\/strong><\/li>\n<li><strong>Carrefour City Cauchoise<\/strong><\/li>\n<li><strong>Carrefour City Saint-Sever<\/strong><\/li>\n<li><strong>Carrefour City Saint-Julien<\/strong><\/li>\n<li><strong>Carrefour City Pasteur<\/strong><\/li>\n<li><strong>Carrefour Express Jeanne-d\u2019Arc<\/strong><\/li>\n<li><strong>Carrefour Express R\u00e9publique<\/strong><\/li>\n<li><strong>Carrefour City Saint-Hilaire<\/strong><\/li>\n<li><strong>Carrefour Express Jean-Rondeaux<\/strong><\/li>\n<\/ul>\n<ul class=\" wall-content\">\n<li><strong>Intermarch\u00e9 Saint-Marc<\/strong><\/li>\n<li><strong>Intermarch\u00e9 Th\u00e9\u00e2tre des Arts<\/strong><\/li>\n<li><strong>Intermarch\u00e9 \u00c9cuy\u00e8re<\/strong><\/li>\n<li><strong>Intermarch\u00e9 Mare du Parc<\/strong><\/li>\n<li><strong>Intermarch\u00e9 Constantine<\/strong><\/li>\n<li><strong>Intermarch\u00e9 Sotteville-l\u00e8s-Rouen<\/strong><\/li>\n<li><strong>E. Leclerc Saint-Sever<\/strong><\/li>\n<li><strong>E. Leclerc Bapeaume<\/strong><\/li>\n<li><strong>Utile Espace du Palais<\/strong><\/li>\n<li><strong>U Express Cauchoise<\/strong><\/li>\n<li><strong>U Express H\u00f4tel de Ville<\/strong><\/li>\n<li><strong>Super U Bihorel<\/strong><\/li>\n<li><strong>Super U Mont-Saint-Aignan<\/strong><\/li>\n<li><strong>Hyper U Bois-Cany<\/strong><\/li>\n<\/ul>\n<ul class=\" wall-content\">\n<li><strong>Centre commercial Saint-Sever<\/strong><\/li>\n<li><strong>Centre commercial Docks 76<\/strong><\/li>\n<li><strong>Mr Bricolage G\u00e9n\u00e9ral-Leclerc<\/strong><\/li>\n<li><strong>Brico D\u00e9p\u00f4t Mont-Riboudet<\/strong><\/li>\n<li><strong>Ikea Tourville-la-Rivi\u00e8re<\/strong><\/li>\n<li><strong>Leroy Merlin Tourville-la-Rivi\u00e8re<\/strong><\/li>\n<li><strong>Leroy Merlin Isneauville<\/strong><\/li>\n<li><strong>Jardinerie Poullain Petit-Quevilly<\/strong><\/li>\n<li><strong>Jardinerie du Cailly<\/strong><\/li>\n<li><strong>Truffaut Isneauville<\/strong><\/li>\n<\/ul>\n<p class=\" wall-content\"><strong>La plupart des mus\u00e9es de la m\u00e9tropole sont ouverts<\/strong>, hormis celui de la c\u00e9ramique, ferm\u00e9 pour raisons techniques.<\/p>\n<p class=\" wall-content\"><strong>Les piscines<\/strong> L\u2019Archipel (Petit-Couronne), Euroc\u00e9ane (Mont-Saint-Aignan) et Aqualoup (Canteleu) sont annonc\u00e9es ouvertes.<\/p>\n<p>Suivez l\u2019actualit\u00e9 de Rouen <a href=\"https:\/\/www.whatsapp.com\/channel\/0029VaKfnf99hXF2ddApFB1D\" rel=\"nofollow noopener\" target=\"_blank\">sur notre cha\u00eene WhatsApp<\/a> et <a href=\"https:\/\/www.tiktok.com\/@76actu.fr?lang=fr\" rel=\"nofollow noopener\" target=\"_blank\">sur notre compte TikTok<\/a><\/p>\n<p class=\" wall-content\">Suivez toute l\u2019actualit\u00e9 de vos villes et m\u00e9dias favoris en vous inscrivant \u00e0 <a href=\"https:\/\/moncompte.actu.fr\" title=\"D\u00e9couvez Mon Actu\" rel=\"nofollow noopener\" data-trk=\"{&quot;cta&quot;:{&quot;action&quot;:&quot;https:\\\/\\\/moncompte.actu.fr&quot;,&quot;category&quot;:&quot;mon compte&quot;,&quot;from&quot;:&quot;article footer&quot;,&quot;name&quot;:&quot;Mon actu&quot;,&quot;type&quot;:&quot;cta&quot;}}\" target=\"_blank\">Mon Actu<\/a>.<\/p>\n<ul class=\"ac-article-tag wall-content\">\n<li><a href=\"https:\/\/actu.fr\/tag\/bon-plan-a-rouen\" data-trk=\"{&quot;cta&quot;:{&quot;action&quot;:&quot;Bon plan \\u00e0 Rouen&quot;,&quot;category&quot;:&quot;tag&quot;,&quot;from&quot;:&quot;article footer&quot;,&quot;name&quot;:&quot;Bon plan \\u00e0 Rouen&quot;,&quot;type&quot;:&quot;cta&quot;}}\" rel=\"nofollow noopener\" target=\"_blank\">#Bon plan \u00e0 Rouen<\/a><\/li>\n<li><a href=\"https:\/\/actu.fr\/tag\/commerce\" data-trk=\"{&quot;cta&quot;:{&quot;action&quot;:&quot;Commerce&quot;,&quot;category&quot;:&quot;tag&quot;,&quot;from&quot;:&quot;article footer&quot;,&quot;name&quot;:&quot;Commerce&quot;,&quot;type&quot;:&quot;cta&quot;}}\" rel=\"nofollow noopener\" target=\"_blank\">#Commerce<\/a><\/li>\n<\/ul>\n<p>                    <script async src=\"\/\/www.tiktok.com\/embed.js\"><\/script><\/p>\n","protected":false},"excerpt":{"rendered":"Par Julien Bouteiller Publi\u00e9 le 28 mai 2025 \u00e0 17h00 Ce jeudi 29\u00a0mai 2025 est f\u00e9ri\u00e9. C\u2019est pour&hellip;\n","protected":false},"author":2,"featured_media":134576,"comment_status":"","ping_status":"","sticky":false,"template":"","format":"standard","meta":{"footnotes":""},"categories":[9587],"tags":[1111,11,9086,215,1777,674,1011,27,1652,12,5161,25,9590],"class_list":{"0":"post-134575","1":"post","2":"type-post","3":"status-publish","4":"format-standard","5":"has-post-thumbnail","7":"category-rouen","8":"tag-actu","9":"tag-actualites","10":"tag-bon-plan-a-rouen","11":"tag-commerce","12":"tag-eu","13":"tag-europe","14":"tag-fr","15":"tag-france","16":"tag-loisirs-culture","17":"tag-news","18":"tag-normandie","19":"tag-republique-francaise","20":"tag-rouen"},"share_on_mastodon":{"url":"https:\/\/pubeurope.com\/@fr\/114586072129040030","error":""},"_links":{"self":[{"href":"https:\/\/www.europesays.com\/fr\/wp-json\/wp\/v2\/posts\/134575","targetHints":{"allow":["GET"]}}],"collection":[{"href":"https:\/\/www.europesays.com\/fr\/wp-json\/wp\/v2\/posts"}],"about":[{"href":"https:\/\/www.europesays.com\/fr\/wp-json\/wp\/v2\/types\/post"}],"author":[{"embeddable":true,"href":"https:\/\/www.europesays.com\/fr\/wp-json\/wp\/v2\/users\/2"}],"replies":[{"embeddable":true,"href":"https:\/\/www.europesays.com\/fr\/wp-json\/wp\/v2\/comments?post=134575"}],"version-history":[{"count":0,"href":"https:\/\/www.europesays.com\/fr\/wp-json\/wp\/v2\/posts\/134575\/revisions"}],"wp:featuredmedia":[{"embeddable":true,"href":"https:\/\/www.europesays.com\/fr\/wp-json\/wp\/v2\/media\/134576"}],"wp:attachment":[{"href":"https:\/\/www.europesays.com\/fr\/wp-json\/wp\/v2\/media?parent=134575"}],"wp:term":[{"taxonomy":"category","embeddable":true,"href":"https:\/\/www.europesays.com\/fr\/wp-json\/wp\/v2\/categories?post=134575"},{"taxonomy":"post_tag","embeddable":true,"href":"https:\/\/www.europesays.com\/fr\/wp-json\/wp\/v2\/tags?post=134575"}],"curies":[{"name":"wp","href":"https:\/\/api.w.org\/{rel}","templated":true}]}}