{"id":134577,"date":"2025-05-28T15:04:09","date_gmt":"2025-05-28T15:04:09","guid":{"rendered":"https:\/\/www.europesays.com\/fr\/134577\/"},"modified":"2025-05-28T15:04:09","modified_gmt":"2025-05-28T15:04:09","slug":"grenoble-une-agente-des-services-hospitaliers-poursuivie-pour-vols","status":"publish","type":"post","link":"https:\/\/www.europesays.com\/fr\/134577\/","title":{"rendered":"Grenoble. Une agente des services hospitaliers poursuivie pour vols"},"content":{"rendered":"<p>Une agente des services hospitaliers (ASH) sera\u00a0jug\u00e9e prochainement dans le cadre d\u2019une proc\u00e9dure de comparution sur reconnaissance pr\u00e9alable de culpabilit\u00e9 apr\u00e8s avoir commis des vols dans des chambres de patients au sein de cinq \u00e9tablissements de sant\u00e9 de la r\u00e9gion grenobloise, a indiqu\u00e9 la police par communiqu\u00e9. Les faits se sont produits au cours de l\u2019ann\u00e9e 2025, la suspecte \u00e9tant plac\u00e9e en garde \u00e0 vue en f\u00e9vrier\u00a02025. Lors de la perquisition men\u00e9e chez elle, divers objets provenant des vols ont \u00e9t\u00e9 d\u00e9couverts. La suspecte a reconnu les faits.<\/p>\n","protected":false},"excerpt":{"rendered":"Une agente des services hospitaliers (ASH) sera\u00a0jug\u00e9e prochainement dans le cadre d\u2019une proc\u00e9dure de comparution sur reconnaissance pr\u00e9alable&hellip;\n","protected":false},"author":2,"featured_media":134578,"comment_status":"","ping_status":"","sticky":false,"template":"","format":"standard","meta":{"footnotes":""},"categories":[9566],"tags":[1111,11,2430,271,272,112,1777,674,274,107,1011,27,2731,2732,108,1985,12,25],"class_list":{"0":"post-134577","1":"post","2":"type-post","3":"status-publish","4":"format-standard","5":"has-post-thumbnail","7":"category-grenoble","8":"tag-actu","9":"tag-actualites","10":"tag-auvergne-rhone-alpes","11":"tag-crime","12":"tag-delit-et-contravention","13":"tag-edition-grenoble-agglomeration","14":"tag-eu","15":"tag-europe","16":"tag-faits-divers-justice","17":"tag-fil-info","18":"tag-fr","19":"tag-france","20":"tag-grenoble","21":"tag-grenoble-bassin","22":"tag-isere","23":"tag-metropole-de-grenoble","24":"tag-news","25":"tag-republique-francaise"},"share_on_mastodon":{"url":"https:\/\/pubeurope.com\/@fr\/114586076224857933","error":""},"_links":{"self":[{"href":"https:\/\/www.europesays.com\/fr\/wp-json\/wp\/v2\/posts\/134577","targetHints":{"allow":["GET"]}}],"collection":[{"href":"https:\/\/www.europesays.com\/fr\/wp-json\/wp\/v2\/posts"}],"about":[{"href":"https:\/\/www.europesays.com\/fr\/wp-json\/wp\/v2\/types\/post"}],"author":[{"embeddable":true,"href":"https:\/\/www.europesays.com\/fr\/wp-json\/wp\/v2\/users\/2"}],"replies":[{"embeddable":true,"href":"https:\/\/www.europesays.com\/fr\/wp-json\/wp\/v2\/comments?post=134577"}],"version-history":[{"count":0,"href":"https:\/\/www.europesays.com\/fr\/wp-json\/wp\/v2\/posts\/134577\/revisions"}],"wp:featuredmedia":[{"embeddable":true,"href":"https:\/\/www.europesays.com\/fr\/wp-json\/wp\/v2\/media\/134578"}],"wp:attachment":[{"href":"https:\/\/www.europesays.com\/fr\/wp-json\/wp\/v2\/media?parent=134577"}],"wp:term":[{"taxonomy":"category","embeddable":true,"href":"https:\/\/www.europesays.com\/fr\/wp-json\/wp\/v2\/categories?post=134577"},{"taxonomy":"post_tag","embeddable":true,"href":"https:\/\/www.europesays.com\/fr\/wp-json\/wp\/v2\/tags?post=134577"}],"curies":[{"name":"wp","href":"https:\/\/api.w.org\/{rel}","templated":true}]}}