{"id":134579,"date":"2025-05-28T15:05:08","date_gmt":"2025-05-28T15:05:08","guid":{"rendered":"https:\/\/www.europesays.com\/fr\/134579\/"},"modified":"2025-05-28T15:05:08","modified_gmt":"2025-05-28T15:05:08","slug":"deja-une-vingtaine-de-plaintes-deposee","status":"publish","type":"post","link":"https:\/\/www.europesays.com\/fr\/134579\/","title":{"rendered":"d\u00e9j\u00e0 une vingtaine de plaintes d\u00e9pos\u00e9e"},"content":{"rendered":"<p>            Par<br \/>\n        <strong><br \/>\n            <a href=\"https:\/\/actu.fr\/auteur\/lisa-rodrigues\" title=\"Consulter tous les articles de Lisa Rodrigues\" target=\"_blank\" rel=\"noopener\">Lisa Rodrigues<\/a><br \/>\n        <\/strong><\/p>\n<p>        Publi\u00e9 le<\/p>\n<p>            28 mai 2025 \u00e0 16h27        <\/p>\n<p>L\u2019affaire fait parler depuis 2019 les salari\u00e9s de <strong>l\u2019Institut de biologie et de pathologie<\/strong> du <a href=\"https:\/\/actu.fr\/tag\/chu-grenoble-alpes\" target=\"_blank\" rel=\"noopener\">CHU Grenoble-Alpes<\/a>. R\u00e9guli\u00e8rement, ils sont victimes de sympt\u00f4mes plus ou moins importants, qui vont jusqu\u2019\u00e0 des malaises inexpliqu\u00e9s, potentiellement li\u00e9es \u00e0 des \u00ab\u00a0\u00e9manations toxiques\u00a0\u00bb. Probl\u00e8me, leur origine reste aujourd\u2019hui inconnue.<\/p>\n<p class=\" wall-content\">En avril dernier, un agent \u00e2g\u00e9 d\u2019une quarantaine d\u2019ann\u00e9es a port\u00e9 plainte contre le CHU pour blessures involontaires, exposition d\u2019autrui \u00e0 un risque imm\u00e9diat de blessures et <strong>\u00e9manations de substances nuisibles<\/strong>. Il a, depuis, \u00e9t\u00e9 rejoint par d\u2019autres coll\u00e8gues, ainsi que le syndicat SUD Sant\u00e9 Sociaux.<\/p>\n<p>De nouvelles investigations sur l\u2019origine des \u00e9manations<\/p>\n<p class=\" wall-content\">Dans un communiqu\u00e9 de presse, l\u2019avocat des plaignants, <a href=\"https:\/\/actu.fr\/auvergne-rhone-alpes\/grenoble_38185\/municipales-2026-qui-est-herve-gerbi-le-premier-candidat-a-la-mairie-de-grenoble_62539289.html\" target=\"_blank\" rel=\"noopener\">Me Herv\u00e9 Gerbi<\/a>, annonce que <strong>22 plaintes<\/strong> ont d\u00e9j\u00e0 \u00e9t\u00e9 d\u00e9pos\u00e9es aupr\u00e8s du parquet de Grenoble.\u00a0<\/p>\n<blockquote class=\"ac-article-quote wall-content\">\n<p>Ces plaintes s\u2019inscrivent dans la continuit\u00e9 de celle d\u00e9pos\u00e9e en avril 2025 par un agent, et viennent s\u2019ajouter \u00e0 18 autres dossiers actuellement en cours de finalisation.<\/p>\n<p>    <strong>Me Herv\u00e9 Gerbi<\/strong><br \/>\n        Avocat des plaignants    <\/p><\/blockquote>\n<p class=\" wall-content\">Des <strong>investigations sont en cours<\/strong> pour tenter de d\u00e9couvrir l\u2019origine et la nature des \u00e9manations. Des recherches \u00ab\u00a0de substances comme l\u2019ozone, le soufre, l\u2019azote, le chlore, les solvants ou encore les acides\u00a0\u00bb sont \u00e9voqu\u00e9es. Les r\u00e9sultats \u00ab\u00a0sont attendus <strong>d\u2019ici la fin du mois<\/strong>\u00ab\u00a0.<\/p>\n<p>Vid\u00e9os : en ce moment sur ActuUne \u00ab\u00a0situation anormale et anxiog\u00e8ne\u00a0\u00bb<\/p>\n<p class=\" wall-content\">La situation est <strong>connue de la direction<\/strong> du CHU Grenoble-Alpes. Il y a quelques semaines, elle a indiqu\u00e9 \u00e0 la presse avoir re\u00e7u des signalements de malaises assez \u00ab al\u00e9atoires \u00bb dans leur fr\u00e9quence et leur localisation depuis juin 2019. Selon les chiffres des syndicats, quelque <strong>400 d\u00e9clarations d\u2019accidents de travail<\/strong> li\u00e9es \u00e0 ces \u00e9manations ont \u00e9t\u00e9 recens\u00e9es depuis cette m\u00eame p\u00e9riode.<\/p>\n<p class=\" wall-content\">Plusieurs salari\u00e9s ont d\u00e9j\u00e0 exerc\u00e9 leur <strong>droit de retrait<\/strong>, souffrant de maux de t\u00eates, de picotements dans les yeux \u2013 des sympt\u00f4mes qui peuvent persister en dehors du b\u00e2timent \u2013 ou incommod\u00e9s par de fortes odeurs.<\/p>\n<p class=\" wall-content\">\u00ab\u00a0Travailler dans un h\u00f4pital ne peut exposer \u00e0 des risques invisibles sans r\u00e9ponse, ni prise en charge adapt\u00e9e, ass\u00e8ne Me Herv\u00e9 Gerbi. La justice devra faire toute la lumi\u00e8re sur cette situation anormale et anxiog\u00e8ne qui perdure depuis trop longtemps et dans cette recherche, nul n\u2019\u00e9carte \u00e0 terme la saisine du doyen des juges d\u2019instruction.\u00a0\u00bb<\/p>\n<p class=\" wall-content\">Suivez toute l\u2019actualit\u00e9 de vos villes et m\u00e9dias favoris en vous inscrivant \u00e0 <a href=\"https:\/\/moncompte.actu.fr\" title=\"D\u00e9couvez Mon Actu\" rel=\"nofollow noopener\" data-trk=\"{&quot;cta&quot;:{&quot;action&quot;:&quot;https:\\\/\\\/moncompte.actu.fr&quot;,&quot;category&quot;:&quot;mon compte&quot;,&quot;from&quot;:&quot;article footer&quot;,&quot;name&quot;:&quot;Mon actu&quot;,&quot;type&quot;:&quot;cta&quot;}}\" target=\"_blank\">Mon Actu<\/a>.<\/p>\n<ul class=\"ac-article-tag wall-content\">\n<li><a href=\"https:\/\/actu.fr\/tag\/chu-grenoble-alpes\" data-trk=\"{&quot;cta&quot;:{&quot;action&quot;:&quot;CHU Grenoble Alpes&quot;,&quot;category&quot;:&quot;tag&quot;,&quot;from&quot;:&quot;article footer&quot;,&quot;name&quot;:&quot;CHU Grenoble Alpes&quot;,&quot;type&quot;:&quot;cta&quot;}}\" target=\"_blank\" rel=\"noopener\">#CHU Grenoble Alpes<\/a><\/li>\n<li><a href=\"https:\/\/actu.fr\/tag\/justice\" data-trk=\"{&quot;cta&quot;:{&quot;action&quot;:&quot;Justice&quot;,&quot;category&quot;:&quot;tag&quot;,&quot;from&quot;:&quot;article footer&quot;,&quot;name&quot;:&quot;Justice&quot;,&quot;type&quot;:&quot;cta&quot;}}\" target=\"_blank\" rel=\"noopener\">#Justice<\/a><\/li>\n<\/ul>\n","protected":false},"excerpt":{"rendered":"Par Lisa Rodrigues Publi\u00e9 le 28 mai 2025 \u00e0 16h27 L\u2019affaire fait parler depuis 2019 les salari\u00e9s de&hellip;\n","protected":false},"author":2,"featured_media":134580,"comment_status":"","ping_status":"","sticky":false,"template":"","format":"standard","meta":{"footnotes":""},"categories":[9566],"tags":[1111,11,2430,26052,1777,674,118,1011,27,2731,303,12,25],"class_list":{"0":"post-134579","1":"post","2":"type-post","3":"status-publish","4":"format-standard","5":"has-post-thumbnail","7":"category-grenoble","8":"tag-actu","9":"tag-actualites","10":"tag-auvergne-rhone-alpes","11":"tag-chu-grenoble-alpes","12":"tag-eu","13":"tag-europe","14":"tag-faits-divers","15":"tag-fr","16":"tag-france","17":"tag-grenoble","18":"tag-justice","19":"tag-news","20":"tag-republique-francaise"},"share_on_mastodon":{"url":"https:\/\/pubeurope.com\/@fr\/114586080007688174","error":""},"_links":{"self":[{"href":"https:\/\/www.europesays.com\/fr\/wp-json\/wp\/v2\/posts\/134579","targetHints":{"allow":["GET"]}}],"collection":[{"href":"https:\/\/www.europesays.com\/fr\/wp-json\/wp\/v2\/posts"}],"about":[{"href":"https:\/\/www.europesays.com\/fr\/wp-json\/wp\/v2\/types\/post"}],"author":[{"embeddable":true,"href":"https:\/\/www.europesays.com\/fr\/wp-json\/wp\/v2\/users\/2"}],"replies":[{"embeddable":true,"href":"https:\/\/www.europesays.com\/fr\/wp-json\/wp\/v2\/comments?post=134579"}],"version-history":[{"count":0,"href":"https:\/\/www.europesays.com\/fr\/wp-json\/wp\/v2\/posts\/134579\/revisions"}],"wp:featuredmedia":[{"embeddable":true,"href":"https:\/\/www.europesays.com\/fr\/wp-json\/wp\/v2\/media\/134580"}],"wp:attachment":[{"href":"https:\/\/www.europesays.com\/fr\/wp-json\/wp\/v2\/media?parent=134579"}],"wp:term":[{"taxonomy":"category","embeddable":true,"href":"https:\/\/www.europesays.com\/fr\/wp-json\/wp\/v2\/categories?post=134579"},{"taxonomy":"post_tag","embeddable":true,"href":"https:\/\/www.europesays.com\/fr\/wp-json\/wp\/v2\/tags?post=134579"}],"curies":[{"name":"wp","href":"https:\/\/api.w.org\/{rel}","templated":true}]}}