{"id":134581,"date":"2025-05-28T15:06:20","date_gmt":"2025-05-28T15:06:20","guid":{"rendered":"https:\/\/www.europesays.com\/fr\/134581\/"},"modified":"2025-05-28T15:06:20","modified_gmt":"2025-05-28T15:06:20","slug":"municipales-2026-a-rennes-carole-gandon-est-nommee-pilote-pour-le-parti-renaissance","status":"publish","type":"post","link":"https:\/\/www.europesays.com\/fr\/134581\/","title":{"rendered":"Municipales 2026 \u00e0 Rennes\u00a0: Carole Gandon est nomm\u00e9e \u00ab\u00a0pilote\u00a0\u00bb pour le parti Renaissance"},"content":{"rendered":"<p>C\u2019\u00e9tait une \u00e9vidence. Derni\u00e8re survivante de la Macronie \u00e0 Rennes, Carole Gandon a \u00e9t\u00e9 d\u00e9sign\u00e9e \u00ab pilote \u00bb du parti pr\u00e9sidentiel pour les \u00e9lections municipales dans la capitale bretonne ce mercredi 28 mai. Elle fait partie des 13 nouvelles candidatures valid\u00e9es par la Commission nationale d\u2019investiture, pr\u00e9sid\u00e9e par Franck Riester, Secr\u00e9taire g\u00e9n\u00e9ral d\u00e9l\u00e9gu\u00e9 aux \u00e9lections.<\/p>\n<p>\u00ab Chaque pilote est charg\u00e9 de structurer les actions dans leurs territoires, f\u00e9d\u00e9rer les forces politiques locales qui refusent toute proximit\u00e9 avec les extr\u00eames et mobiliser la soci\u00e9t\u00e9 civile \u00bb, pr\u00e9cise le parti Renaissance. Membre de Territoires de progr\u00e8s, l\u2019aile gauche de la minorit\u00e9 pr\u00e9sidentielle, Carole Gandon aura pour mission \u00ab d\u2019animer la pr\u00e9-campagne locale et de pr\u00e9parer les conditions du rassemblement \u00bb. Ces nominations portent \u00e0 57 le nombre total de \u00ab pilotes municipaux \u00bb d\u00e9j\u00e0 d\u00e9sign\u00e9s<\/p>\n","protected":false},"excerpt":{"rendered":"C\u2019\u00e9tait une \u00e9vidence. Derni\u00e8re survivante de la Macronie \u00e0 Rennes, Carole Gandon a \u00e9t\u00e9 d\u00e9sign\u00e9e \u00ab pilote \u00bb&hellip;\n","protected":false},"author":2,"featured_media":134582,"comment_status":"","ping_status":"","sticky":false,"template":"","format":"standard","meta":{"footnotes":""},"categories":[2821],"tags":[1111,11,829,1777,674,1011,27,848,26053,12,3364,584,25],"class_list":{"0":"post-134581","1":"post","2":"type-post","3":"status-publish","4":"format-standard","5":"has-post-thumbnail","7":"category-rennes","8":"tag-actu","9":"tag-actualites","10":"tag-bretagne","11":"tag-eu","12":"tag-europe","13":"tag-fr","14":"tag-france","15":"tag-ille-et-vilaine","16":"tag-municipales-2026-a-rennes","17":"tag-news","18":"tag-politique-a-rennes","19":"tag-rennes","20":"tag-republique-francaise"},"share_on_mastodon":{"url":"https:\/\/pubeurope.com\/@fr\/114586084116274265","error":""},"_links":{"self":[{"href":"https:\/\/www.europesays.com\/fr\/wp-json\/wp\/v2\/posts\/134581","targetHints":{"allow":["GET"]}}],"collection":[{"href":"https:\/\/www.europesays.com\/fr\/wp-json\/wp\/v2\/posts"}],"about":[{"href":"https:\/\/www.europesays.com\/fr\/wp-json\/wp\/v2\/types\/post"}],"author":[{"embeddable":true,"href":"https:\/\/www.europesays.com\/fr\/wp-json\/wp\/v2\/users\/2"}],"replies":[{"embeddable":true,"href":"https:\/\/www.europesays.com\/fr\/wp-json\/wp\/v2\/comments?post=134581"}],"version-history":[{"count":0,"href":"https:\/\/www.europesays.com\/fr\/wp-json\/wp\/v2\/posts\/134581\/revisions"}],"wp:featuredmedia":[{"embeddable":true,"href":"https:\/\/www.europesays.com\/fr\/wp-json\/wp\/v2\/media\/134582"}],"wp:attachment":[{"href":"https:\/\/www.europesays.com\/fr\/wp-json\/wp\/v2\/media?parent=134581"}],"wp:term":[{"taxonomy":"category","embeddable":true,"href":"https:\/\/www.europesays.com\/fr\/wp-json\/wp\/v2\/categories?post=134581"},{"taxonomy":"post_tag","embeddable":true,"href":"https:\/\/www.europesays.com\/fr\/wp-json\/wp\/v2\/tags?post=134581"}],"curies":[{"name":"wp","href":"https:\/\/api.w.org\/{rel}","templated":true}]}}