{"id":134592,"date":"2025-05-28T15:12:08","date_gmt":"2025-05-28T15:12:08","guid":{"rendered":"https:\/\/www.europesays.com\/fr\/134592\/"},"modified":"2025-05-28T15:12:08","modified_gmt":"2025-05-28T15:12:08","slug":"quel-temps-fera-t-il-pendant-le-week-end-de-lascension","status":"publish","type":"post","link":"https:\/\/www.europesays.com\/fr\/134592\/","title":{"rendered":"quel temps fera-t-il pendant le week-end de l&rsquo;Ascension\u00a0?"},"content":{"rendered":"<p>            Par<br \/>\n        <strong><br \/>\n            <a href=\"https:\/\/actu.fr\/auteur\/laure-gentil\" title=\"Consulter tous les articles de Laure Gentil\" rel=\"nofollow noopener\" target=\"_blank\">Laure Gentil<\/a><br \/>\n        <\/strong><\/p>\n<p>        Publi\u00e9 le<\/p>\n<p>            28 mai 2025 \u00e0 16h46        <\/p>\n<p>Apr\u00e8s un interm\u00e8de plut\u00f4t gris, le ciel nantais devrait retrouver le soleil pour le <strong>week-end de l\u2019Ascension.<\/strong><\/p>\n<p class=\" wall-content\">Le <strong>thermom\u00e8tre<\/strong> devrait aussi grimper consid\u00e9rablement, donnant des airs d\u2019\u00e9t\u00e9 \u00e0 la cit\u00e9 des ducs de Bretagne. Voici les pr\u00e9visions m\u00e9t\u00e9o<strong> du jeudi 29\u00a0mai au dimanche 1er\u00a0juin.<\/strong><\/p>\n<p>Le retour de la chaleur<\/p>\n<p class=\" wall-content\">Selon <a href=\"https:\/\/www.meteo-nantes.net\/previsions\" rel=\"nofollow noopener\" target=\"_blank\">m\u00e9t\u00e9o-nantes.net<\/a> et<a href=\"https:\/\/meteofrance.com\/previsions-meteo-france\/nantes\/44000\" rel=\"nofollow noopener\" target=\"_blank\"> M\u00e9t\u00e9o France<\/a>, le soleil devrait \u00eatre de retour d\u00e8s ce jeudi 29\u00a0mai. Une \u00ab\u2009grisaille matinale\u2009\u00bb est \u00e0 pr\u00e9voir mais \u00ab\u2009le soleil prendra le dessus\u2009\u00bb dans l\u2019apr\u00e8s-midi. Les temp\u00e9ratures commenceront \u00e0 grimper <strong>dans l\u2019apr\u00e8s-midi avec 25-26\u00a0\u00b0C.<\/strong><\/p>\n<p class=\" wall-content\">La<strong> journ\u00e9e de vendredi<\/strong> devrait \u00eatre, de loin, <strong>la plus belle de la semaine<\/strong>, avec un grand soleil du matin au soir. Elle sera aussi la plus chaude\u2009:<strong> jusqu\u2019\u00e0 30\u00a0\u00b0C<\/strong> attendus dans l\u2019apr\u00e8s-midi selon M\u00e9t\u00e9o France.<\/p>\n<p>Des beaux jours de courte dur\u00e9e<\/p>\n<p class=\" wall-content\">La m\u00e9t\u00e9o sera moins agr\u00e9able samedi et dimanche. M\u00e9t\u00e9o France pr\u00e9voit un ciel voil\u00e9 samedi 31\u00a0mai et m\u00e9t\u00e9o-nantes.net quelques averses le matin. La chaleur restera pr\u00e9sente\u2009: entre 26 et 28\u00a0\u00b0C dans l\u2019apr\u00e8s-midi.<\/p>\n<p>Vid\u00e9os : en ce moment sur Actu<\/p>\n<p class=\" wall-content\">Le<strong> dernier jour de la semaine sera franchement maussade<\/strong> avec un ciel nuageux. De nouveau, des averses sont possibles le dimanche matin. Il faudra aussi s\u2019attendre \u00e0 une chute des temp\u00e9ratures avec environ 22\u00a0\u00b0C.<\/p>\n<p><strong>La r\u00e9daction vous souhaite de passer un bon week-end. N\u2019h\u00e9sitez pas \u00e0 nous suivre sur les r\u00e9seaux sociaux\u2009: <a href=\"https:\/\/www.facebook.com\/actu.frnantes\" rel=\"nofollow noopener\" target=\"_blank\">Facebook<\/a>, <a href=\"https:\/\/x.com\/actu_nantes\" rel=\"nofollow\">X<\/a>, <a href=\"https:\/\/www.instagram.com\/actufrnantes\/\" rel=\"nofollow noopener\" target=\"_blank\">Instagram<\/a>, <a href=\"https:\/\/bsky.app\/profile\/actunantes.bsky.social\" rel=\"nofollow noopener\" target=\"_blank\">Bluesky<\/a>, <a href=\"https:\/\/www.threads.com\/?hl=fr-ca\" rel=\"nofollow noopener\" target=\"_blank\">Threads<\/a> et <a href=\"https:\/\/www.tiktok.com\/@actufrnantes?lang=fr\" rel=\"nofollow noopener\" target=\"_blank\">TikTok<\/a>.<\/strong><\/p>\n<p class=\" wall-content\">Suivez toute l\u2019actualit\u00e9 de vos villes et m\u00e9dias favoris en vous inscrivant \u00e0 <a href=\"https:\/\/moncompte.actu.fr\" title=\"D\u00e9couvez Mon Actu\" rel=\"nofollow noopener\" data-trk=\"{&quot;cta&quot;:{&quot;action&quot;:&quot;https:\\\/\\\/moncompte.actu.fr&quot;,&quot;category&quot;:&quot;mon compte&quot;,&quot;from&quot;:&quot;article footer&quot;,&quot;name&quot;:&quot;Mon actu&quot;,&quot;type&quot;:&quot;cta&quot;}}\" target=\"_blank\">Mon Actu<\/a>.<\/p>\n<p>                    <script async src=\"\/\/www.instagram.com\/embed.js\"><\/script><script async src=\"\/\/www.tiktok.com\/embed.js\"><\/script><\/p>\n","protected":false},"excerpt":{"rendered":"Par Laure Gentil Publi\u00e9 le 28 mai 2025 \u00e0 16h46 Apr\u00e8s un interm\u00e8de plut\u00f4t gris, le ciel nantais&hellip;\n","protected":false},"author":2,"featured_media":134593,"comment_status":"","ping_status":"","sticky":false,"template":"","format":"standard","meta":{"footnotes":""},"categories":[2818],"tags":[1111,11,1777,674,1011,27,2487,2357,766,12,2636,25],"class_list":{"0":"post-134592","1":"post","2":"type-post","3":"status-publish","4":"format-standard","5":"has-post-thumbnail","7":"category-nantes","8":"tag-actu","9":"tag-actualites","10":"tag-eu","11":"tag-europe","12":"tag-fr","13":"tag-france","14":"tag-meteo","15":"tag-meteo-france","16":"tag-nantes","17":"tag-news","18":"tag-pays-de-la-loire","19":"tag-republique-francaise"},"share_on_mastodon":{"url":"https:\/\/pubeurope.com\/@fr\/114586107586312481","error":""},"_links":{"self":[{"href":"https:\/\/www.europesays.com\/fr\/wp-json\/wp\/v2\/posts\/134592","targetHints":{"allow":["GET"]}}],"collection":[{"href":"https:\/\/www.europesays.com\/fr\/wp-json\/wp\/v2\/posts"}],"about":[{"href":"https:\/\/www.europesays.com\/fr\/wp-json\/wp\/v2\/types\/post"}],"author":[{"embeddable":true,"href":"https:\/\/www.europesays.com\/fr\/wp-json\/wp\/v2\/users\/2"}],"replies":[{"embeddable":true,"href":"https:\/\/www.europesays.com\/fr\/wp-json\/wp\/v2\/comments?post=134592"}],"version-history":[{"count":0,"href":"https:\/\/www.europesays.com\/fr\/wp-json\/wp\/v2\/posts\/134592\/revisions"}],"wp:featuredmedia":[{"embeddable":true,"href":"https:\/\/www.europesays.com\/fr\/wp-json\/wp\/v2\/media\/134593"}],"wp:attachment":[{"href":"https:\/\/www.europesays.com\/fr\/wp-json\/wp\/v2\/media?parent=134592"}],"wp:term":[{"taxonomy":"category","embeddable":true,"href":"https:\/\/www.europesays.com\/fr\/wp-json\/wp\/v2\/categories?post=134592"},{"taxonomy":"post_tag","embeddable":true,"href":"https:\/\/www.europesays.com\/fr\/wp-json\/wp\/v2\/tags?post=134592"}],"curies":[{"name":"wp","href":"https:\/\/api.w.org\/{rel}","templated":true}]}}