{"id":134594,"date":"2025-05-28T15:13:09","date_gmt":"2025-05-28T15:13:09","guid":{"rendered":"https:\/\/www.europesays.com\/fr\/134594\/"},"modified":"2025-05-28T15:13:09","modified_gmt":"2025-05-28T15:13:09","slug":"francis-coquelin-joue-la-prolongation-a-nantes-france-fc-nantes","status":"publish","type":"post","link":"https:\/\/www.europesays.com\/fr\/134594\/","title":{"rendered":"Francis Coquelin joue la prolongation \u00e0 Nantes &#8211; France &#8211; FC Nantes"},"content":{"rendered":"<p>Fier comme un Coquelin.<\/p>\n<p>Auteur d\u2019une brillante carri\u00e8re en Espagne, <strong>Francis Coquelin a d\u00e9cid\u00e9 de poursuivre l\u2019aventure du c\u00f4t\u00e9 de Nantes<\/strong>, en signant pour un an de plus. <a target=\"_blank\" href=\"https:\/\/www.sofoot.com\/breves\/mercato-en-pleine-mission-maintien-nantes-officialise-larrivee-de-francis-coquelin-ex-darsenal-et-villarreal\" rel=\"nofollow noopener\">Arriv\u00e9 libre en janvier<\/a>, le joueur form\u00e9 au Stade lavallois n\u2019aura jou\u00e9 que six matchs pour un but et une passe d\u00e9cisive sous les couleurs nantaises.<\/p>\n<p>En attendant un nouvel entra\u00eeneur \u00e0 Nantes<\/p>\n<p>Apr\u00e8s avoir <a target=\"_blank\" href=\"https:\/\/www.sofoot.com\/articles\/avec-antoine-kombouare-au-fc-nantes-la-valse-ne-fait-que-commencer\" rel=\"nofollow noopener\">mis fin au contrat d\u2019Antoine Kombouar\u00e9<\/a>, le FC Nantes a d\u00e9cid\u00e9 de s\u00e9curiser l\u2019exp\u00e9riment\u00e9 milieu de terrain pour la saison prochaine.<\/p>\n<p>\u00c0 34 ans, apr\u00e8s avoir longuement encha\u00een\u00e9 les blessures, <strong>l\u2019ancien Gunner est au cr\u00e9puscule de sa carri\u00e8re<\/strong>. Il a notamment remport\u00e9 par deux fois la FA Cup (2015-2017), la Coupe du Roi en 2019 avec Valence et <a target=\"_blank\" href=\"https:\/\/www.sofoot.com\/articles\/francis-coquelin-jaime-manier-le-ballon-pas-faire-des-tacles-c1-quarts-villarreal-bayern-munich\" rel=\"nofollow noopener\">la Ligue Europa sous les ordres d\u2019Unai Emery \u00e0 Villarreal<\/a>, en 2021.<\/p>\n<p>Il ne lui reste plus qu\u2019\u00e0 conna\u00eetre le nom de son nouveau coach.<\/p>\n<p>\t\t\t\t\t\t\t\t\t\t<a class=\"lien-connexe\" href=\"https:\/\/www.sofoot.com\/breves\/marquinhos-quitte-le-fc-nantes\" rel=\"nofollow noopener\" target=\"_blank\">Marquinhos quitte le FC Nantes<\/a>\t\t\t\t\t<\/p>\n","protected":false},"excerpt":{"rendered":"Fier comme un Coquelin. Auteur d\u2019une brillante carri\u00e8re en Espagne, Francis Coquelin a d\u00e9cid\u00e9 de poursuivre l\u2019aventure du&hellip;\n","protected":false},"author":2,"featured_media":134595,"comment_status":"","ping_status":"","sticky":false,"template":"","format":"standard","meta":{"footnotes":""},"categories":[2818],"tags":[1111,47,11,61,69,65,64,1777,674,63,1011,27,68,66,766,12,62,2636,70,25,67],"class_list":{"0":"post-134594","1":"post","2":"type-post","3":"status-publish","4":"format-standard","5":"has-post-thumbnail","7":"category-nantes","8":"tag-actu","9":"tag-actualite","10":"tag-actualites","11":"tag-actus-football","12":"tag-bundesliga","13":"tag-championnats-europeens","14":"tag-equipe-de-france","15":"tag-eu","16":"tag-europe","17":"tag-football","18":"tag-fr","19":"tag-france","20":"tag-ligua","21":"tag-ligue-1","22":"tag-nantes","23":"tag-news","24":"tag-news-foot","25":"tag-pays-de-la-loire","26":"tag-premier-league","27":"tag-republique-francaise","28":"tag-serie-a"},"share_on_mastodon":{"url":"https:\/\/pubeurope.com\/@fr\/114586111473075455","error":""},"_links":{"self":[{"href":"https:\/\/www.europesays.com\/fr\/wp-json\/wp\/v2\/posts\/134594","targetHints":{"allow":["GET"]}}],"collection":[{"href":"https:\/\/www.europesays.com\/fr\/wp-json\/wp\/v2\/posts"}],"about":[{"href":"https:\/\/www.europesays.com\/fr\/wp-json\/wp\/v2\/types\/post"}],"author":[{"embeddable":true,"href":"https:\/\/www.europesays.com\/fr\/wp-json\/wp\/v2\/users\/2"}],"replies":[{"embeddable":true,"href":"https:\/\/www.europesays.com\/fr\/wp-json\/wp\/v2\/comments?post=134594"}],"version-history":[{"count":0,"href":"https:\/\/www.europesays.com\/fr\/wp-json\/wp\/v2\/posts\/134594\/revisions"}],"wp:featuredmedia":[{"embeddable":true,"href":"https:\/\/www.europesays.com\/fr\/wp-json\/wp\/v2\/media\/134595"}],"wp:attachment":[{"href":"https:\/\/www.europesays.com\/fr\/wp-json\/wp\/v2\/media?parent=134594"}],"wp:term":[{"taxonomy":"category","embeddable":true,"href":"https:\/\/www.europesays.com\/fr\/wp-json\/wp\/v2\/categories?post=134594"},{"taxonomy":"post_tag","embeddable":true,"href":"https:\/\/www.europesays.com\/fr\/wp-json\/wp\/v2\/tags?post=134594"}],"curies":[{"name":"wp","href":"https:\/\/api.w.org\/{rel}","templated":true}]}}