{"id":134602,"date":"2025-05-28T15:17:08","date_gmt":"2025-05-28T15:17:08","guid":{"rendered":"https:\/\/www.europesays.com\/fr\/134602\/"},"modified":"2025-05-28T15:17:08","modified_gmt":"2025-05-28T15:17:08","slug":"ascension-commerces-lieux-culturels-et-sportifs-ce-qui-sera-ouvert-a-toulouse-pour-le-jour-ferie","status":"publish","type":"post","link":"https:\/\/www.europesays.com\/fr\/134602\/","title":{"rendered":"Ascension. Commerces, lieux culturels et sportifs&#8230; Ce qui sera ouvert \u00e0 Toulouse pour le jour f\u00e9ri\u00e9"},"content":{"rendered":"<p>            Par<br \/>\n        <strong><br \/>\n            <a href=\"https:\/\/actu.fr\/auteur\/ancelin-emeryhenriot\" title=\"Consulter tous les articles de Ancelin Emery-Henriot\" rel=\"nofollow noopener\" target=\"_blank\">Ancelin Emery-Henriot<\/a><br \/>\n        <\/strong><\/p>\n<p>        Publi\u00e9 le<\/p>\n<p>            28 mai 2025 \u00e0 17h06        <\/p>\n<p>Jour de l\u2019Ascension oblige, ce jeudi 29 mai 2025 sera<strong> f\u00e9ri\u00e9<\/strong>. Si pour beaucoup cela signifie une pause d\u2019une journ\u00e9e, certains lieux, eux, resteront bel et bien<strong> actifs<\/strong>. Voici les commerces, \u00e9tablissements culturels et administratifs qui seront <strong>accessibles<\/strong> <a href=\"https:\/\/actu.fr\/toulouse\/\" rel=\"nofollow noopener\" target=\"_blank\">\u00e0 Toulouse<\/a>.<\/p>\n<p>Centres commerciaux et grandes surfaces<\/p>\n<ul class=\" wall-content\">\n<li><strong>Le Centre Commercial Reflets Compans<\/strong>\u2009: Carrefour Market sera ouvert de 8\u2009h\u200930 \u00e0 21\u2009h et les boutiques de 10\u2009h \u00e0 20\u2009h ;<\/li>\n<li><strong>Le Centre Commercial Blagnac<\/strong>\u2009: ouvert de 10\u2009h \u00e0 19\u2009h ;<\/li>\n<li><strong>Le Centre Commercial de Saint-Orens<\/strong>\u2009: E. Leclerc ouvert de 9\u2009h \u00e0 19\u2009h et boutiques entre 10\u2009h et 19\u2009h ;<\/li>\n<li><strong>Le Centre Commercial de Rouffiac\u2009<\/strong>: E. Leclerc ouvert de 9\u2009h \u00e0 19\u2009h et boutiques ouvertes de 9\u2009h\u200930 \u00e0 18\u2009h\u200930 ;<\/li>\n<li><strong>Carrefour Purpan<\/strong>\u2009: ouvert de 9\u2009h \u00e0 20\u2009h ;<\/li>\n<li><strong>Le Centre Commercial de Portet-sur-Garonne<\/strong>\u2009: ouvert de 10\u2009h \u00e0 18\u2009h\u200930 ;<\/li>\n<li><strong>La Galerie Espace Fenouillet<\/strong>\u2009: ouverte de 10\u2009h \u00e0 19\u2009h ;<\/li>\n<li><strong>Le Centre Commercial Lab\u00e8ge 2\u2009<\/strong>: Carrefour ouvert de 8 h 30 \u00e0 20 h.<\/li>\n<\/ul>\n<p>Jardineries<\/p>\n<ul class=\" wall-content\">\n<li><strong>Truffaut Balma<\/strong>\u2009: ouvert de 9\u2009h\u200930 \u00e0 19\u2009h ;<\/li>\n<li><strong>Truffaut Colomiers<\/strong>\u2009: ouvert de 10\u2009h \u00e0 19\u2009h ;<\/li>\n<li><strong>Botanic Blagnac\u2009<\/strong>: ouvert de 10\u2009h \u00e0 13\u2009h et de 14\u2009h\u200930 \u00e0 19\u2009h ;<\/li>\n<li><strong>Jardiland l\u2019Union, Portet et Montaudran<\/strong>\u2009: horaires habituels.<\/li>\n<\/ul>\n<p>Bricolage et am\u00e9nagement d\u2019int\u00e9rieur<\/p>\n<ul class=\" wall-content\">\n<li><strong>Castorama de Portet-sur-Garonne, l\u2019Union, Blagnac et Saint-Orens<\/strong>\u2009: ouvert de 9\u2009h \u00e0 19\u2009h ;<\/li>\n<li><strong>Leroy Merlin de Balma, Roques et Colomiers<\/strong>\u2009: ouvert de 9\u2009h \u00e0 19\u2009h ;<\/li>\n<li><strong>Brico March\u00e9 de Compans-Caffarelli\u2009<\/strong>: ouvert de 10\u2009h \u00e0 18\u2009h ;<\/li>\n<li><strong>IKEA de Roques-sur-Garonne<\/strong>\u2009: ouvert de 10\u2009h \u00e0 20\u2009h ;<\/li>\n<li><strong>Alin\u00e9a de Blagnac<\/strong>\u2009: ouvert de 10\u2009h \u00e0 19\u2009h.<\/li>\n<\/ul>\n<p>Culture et loisirs<\/p>\n<p class=\" wall-content\">Certains lieux habituellement ferm\u00e9s en semaine seront exceptionnellement ouverts :<\/p>\n<ul class=\" wall-content\">\n<li><strong>Les Jardins du Mus\u00e9um<\/strong> : de 10 h \u00e0 12 h 30 et de 14 h \u00e0 18 h<\/li>\n<li><strong>L\u2019Envol des Pionniers<\/strong> : de 10 h \u00e0 18 h<\/li>\n<\/ul>\n<p class=\" wall-content\">La mairie pr\u00e9cise que \u00ab\u2009la plupart des lieux culturels municipaux et m\u00e9tropolitains d\u2019ordinaire ouverts en semaine le sont \u00e9galement selon leurs horaires habituels du jeudi 29 mai au dimanche 1er juin \u00bb.<\/p>\n<p class=\" wall-content\">Les biblioth\u00e8ques et m\u00e9diath\u00e8ques seront quant \u00e0 elles ferm\u00e9es.<\/p>\n<p>Pour faire du sport<\/p>\n<ul class=\" wall-content\">\n<li><strong>Piscine Nakache hiver<\/strong> : de 8 h 30 \u00e0 15 h ;<\/li>\n<li><strong>Piscines L\u00e9o Lagrange et Alban Minville<\/strong> : de 10h \u00e0 17h ;<\/li>\n<li><strong>Piscine Bellevue nordique<\/strong> : de 11h30 \u00e0 18h ;<\/li>\n<li><strong>Piscine Jean Boiteux<\/strong> : de 8 h 30 \u00e0 15 h ;<\/li>\n<li><strong>La patinoire Bellevue<\/strong> : de 11 h 30 \u00e0 18 h.<\/li>\n<\/ul>\n<p class=\" wall-content\">Toutes les autres piscines et patinoires seront ferm\u00e9es.<\/p>\n<p>Transports en commun<\/p>\n<p class=\" wall-content\">Les derniers d\u00e9parts de rames de m\u00e9tro s\u2019effectueront \u00e0 minuit depuis chaque terminus.<\/p>\n<p class=\" wall-content\">Les bus, TAD et tramways fonctionneront aux horaires des dimanches et jours f\u00e9ri\u00e9s.<\/p>\n<p>Collecte et d\u00e9ch\u00e8terie<\/p>\n<p class=\" wall-content\">Les d\u00e9chets m\u00e9nagers seront collect\u00e9s dans toutes les communes le 8 mai. Toutes les d\u00e9ch\u00e8teries de la m\u00e9tropole seront cependant ferm\u00e9es.<\/p>\n<p>Administratif<\/p>\n<p class=\" wall-content\">Une permanence sera assur\u00e9e \u00e0 l\u2019\u00c9tat Civil, uniquement pour les d\u00e9clarations de d\u00e9c\u00e8s au 2 rue de l\u2019Abb\u00e9 Jules Lemire\u2009: de 8\u2009h\u200930 \u00e0 12\u2009h\u200930 et de 13\u2009h\u200930 \u00e0 16\u2009h\u200930.<\/p>\n<p class=\" wall-content\">Suivez toute l\u2019actualit\u00e9 de vos villes et m\u00e9dias favoris en vous inscrivant \u00e0 <a href=\"https:\/\/moncompte.actu.fr\" title=\"D\u00e9couvez Mon Actu\" rel=\"nofollow noopener\" data-trk=\"{&quot;cta&quot;:{&quot;action&quot;:&quot;https:\\\/\\\/moncompte.actu.fr&quot;,&quot;category&quot;:&quot;mon compte&quot;,&quot;from&quot;:&quot;article footer&quot;,&quot;name&quot;:&quot;Mon actu&quot;,&quot;type&quot;:&quot;cta&quot;}}\" target=\"_blank\">Mon Actu<\/a>.<\/p>\n<ul class=\"ac-article-tag wall-content\">\n<li><a href=\"https:\/\/actu.fr\/tag\/commerce\" data-trk=\"{&quot;cta&quot;:{&quot;action&quot;:&quot;Commerce&quot;,&quot;category&quot;:&quot;tag&quot;,&quot;from&quot;:&quot;article footer&quot;,&quot;name&quot;:&quot;Commerce&quot;,&quot;type&quot;:&quot;cta&quot;}}\" rel=\"nofollow noopener\" target=\"_blank\">#Commerce<\/a><\/li>\n<li><a href=\"https:\/\/actu.fr\/tag\/sortir-a-toulouse\" data-trk=\"{&quot;cta&quot;:{&quot;action&quot;:&quot;Sortir \\u00e0 Toulouse&quot;,&quot;category&quot;:&quot;tag&quot;,&quot;from&quot;:&quot;article footer&quot;,&quot;name&quot;:&quot;Sortir \\u00e0 Toulouse&quot;,&quot;type&quot;:&quot;cta&quot;}}\" rel=\"nofollow noopener\" target=\"_blank\">#Sortir \u00e0 Toulouse<\/a><\/li>\n<\/ul>\n","protected":false},"excerpt":{"rendered":"Par Ancelin Emery-Henriot Publi\u00e9 le 28 mai 2025 \u00e0 17h06 Jour de l\u2019Ascension oblige, ce jeudi 29 mai&hellip;\n","protected":false},"author":2,"featured_media":134603,"comment_status":"","ping_status":"","sticky":false,"template":"","format":"standard","meta":{"footnotes":""},"categories":[2816],"tags":[1111,11,215,1777,674,1011,27,1652,12,2680,25,1341,2312],"class_list":{"0":"post-134602","1":"post","2":"type-post","3":"status-publish","4":"format-standard","5":"has-post-thumbnail","7":"category-toulouse","8":"tag-actu","9":"tag-actualites","10":"tag-commerce","11":"tag-eu","12":"tag-europe","13":"tag-fr","14":"tag-france","15":"tag-loisirs-culture","16":"tag-news","17":"tag-occitanie","18":"tag-republique-francaise","19":"tag-sortir-a-toulouse","20":"tag-toulouse"},"share_on_mastodon":{"url":"https:\/\/pubeurope.com\/@fr\/114586127181418284","error":""},"_links":{"self":[{"href":"https:\/\/www.europesays.com\/fr\/wp-json\/wp\/v2\/posts\/134602","targetHints":{"allow":["GET"]}}],"collection":[{"href":"https:\/\/www.europesays.com\/fr\/wp-json\/wp\/v2\/posts"}],"about":[{"href":"https:\/\/www.europesays.com\/fr\/wp-json\/wp\/v2\/types\/post"}],"author":[{"embeddable":true,"href":"https:\/\/www.europesays.com\/fr\/wp-json\/wp\/v2\/users\/2"}],"replies":[{"embeddable":true,"href":"https:\/\/www.europesays.com\/fr\/wp-json\/wp\/v2\/comments?post=134602"}],"version-history":[{"count":0,"href":"https:\/\/www.europesays.com\/fr\/wp-json\/wp\/v2\/posts\/134602\/revisions"}],"wp:featuredmedia":[{"embeddable":true,"href":"https:\/\/www.europesays.com\/fr\/wp-json\/wp\/v2\/media\/134603"}],"wp:attachment":[{"href":"https:\/\/www.europesays.com\/fr\/wp-json\/wp\/v2\/media?parent=134602"}],"wp:term":[{"taxonomy":"category","embeddable":true,"href":"https:\/\/www.europesays.com\/fr\/wp-json\/wp\/v2\/categories?post=134602"},{"taxonomy":"post_tag","embeddable":true,"href":"https:\/\/www.europesays.com\/fr\/wp-json\/wp\/v2\/tags?post=134602"}],"curies":[{"name":"wp","href":"https:\/\/api.w.org\/{rel}","templated":true}]}}