{"id":134616,"date":"2025-05-28T15:24:12","date_gmt":"2025-05-28T15:24:12","guid":{"rendered":"https:\/\/www.europesays.com\/fr\/134616\/"},"modified":"2025-05-28T15:24:12","modified_gmt":"2025-05-28T15:24:12","slug":"contre-le-chomage-en-ile-de-france-la-piste-de-lartisanat","status":"publish","type":"post","link":"https:\/\/www.europesays.com\/fr\/134616\/","title":{"rendered":"Contre le ch\u00f4mage en \u00cele-de-France, la piste de l&rsquo;artisanat"},"content":{"rendered":"\n<p style=\"margin-bottom: 0cm;\">Selon la chambre r\u00e9gionale des m\u00e9tiers et de l&rsquo;artisanat, le secteur continue \u00e0 \u00ab\u00a0recruter activement\u00a0\u00bb mais peine \u00e0 trouver des candidats. Cela pourrait donc \u00eatre le bon moment pour vous reconvertir dans un m\u00e9tier manuel, sachant que des formations existent en alternance. Pour rassurer encore les candidats potentiels, 85 % des alternants en artisanat trouvent un emploi dans les 3 mois apr\u00e8s un CAP, dont 80 % en CDI. Vous pouvez retrouver les formations existantes sur <a href=\"http:\/\/www.cma-idf.fr\/\" target=\"_blank\" rel=\"noopener\">www.cma-idf.fr<\/a>.<\/p>\n<p lang=\"fr-FR\" style=\"margin-bottom: 0cm;\">\u00a0<\/p>\n<p lang=\"fr-FR\" style=\"margin-bottom: 0cm;\">Nicolas Chacun<\/p>\n<p>!function(f,b,e,v,n,t,s){if(f.fbq)return;n=f.fbq=function(){n.callMethod?<br \/>\nn.callMethod.apply(n,arguments):n.queue.push(arguments)};if(!f._fbq)f._fbq=n;<br \/>\nn.push=n;n.loaded=!0;n.version=&rsquo;2.0&prime;;n.queue=[];t=b.createElement(e);t.async=!0;<br \/>\nt.src=v;s=b.getElementsByTagName(e)[0];s.parentNode.insertBefore(t,s)}(window,<br \/>\ndocument,&rsquo;script&rsquo;,&rsquo;https:\/\/connect.facebook.net\/en_US\/fbevents.js&rsquo;);<br \/>\nfbq(&lsquo;init&rsquo;, &lsquo;278974969201861&rsquo;); \/\/ Insert your pixel ID here.<br \/>\nfbq(&lsquo;track&rsquo;, &lsquo;PageView&rsquo;);<\/p>\n","protected":false},"excerpt":{"rendered":"Selon la chambre r\u00e9gionale des m\u00e9tiers et de l&rsquo;artisanat, le secteur continue \u00e0 \u00ab\u00a0recruter activement\u00a0\u00bb mais peine \u00e0&hellip;\n","protected":false},"author":2,"featured_media":134617,"comment_status":"","ping_status":"","sticky":false,"template":"","format":"standard","meta":{"footnotes":""},"categories":[1592],"tags":[1111,11,1933,1936,1777,1939,674,1011,27,662,1934,12,1940,626,1935,25,1937,1941,1938],"class_list":{"0":"post-134616","1":"post","2":"type-post","3":"status-publish","4":"format-standard","5":"has-post-thumbnail","7":"category-ile-de-france","8":"tag-actu","9":"tag-actualites","10":"tag-actualites-locales","11":"tag-essonne","12":"tag-eu","13":"tag-eure-et-loir","14":"tag-europe","15":"tag-fr","16":"tag-france","17":"tag-ile-de-france","18":"tag-infos-locales","19":"tag-news","20":"tag-oise","21":"tag-paris","22":"tag-pres-de-chez-vous","23":"tag-republique-francaise","24":"tag-seine-et-marne","25":"tag-somme","26":"tag-yvelines"},"share_on_mastodon":{"url":"https:\/\/pubeurope.com\/@fr\/114586154762460112","error":""},"_links":{"self":[{"href":"https:\/\/www.europesays.com\/fr\/wp-json\/wp\/v2\/posts\/134616","targetHints":{"allow":["GET"]}}],"collection":[{"href":"https:\/\/www.europesays.com\/fr\/wp-json\/wp\/v2\/posts"}],"about":[{"href":"https:\/\/www.europesays.com\/fr\/wp-json\/wp\/v2\/types\/post"}],"author":[{"embeddable":true,"href":"https:\/\/www.europesays.com\/fr\/wp-json\/wp\/v2\/users\/2"}],"replies":[{"embeddable":true,"href":"https:\/\/www.europesays.com\/fr\/wp-json\/wp\/v2\/comments?post=134616"}],"version-history":[{"count":0,"href":"https:\/\/www.europesays.com\/fr\/wp-json\/wp\/v2\/posts\/134616\/revisions"}],"wp:featuredmedia":[{"embeddable":true,"href":"https:\/\/www.europesays.com\/fr\/wp-json\/wp\/v2\/media\/134617"}],"wp:attachment":[{"href":"https:\/\/www.europesays.com\/fr\/wp-json\/wp\/v2\/media?parent=134616"}],"wp:term":[{"taxonomy":"category","embeddable":true,"href":"https:\/\/www.europesays.com\/fr\/wp-json\/wp\/v2\/categories?post=134616"},{"taxonomy":"post_tag","embeddable":true,"href":"https:\/\/www.europesays.com\/fr\/wp-json\/wp\/v2\/tags?post=134616"}],"curies":[{"name":"wp","href":"https:\/\/api.w.org\/{rel}","templated":true}]}}