{"id":134618,"date":"2025-05-28T15:25:13","date_gmt":"2025-05-28T15:25:13","guid":{"rendered":"https:\/\/www.europesays.com\/fr\/134618\/"},"modified":"2025-05-28T15:25:13","modified_gmt":"2025-05-28T15:25:13","slug":"ile-de-france-mobilites-va-ameliorer-le-quotidien-des-utilisateurs-diphone","status":"publish","type":"post","link":"https:\/\/www.europesays.com\/fr\/134618\/","title":{"rendered":"\u00cele-de-France Mobilit\u00e9s va am\u00e9liorer le quotidien des utilisateurs d\u2019iPhone"},"content":{"rendered":"<p>Dans un mail envoy\u00e9 aux membres de son programme \u00ab Lab IDFM \u00bb, \u00cele-de-France Mobilit\u00e9s annonce pr\u00e9parer une mise \u00e0 jour de son application, avec le support des Live Activities sur iPhone. Une technologie qui permet d\u2019afficher des informations en temps r\u00e9el sur l\u2019\u00e9cran sans avoir \u00e0 ouvrir une application. <\/p>\n<p>Avec <a href=\"https:\/\/www.numerama.com\/tech\/1040514-ios-16-les-10-fonctions-cachees-qui-vont-simplifier-votre-vie.html\" target=\"_blank\" rel=\"noopener\">iOS 16<\/a>, Apple a introduit une technologie pens\u00e9e pour faciliter la vie des utilisateurs d\u2019iPhone : les <a href=\"https:\/\/www.numerama.com\/tech\/1152182-vous-avez-un-iphone-sous-ios-16-installez-vite-la-derniere-mise-a-jour.html\" target=\"_blank\" rel=\"noopener\">Live Activities<\/a> (ou Activit\u00e9s en direct en fran\u00e7ais). Il s\u2019agit de notification interactives qui restent affich\u00e9es en permanence sur l\u2019\u00e9cran verrouill\u00e9 et communiquent des informations importantes. Il peut s\u2019agir d\u2019un guidage GPS, de l\u2019avanc\u00e9e d\u2019une commande de nourriture ou du score d\u2019un match de foot, par exemple. La technologie est encore meilleure sur les <a href=\"https:\/\/www.numerama.com\/tech\/1121076-test-de-liphone-14-pro-max-il-ne-lui-manque-que-trois-petites-choses-pour-etre-le-meilleur.html\" data-type=\"post\" data-id=\"1121076\" target=\"_blank\" rel=\"noopener\">iPhone 14 Pro<\/a>, <a href=\"https:\/\/www.numerama.com\/videos\/test-des-iphone-15-et-15-pro-apple-frappe-tres-fort\/\" data-type=\"video\" data-id=\"1506438\" target=\"_blank\" rel=\"noopener\">15<\/a> et <a href=\"https:\/\/www.numerama.com\/tech\/1726234-apple-iphone-16-tout-savoir.html\" data-type=\"post\" data-id=\"1726234\" target=\"_blank\" rel=\"noopener\">16<\/a>, puisque les Live Activities s\u2019ins\u00e8re dans la Dynamic Island, l\u2019encoche en haut de l\u2019\u00e9cran, ce qui permet d\u2019afficher des informations en permanence. <\/p>\n<p>Dans un mail envoy\u00e9 le 28 mai 2025 aux membres de son programme Lab IDFM (qui permet <a href=\"https:\/\/www.numerama.com\/vroom\/1953131-le-navigo-liberte-est-disponible-en-beta-sur-android-mais-pas-encore-sur-iphone.html\" data-type=\"post\" data-id=\"1953131\" target=\"_blank\" rel=\"noopener\">de tester le Libert\u00e9+ sur Android<\/a>, notamment), \u00cele-de-France Mobilit\u00e9s annonce une nouveaut\u00e9 bienvenue dans une future version de son application : le support des Live Activities. Il est d\u2019ores et d\u00e9j\u00e0 possible de les activer en b\u00eata.<\/p>\n<p>Les Live Activites d\u00e9barquent dans \u00cele-de-France Mobilit\u00e9s pour vous faire gagner du temps<\/p>\n<p>D\u00e8s aujourd\u2019hui, il est possible depuis l\u2019application \u00cele-de-France Mobilit\u00e9s, qui propose des itin\u00e9raires dans toute la r\u00e9gion, d\u2019activer les notifications persistantes d\u2019Apple. L\u2019option est disponible dans la section \u00ab Le Lab \u00bb des param\u00e8tres. <\/p>\n<p><a href=\"https:\/\/www.numerama.com\/wp-content\/uploads\/2025\/05\/idfm.jpg\" target=\"_blank\" rel=\"noopener\"><img decoding=\"async\" width=\"1024\" height=\"737\" loading=\"lazy\" alt=\"L'activation de la Live Activities dans \u00cele-de-France Mobilit\u00e9s. \/\/ Source : Numerama\" title=\"L'activation de la Live Activities dans \u00cele-de-France Mobilit\u00e9s. \/\/ Source : Numerama\" class=\"wp-image-1980183 placeholder-default wp-image\" src=\"https:\/\/www.europesays.com\/fr\/wp-content\/uploads\/2025\/05\/idfm-1024x737.jpg\" \/><\/a>L\u2019activation de la Live Activities dans \u00cele-de-France Mobilit\u00e9s. \/\/ Source : Numerama<\/p>\n<p>Gr\u00e2ce \u00e0 cette nouveaut\u00e9, vos itin\u00e9raires appara\u00eetront dans le centre de notifications durant tout le trajet, avec la possibilit\u00e9 d\u2019afficher l\u2019\u00e9tape suivante sans ouvrir l\u2019application. Un gain de temps rappelant Citymapper ou Google Maps, qui proposent une fonctionnalit\u00e9 similaire. L\u2019application \u00cele-de-France Mobilit\u00e9s s\u2019am\u00e9liore peu \u00e0 peu pour devenir une tr\u00e8s bonne application pour se d\u00e9placer.<\/p>\n<p>    Pour aller plus loin<\/p>\n<p>                <img decoding=\"async\" width=\"87\" height=\"87\" loading=\"lazy\" alt=\"L'application \u00cele-de-France Mobilit\u00e9s. \/\/ Source : \u00cele-de-France Mobilit\u00e9s\" title=\"L'application \u00cele-de-France Mobilit\u00e9s. \/\/ Source : \u00cele-de-France Mobilit\u00e9s\" class=\"placeholder-default wp-image\" src=\"https:\/\/www.europesays.com\/fr\/wp-content\/uploads\/2025\/05\/idfm-app-200x200.jpg\" \/>            <\/p>\n<p>Sur les iPhone 14 Pro et ult\u00e9rieurs, les inscriptions apparaissent aussi dans la Dynamic Island. L\u2019affichage est tr\u00e8s clair, ce qui nous donne envie d\u2019utiliser l\u2019application qui dispose d\u2019une tr\u00e8s bonne int\u00e9gration des infos trafic en temps r\u00e9el.<\/p>\n<p><a href=\"https:\/\/www.numerama.com\/wp-content\/uploads\/2025\/05\/img-1854.jpg\" target=\"_blank\" rel=\"noopener\"><img decoding=\"async\" width=\"1024\" height=\"290\" loading=\"lazy\" alt=\"Les notifications interactives apparaissent aussi dans la Dynamic Island des iPhone 14.\" title=\"Les notifications interactives apparaissent aussi dans la Dynamic Island des iPhone 14.\" class=\"wp-image-1980189 placeholder-default wp-image\" src=\"https:\/\/www.europesays.com\/fr\/wp-content\/uploads\/2025\/05\/img-1854-1024x290.jpg\" \/><\/a>Les notifications interactives apparaissent aussi dans la Dynamic Island des iPhone 14. \/\/ Source : Numerama<\/p>\n<p>Dans un futur proche, \u00cele-de-France Mobilit\u00e9s devrait donc d\u00e9ployer cette nouveaut\u00e9 sur tous les iPhone. Sur Android, Google teste avec <a href=\"https:\/\/www.numerama.com\/tech\/1969663-quand-sera-disponible-android-16-et-son-nouveau-design-sur-votre-smartphone.html\" data-type=\"post\" data-id=\"1969663\" target=\"_blank\" rel=\"noopener\">Android 16<\/a> une technologie similaire. Il n\u2019y a plus qu\u2019\u00e0 esp\u00e9rer qu\u2019\u00cele-de-France Mobilit\u00e9s propose rapidement la m\u00eame chose.  <\/p>\n<p>            <img decoding=\"async\" src=\"https:\/\/www.europesays.com\/fr\/wp-content\/uploads\/2025\/04\/iPhone-16-pro.png\" alt=\"Toute l'actu tech en un clien d'oeil\"\/><\/p>\n<p class=\"card-install-pwa__title\">Toute l&rsquo;actu tech en un clin d&rsquo;\u0153il<\/p>\n<p class=\"card-install-pwa__description\">Ajoutez Numerama \u00e0 votre \u00e9cran d&rsquo;accueil et restez connect\u00e9s au futur !<\/p>\n<p>            <img decoding=\"async\" src=\"https:\/\/www.europesays.com\/fr\/wp-content\/uploads\/2025\/04\/logo-card-pwa-coupe.svg.svg+xml\" alt=\"Logo PWA\"\/><\/p>\n<p>       Installer Numerama<\/p>\n","protected":false},"excerpt":{"rendered":"Dans un mail envoy\u00e9 aux membres de son programme \u00ab Lab IDFM \u00bb, \u00cele-de-France Mobilit\u00e9s annonce pr\u00e9parer une&hellip;\n","protected":false},"author":2,"featured_media":134619,"comment_status":"","ping_status":"","sticky":false,"template":"","format":"standard","meta":{"footnotes":""},"categories":[1592],"tags":[1111,11,26054,1777,674,1011,27,662,655,4047,18010,12,626,25],"class_list":{"0":"post-134618","1":"post","2":"type-post","3":"status-publish","4":"format-standard","5":"has-post-thumbnail","7":"category-ile-de-france","8":"tag-actu","9":"tag-actualites","10":"tag-apple-iphone","11":"tag-eu","12":"tag-europe","13":"tag-fr","14":"tag-france","15":"tag-ile-de-france","16":"tag-iphone","17":"tag-metro","18":"tag-navigo","19":"tag-news","20":"tag-paris","21":"tag-republique-francaise"},"share_on_mastodon":{"url":"https:\/\/pubeurope.com\/@fr\/114586158700286249","error":""},"_links":{"self":[{"href":"https:\/\/www.europesays.com\/fr\/wp-json\/wp\/v2\/posts\/134618","targetHints":{"allow":["GET"]}}],"collection":[{"href":"https:\/\/www.europesays.com\/fr\/wp-json\/wp\/v2\/posts"}],"about":[{"href":"https:\/\/www.europesays.com\/fr\/wp-json\/wp\/v2\/types\/post"}],"author":[{"embeddable":true,"href":"https:\/\/www.europesays.com\/fr\/wp-json\/wp\/v2\/users\/2"}],"replies":[{"embeddable":true,"href":"https:\/\/www.europesays.com\/fr\/wp-json\/wp\/v2\/comments?post=134618"}],"version-history":[{"count":0,"href":"https:\/\/www.europesays.com\/fr\/wp-json\/wp\/v2\/posts\/134618\/revisions"}],"wp:featuredmedia":[{"embeddable":true,"href":"https:\/\/www.europesays.com\/fr\/wp-json\/wp\/v2\/media\/134619"}],"wp:attachment":[{"href":"https:\/\/www.europesays.com\/fr\/wp-json\/wp\/v2\/media?parent=134618"}],"wp:term":[{"taxonomy":"category","embeddable":true,"href":"https:\/\/www.europesays.com\/fr\/wp-json\/wp\/v2\/categories?post=134618"},{"taxonomy":"post_tag","embeddable":true,"href":"https:\/\/www.europesays.com\/fr\/wp-json\/wp\/v2\/tags?post=134618"}],"curies":[{"name":"wp","href":"https:\/\/api.w.org\/{rel}","templated":true}]}}