{"id":134620,"date":"2025-05-28T15:26:08","date_gmt":"2025-05-28T15:26:08","guid":{"rendered":"https:\/\/www.europesays.com\/fr\/134620\/"},"modified":"2025-05-28T15:26:08","modified_gmt":"2025-05-28T15:26:08","slug":"pour-booster-la-frequentation-les-maneges-a-moitie-prix-pour-lascension","status":"publish","type":"post","link":"https:\/\/www.europesays.com\/fr\/134620\/","title":{"rendered":"pour booster la fr\u00e9quentation, les man\u00e8ges \u00e0 moiti\u00e9 prix pour l&rsquo;Ascension"},"content":{"rendered":"<p>            Par<br \/>\n        <strong><br \/>\n            <a href=\"https:\/\/actu.fr\/auteur\/redaction-paris\" title=\"Consulter tous les articles de R\u00e9daction Paris\" target=\"_blank\" rel=\"noopener\">R\u00e9daction Paris<\/a><br \/>\n        <\/strong><\/p>\n<p>        Publi\u00e9 le<\/p>\n<p>            28 mai 2025 \u00e0 17h16        <\/p>\n<p>Parisiens et Parisiennes qui n\u2019auront pas <a href=\"https:\/\/actu.fr\/ile-de-france\/paris_75056\/week-end-de-l-ascension-bison-fute-voit-rouge-comment-eviter-les-bouchons-a-paris-et-en-ile-de-france_62691976.html\" target=\"_blank\" rel=\"noopener\">pris la route et fuit l\u2019\u00cele-de-France<\/a> vont pouvoir occuper leur <strong>week-end prolong\u00e9 de l\u2019Ascension<\/strong> en allant se balader \u00e0 la <a href=\"https:\/\/actu.fr\/tag\/foire-du-trone\" target=\"_blank\" rel=\"noopener\">Foire du Tr\u00f4ne<\/a> dans le <a href=\"https:\/\/actu.fr\/tag\/bois-de-vincennes\" target=\"_blank\" rel=\"noopener\">bois de Vincennes<\/a> et faire un tour de man\u00e8ge \u00e0 moiti\u00e9 prix.<\/p>\n<p>\u00ab\u2009Une baisse de fr\u00e9quentation de 64\u2009%\u2009\u00bb<\/p>\n<p class=\" wall-content\">\u00ab\u2009Jeudi\u00a029 et vendredi 30\u00a0mai, profitez de deux journ\u00e9es exceptionnelles \u00e0 la Foire du Tr\u00f4ne\u2009!\u2009\u00bb, tease les forains sur les r\u00e9seaux sociaux.\u00a0La raison de l\u2019exception\u2009? Tous les man\u00e8ges sont \u00ab\u2009\u00e0 \u2013<strong>50\u2009%<\/strong> et des promotions vous attendent sur l\u2019ensemble des stands de jeux et de restauration\u2009\u00bb.<\/p>\n<p>    <a href=\"https:\/\/www.facebook.com\/plugins\/video.php?height=476&amp;href=https%3A%2F%2Fwww.facebook.com%2F100083301579853%2Fvideos%2F612035237830978%2F&amp;show_text=false&amp;width=350&amp;t=0\" title=\"Ouvrie le lien\" target=\"_blank\" rel=\"noopener\">Cliquez ici pour visualiser le contenu<\/a><\/p>\n<p class=\" wall-content\">Une aubaine pour les amateurs de sensations fortes et de pommes d\u2019amour et une mani\u00e8re d\u2019attirer les visiteurs qui semblent bouder cette \u00e9dition 2025. \u00ab\u2009Les forains sont catastroph\u00e9s par la <strong>situation \u00e9conomique<\/strong> de l\u2019\u00e9dition 2025 due \u00e0 une chute soudaine \u00ab\u2009de la fr\u00e9quentation.\u2009\u00bb Le week-end dernier, seulement 26\u2009103\u00a0visiteurs sont venus \u00e0 la F\u00eate contre 76\u2009203 en 2023. Soit une baisse de fr\u00e9quentation de 64\u2009%\u2009\u00bb, d\u00e9plorent les g\u00e9rants dans un communiqu\u00e9.<\/p>\n<p class=\" wall-content\">Implant\u00e9e dans le 12e arrondissement <strong>depuis 957,<\/strong> la Foire du Tr\u00f4ne est devenue une institution parisienne et conserve son titre de plus ancienne foire de la r\u00e9gion. Mais ces derni\u00e8res ann\u00e9es, des d\u00e9bordements et des <a href=\"https:\/\/actu.fr\/ile-de-france\/paris_75056\/rixes-a-la-foire-du-trone-a-paris-des-momes-qui-se-filment-pour-etre-remarques-sur-les-reseaux-sociaux_62513418.html\" target=\"_blank\" rel=\"noopener\">rixes entre jeunes<\/a> ternissent son image d\u2019\u00e9v\u00e9nement familial. Les forains d\u00e9noncent un manque d\u2019effectifs policiers et des \u00ab\u2009faits isol\u00e9s\u2009\u00bb qui seraient \u00ab\u2009grossis, sortis de leur contexte, souvent mis en sc\u00e8ne pour cr\u00e9er artificiellement un sentiment d\u2019ins\u00e9curit\u00e9\u2009\u00bb, d\u00e9noncent-ils. \u00c0 deux semaines de la fermeture de la Foire, les forains esp\u00e8rent, avec ces promotions, redresser la barre.<\/p>\n<p>Vid\u00e9os : en ce moment sur Actu<\/p>\n<p class=\" wall-content\">Suivez toute l\u2019actualit\u00e9 de vos villes et m\u00e9dias favoris en vous inscrivant \u00e0 <a href=\"https:\/\/moncompte.actu.fr\" title=\"D\u00e9couvez Mon Actu\" rel=\"nofollow noopener\" data-trk=\"{&quot;cta&quot;:{&quot;action&quot;:&quot;https:\\\/\\\/moncompte.actu.fr&quot;,&quot;category&quot;:&quot;mon compte&quot;,&quot;from&quot;:&quot;article footer&quot;,&quot;name&quot;:&quot;Mon actu&quot;,&quot;type&quot;:&quot;cta&quot;}}\" target=\"_blank\">Mon Actu<\/a>.<\/p>\n<ul class=\"ac-article-tag wall-content\">\n<li><a href=\"https:\/\/actu.fr\/tag\/bois-de-vincennes\" data-trk=\"{&quot;cta&quot;:{&quot;action&quot;:&quot;Bois de Vincennes&quot;,&quot;category&quot;:&quot;tag&quot;,&quot;from&quot;:&quot;article footer&quot;,&quot;name&quot;:&quot;Bois de Vincennes&quot;,&quot;type&quot;:&quot;cta&quot;}}\" target=\"_blank\" rel=\"noopener\">#Bois de Vincennes<\/a><\/li>\n<li><a href=\"https:\/\/actu.fr\/tag\/foire-du-trone\" data-trk=\"{&quot;cta&quot;:{&quot;action&quot;:&quot;Foire du Tr\\u00f4ne&quot;,&quot;category&quot;:&quot;tag&quot;,&quot;from&quot;:&quot;article footer&quot;,&quot;name&quot;:&quot;Foire du Tr\\u00f4ne&quot;,&quot;type&quot;:&quot;cta&quot;}}\" target=\"_blank\" rel=\"noopener\">#Foire du Tr\u00f4ne<\/a><\/li>\n<\/ul>\n","protected":false},"excerpt":{"rendered":"Par R\u00e9daction Paris Publi\u00e9 le 28 mai 2025 \u00e0 17h16 Parisiens et Parisiennes qui n\u2019auront pas pris la&hellip;\n","protected":false},"author":2,"featured_media":134621,"comment_status":"","ping_status":"","sticky":false,"template":"","format":"standard","meta":{"footnotes":""},"categories":[1888],"tags":[1111,1928,11,1927,5354,1777,674,26055,1011,27,1652,12,1926,626,1925,25],"class_list":{"0":"post-134620","1":"post","2":"type-post","3":"status-publish","4":"format-standard","5":"has-post-thumbnail","7":"category-paris","8":"tag-actu","9":"tag-actu-paris","10":"tag-actualites","11":"tag-actualites-paris","12":"tag-bois-de-vincennes","13":"tag-eu","14":"tag-europe","15":"tag-foire-du-trone","16":"tag-fr","17":"tag-france","18":"tag-loisirs-culture","19":"tag-news","20":"tag-news-paris","21":"tag-paris","22":"tag-paris-news","23":"tag-republique-francaise"},"share_on_mastodon":{"url":"https:\/\/pubeurope.com\/@fr\/114586162525568785","error":""},"_links":{"self":[{"href":"https:\/\/www.europesays.com\/fr\/wp-json\/wp\/v2\/posts\/134620","targetHints":{"allow":["GET"]}}],"collection":[{"href":"https:\/\/www.europesays.com\/fr\/wp-json\/wp\/v2\/posts"}],"about":[{"href":"https:\/\/www.europesays.com\/fr\/wp-json\/wp\/v2\/types\/post"}],"author":[{"embeddable":true,"href":"https:\/\/www.europesays.com\/fr\/wp-json\/wp\/v2\/users\/2"}],"replies":[{"embeddable":true,"href":"https:\/\/www.europesays.com\/fr\/wp-json\/wp\/v2\/comments?post=134620"}],"version-history":[{"count":0,"href":"https:\/\/www.europesays.com\/fr\/wp-json\/wp\/v2\/posts\/134620\/revisions"}],"wp:featuredmedia":[{"embeddable":true,"href":"https:\/\/www.europesays.com\/fr\/wp-json\/wp\/v2\/media\/134621"}],"wp:attachment":[{"href":"https:\/\/www.europesays.com\/fr\/wp-json\/wp\/v2\/media?parent=134620"}],"wp:term":[{"taxonomy":"category","embeddable":true,"href":"https:\/\/www.europesays.com\/fr\/wp-json\/wp\/v2\/categories?post=134620"},{"taxonomy":"post_tag","embeddable":true,"href":"https:\/\/www.europesays.com\/fr\/wp-json\/wp\/v2\/tags?post=134620"}],"curies":[{"name":"wp","href":"https:\/\/api.w.org\/{rel}","templated":true}]}}