{"id":134626,"date":"2025-05-28T15:30:10","date_gmt":"2025-05-28T15:30:10","guid":{"rendered":"https:\/\/www.europesays.com\/fr\/134626\/"},"modified":"2025-05-28T15:30:10","modified_gmt":"2025-05-28T15:30:10","slug":"guerre-en-ukraine-une-grave-penurie-de-pommes-de-terre-pourrait-mettre-a-mal-la-russie","status":"publish","type":"post","link":"https:\/\/www.europesays.com\/fr\/134626\/","title":{"rendered":"Guerre en Ukraine: une grave p\u00e9nurie de pommes de terre pourrait mettre \u00e0 mal la Russie"},"content":{"rendered":"<p><a href=\"https:\/\/www.lalibre.be\/international\/2025\/05\/28\/lopposition-est-muselee-a-tous-les-niveaux-pourquoi-certains-opposants-font-particulierement-trembler-poutine-JLE5HTQOXNDXTEKS4VOMFACWZU\/\" target=\"_blank\" rel=\"noopener noreferrer\" class=\"ap-StoryInterstitialLink ap-StoryElement ap-StoryElement--mb\">Poutine a-t-il laiss\u00e9 entrevoir sa \u00ab\u00a0peur la plus profonde\u00a0\u00bb ces derniers jours ?<\/a>Une denr\u00e9e plus rare et donc plus ch\u00e8re<\/p>\n<p class=\"ap-StoryElement ap-StoryElement--mb ap-StoryText\">Cette grave p\u00e9nurie de pommes de terre affecte \u00e9norm\u00e9ment les deux pays frontaliers. Selon le journal \u00ab\u00a0Kommersant\u00a0\u00bb, le prix du tubercule a fortement augment\u00e9 cette ann\u00e9e-ci: elle est trois fois plus ch\u00e8re que l&rsquo;ann\u00e9e pass\u00e9e. Avec un prix de 85,4 roubles le kilo, les pommes de terre sont devenues bien trop ch\u00e8res pour les habitants de la Russie.<\/p>\n<p class=\"ap-StoryElement ap-StoryElement--mb ap-StoryText\">Plusieurs facteurs sont derri\u00e8re cette hausse de prix importante. L&rsquo;un des principaux est la mauvaise r\u00e9colte agricole des terres russes. Il y avait 12 % de pommes de terre en moins cette saison, notamment \u00e0 cause des conditions m\u00e9t\u00e9orologiques extr\u00eames, telles que les fortes pluies.<\/p>\n<p><a href=\"https:\/\/www.lalibre.be\/international\/europe\/guerre-ukraine-russie\/2024\/11\/25\/antivols-sur-le-beurre-modification-des-acces-aux-magasins-les-commerces-russes-face-a-une-augmentation-des-vols-suite-a-la-montee-inedite-des-prix-DNJXVZNFIFGI5N5MUXBGNS534U\/\" target=\"_blank\" rel=\"noopener noreferrer\" class=\"ap-StoryInterstitialLink ap-StoryElement ap-StoryElement--mb\">Antivols sur le beurre, modification des acc\u00e8s aux magasins: les commerces russes optent pour des solutions in\u00e9dites face \u00e0 l&rsquo;augmentation des vols<\/a>La pomme de terre, un incontournable culinaire<\/p>\n<p class=\"ap-StoryElement ap-StoryElement--mb ap-StoryText\">Boris Chernyshov, le vice-pr\u00e9sident de la Douma d&rsquo;\u00c9tat, appelle le gouvernement russe \u00e0 r\u00e9glementer temporairement le prix de la tubercule, incontournable ingr\u00e9dient des foyers du pays. \u00ab\u00a0Les pommes de terre sont parfois appel\u00e9es le deuxi\u00e8me pain. Les fortes fluctuations du prix d&rsquo;un produit aussi important sur le plan social p\u00e8sent lourdement sur le budget de millions de familles\u00a0\u00bb, a-il d\u00e9clar\u00e9.<\/p>\n<p class=\"ap-StoryElement ap-StoryElement--mb ap-StoryText\">Pour r\u00e9soudre ce probl\u00e8me national, le gouvernement a d\u00e9sormais autoris\u00e9 l&rsquo;importation en franchise de droits de pommes de terre en provenance de ce que l&rsquo;on appelle les \u00ab\u00a0pays amis\u00a0\u00bb. Environ deux tiers des importations totales proviennent d&rsquo;\u00c9gypte, qui est pour sa part un important importateur de bl\u00e9 russe.<\/p>\n<p><a href=\"https:\/\/www.lalibre.be\/international\/europe\/guerre-ukraine-russie\/2024\/12\/12\/face-a-linflation-des-russes-esperent-la-fin-du-conflit-en-ukraine-IKJLFAY6DBDRPDTNWYJSJVQHKU\/\" target=\"_blank\" rel=\"noopener noreferrer\" class=\"ap-StoryInterstitialLink ap-StoryElement ap-StoryElement--mb\">Face \u00e0 l&rsquo;inflation, des Russes esp\u00e8rent la fin du conflit en Ukraine<\/a>La patate, pas la seule touch\u00e9e par la crise<\/p>\n<p class=\"ap-StoryElement ap-StoryElement--mb ap-StoryText\">Selon le journal \u00ab\u00a0Kommersant\u00a0\u00bb, d&rsquo;autres denr\u00e9es subissent le m\u00eame effet que la pomme de terre. Les prix du charbon, de la betterave et des oignons ont \u00e9galement fortement augment\u00e9 depuis le d\u00e9but de l&rsquo;ann\u00e9e. En 2024, c&rsquo;\u00e9taient les oeufs dont le prix avaient explos\u00e9 tout comme le <a href=\"https:\/\/www.lalibre.be\/international\/europe\/guerre-ukraine-russie\/2024\/11\/29\/la-crise-du-beurre-symbole-dune-economie-russe-en-position-instable-7RJNMGYNKZDQNAFMDID5TMBUJ4\/\" target=\"_blank\" rel=\"noopener\">beurre<\/a>, cr\u00e9ant l&rsquo;\u00e9moi dans la soci\u00e9t\u00e9 russe.<\/p>\n","protected":false},"excerpt":{"rendered":"Poutine a-t-il laiss\u00e9 entrevoir sa \u00ab\u00a0peur la plus profonde\u00a0\u00bb ces derniers jours ?Une denr\u00e9e plus rare et donc&hellip;\n","protected":false},"author":2,"featured_media":134627,"comment_status":"","ping_status":"","sticky":false,"template":"","format":"standard","meta":{"footnotes":""},"categories":[1591],"tags":[11,10350,1887,1227,12,1885,1886,132],"class_list":{"0":"post-134626","1":"post","2":"type-post","3":"status-publish","4":"format-standard","5":"has-post-thumbnail","7":"category-russie","8":"tag-actualites","9":"tag-conflict","10":"tag-federation-de-russie","11":"tag-horizontal","12":"tag-news","13":"tag-russia","14":"tag-russian-federation","15":"tag-russie"},"share_on_mastodon":{"url":"https:\/\/pubeurope.com\/@fr\/114586178375602213","error":""},"_links":{"self":[{"href":"https:\/\/www.europesays.com\/fr\/wp-json\/wp\/v2\/posts\/134626","targetHints":{"allow":["GET"]}}],"collection":[{"href":"https:\/\/www.europesays.com\/fr\/wp-json\/wp\/v2\/posts"}],"about":[{"href":"https:\/\/www.europesays.com\/fr\/wp-json\/wp\/v2\/types\/post"}],"author":[{"embeddable":true,"href":"https:\/\/www.europesays.com\/fr\/wp-json\/wp\/v2\/users\/2"}],"replies":[{"embeddable":true,"href":"https:\/\/www.europesays.com\/fr\/wp-json\/wp\/v2\/comments?post=134626"}],"version-history":[{"count":0,"href":"https:\/\/www.europesays.com\/fr\/wp-json\/wp\/v2\/posts\/134626\/revisions"}],"wp:featuredmedia":[{"embeddable":true,"href":"https:\/\/www.europesays.com\/fr\/wp-json\/wp\/v2\/media\/134627"}],"wp:attachment":[{"href":"https:\/\/www.europesays.com\/fr\/wp-json\/wp\/v2\/media?parent=134626"}],"wp:term":[{"taxonomy":"category","embeddable":true,"href":"https:\/\/www.europesays.com\/fr\/wp-json\/wp\/v2\/categories?post=134626"},{"taxonomy":"post_tag","embeddable":true,"href":"https:\/\/www.europesays.com\/fr\/wp-json\/wp\/v2\/tags?post=134626"}],"curies":[{"name":"wp","href":"https:\/\/api.w.org\/{rel}","templated":true}]}}