{"id":134633,"date":"2025-05-28T15:34:08","date_gmt":"2025-05-28T15:34:08","guid":{"rendered":"https:\/\/www.europesays.com\/fr\/134633\/"},"modified":"2025-05-28T15:34:08","modified_gmt":"2025-05-28T15:34:08","slug":"en-ouganda-lallemagne-est-desormais-clouee-au-pilori","status":"publish","type":"post","link":"https:\/\/www.europesays.com\/fr\/134633\/","title":{"rendered":"En Ouganda, l\u2019Allemagne est d\u00e9sormais \u201cclou\u00e9e au pilori\u201d"},"content":{"rendered":"\n<p>\u201cDans tous les journaux d\u2019Ouganda, l\u2019Allemagne est clou\u00e9e au pilori\u201d, <a class=\"ithalc\" data-ithal=\"lien_externe\" data-ithalc=\"[nav_article]\" target=\"_blank\" href=\"https:\/\/taz.de\/Krise-zwischen-Uganda-und-Deutschland\/!6090592\/\" rel=\"noopener\">remarque la <strong>Tageszeitung<\/strong><\/a><strong>. <\/strong>Dimanche 25\u00a0mai, le porte-parole de l\u2019arm\u00e9e ougandaise Chris Magezi a annonc\u00e9 l\u2019arr\u00eat de toute forme de coop\u00e9ration militaire avec la r\u00e9publique f\u00e9d\u00e9rale.<\/p>\n<p><a class=\"ithalc\" data-ithal=\"lien_externe\" data-ithalc=\"[nav_article]\" target=\"_blank\" href=\"https:\/\/www.dw.com\/fr\/ouganda-denonce-activites-subversives-ambassadeur-allemand-kampala-berlin-rejette-accusations\/a-72676585\" rel=\"noopener\">La <strong>Deutsche Welle<\/strong> explique<\/a> que l\u2019arm\u00e9e ougandaise affirme disposer de \u201crapports cr\u00e9dibles\u201d confirmant les \u201cactivit\u00e9s subversives\u201d men\u00e9es par Matthias Schauer, ambassadeur d\u2019Allemagne \u00e0 Kampala. Selon le porte-parole, la suspension de la coop\u00e9ration durera jusqu\u2019\u00e0 la \u201cr\u00e9solution compl\u00e8te du probl\u00e8me concernant l\u2019implication de l\u2019ambassadeur avec des forces hostiles\u201d au gouvernement ougandais. Berlin d\u00e9ment toutes les accusations.<\/p>\n<p><a class=\"ithalc\" data-ithal=\"lien_externe\" data-ithalc=\"[nav_article]\" target=\"_blank\" href=\"https:\/\/www.monitor.co.ug\/uganda\/news\/national\/tensions-soar-as-uganda-cuts-defence-ties-with-germany-over-subversive-ambassador--5056324\" rel=\"noopener\"><strong>The Monitor<\/strong> ajoute<\/a> que Matthias Schauer et d\u2019autres diplomates ont critiqu\u00e9, la semaine derni\u00e8re, des propos tr\u00e8s virulents publi\u00e9s sur les r\u00e9seaux sociaux par Muhoozi Kainerugaba, fils du pr\u00e9sident Yoweri Museveni, et chef d\u2019\u00e9tat-major de l\u2019arm\u00e9e. \u00c0 la suite de ces critiques, Salim Saleh, fr\u00e8re du pr\u00e9sident Museveni, aurait promis de \u201ccontenir\u201d son neveu, le g\u00e9n\u00e9ral Kainerugaba. Le m\u00e9dia kenyan rapporte les propos de Saleh, en expliquant qu\u2019il qualifie Muhoozi d\u2019 \u201cofficier de la g\u00e9n\u00e9ration Z\u201d.<\/p>\n<p> <strong>\u201cAccusations absurdes\u201d<\/strong> <\/p>\n<p>Le minist\u00e8re des Affaires \u00e9trang\u00e8res allem<\/p>\n","protected":false},"excerpt":{"rendered":"\u201cDans tous les journaux d\u2019Ouganda, l\u2019Allemagne est clou\u00e9e au pilori\u201d, remarque la Tageszeitung. Dimanche 25\u00a0mai, le porte-parole de&hellip;\n","protected":false},"author":2,"featured_media":134634,"comment_status":"","ping_status":"","sticky":false,"template":"","format":"standard","meta":{"footnotes":""},"categories":[1587],"tags":[11,879,672,1804,1805,1803,1777,674,1801,1892,12,25140,1802],"class_list":{"0":"post-134633","1":"post","2":"type-post","3":"status-publish","4":"format-standard","5":"has-post-thumbnail","7":"category-allemagne","8":"tag-actualites","9":"tag-afrique","10":"tag-allemagne","11":"tag-bundesrepublik-deutschland","12":"tag-de","13":"tag-deutschland","14":"tag-eu","15":"tag-europe","16":"tag-germany","17":"tag-gu00e9opolitique","18":"tag-news","19":"tag-ouganda","20":"tag-republique-federale-dallemagne"},"share_on_mastodon":{"url":"https:\/\/pubeurope.com\/@fr\/114586194226574596","error":""},"_links":{"self":[{"href":"https:\/\/www.europesays.com\/fr\/wp-json\/wp\/v2\/posts\/134633","targetHints":{"allow":["GET"]}}],"collection":[{"href":"https:\/\/www.europesays.com\/fr\/wp-json\/wp\/v2\/posts"}],"about":[{"href":"https:\/\/www.europesays.com\/fr\/wp-json\/wp\/v2\/types\/post"}],"author":[{"embeddable":true,"href":"https:\/\/www.europesays.com\/fr\/wp-json\/wp\/v2\/users\/2"}],"replies":[{"embeddable":true,"href":"https:\/\/www.europesays.com\/fr\/wp-json\/wp\/v2\/comments?post=134633"}],"version-history":[{"count":0,"href":"https:\/\/www.europesays.com\/fr\/wp-json\/wp\/v2\/posts\/134633\/revisions"}],"wp:featuredmedia":[{"embeddable":true,"href":"https:\/\/www.europesays.com\/fr\/wp-json\/wp\/v2\/media\/134634"}],"wp:attachment":[{"href":"https:\/\/www.europesays.com\/fr\/wp-json\/wp\/v2\/media?parent=134633"}],"wp:term":[{"taxonomy":"category","embeddable":true,"href":"https:\/\/www.europesays.com\/fr\/wp-json\/wp\/v2\/categories?post=134633"},{"taxonomy":"post_tag","embeddable":true,"href":"https:\/\/www.europesays.com\/fr\/wp-json\/wp\/v2\/tags?post=134633"}],"curies":[{"name":"wp","href":"https:\/\/api.w.org\/{rel}","templated":true}]}}