{"id":134637,"date":"2025-05-28T15:36:12","date_gmt":"2025-05-28T15:36:12","guid":{"rendered":"https:\/\/www.europesays.com\/fr\/134637\/"},"modified":"2025-05-28T15:36:12","modified_gmt":"2025-05-28T15:36:12","slug":"le-politologue-specialiste-de-lislam-francois-burgat-relaxe-a-aix","status":"publish","type":"post","link":"https:\/\/www.europesays.com\/fr\/134637\/","title":{"rendered":"le politologue sp\u00e9cialiste de l&rsquo;Islam Fran\u00e7ois Burgat relax\u00e9 \u00e0 Aix"},"content":{"rendered":"<p>Le politologue<a href=\"https:\/\/www.editionsladecouverte.fr\/l_islamisme_en_face-9782707153470\" target=\"_blank\" rel=\"nofollow noopener\"> Fran\u00e7ois Burgat<\/a> a \u00e9t\u00e9 relax\u00e9 ce mercredi 28 mai 2025 par le tribunal correctionnel d&rsquo;Aix-en-Provence. Jug\u00e9 le 24 avril 2025\u00a0 pour apologie du terrorisme apr\u00e8s des publications sur X li\u00e9es au <a href=\"https:\/\/www.laprovence.com\/article\/france-monde\/1311921823793415\/gaza-le-hamas-dit-que-de-nouvelles-negociations-de-treve-nont-plus-dinteret\" target=\"_blank\" rel=\"nofollow noopener\">Hamas<\/a>, il risquait huit mois de prison avec sursis, 4 000 euros d&rsquo;amende, deux ans d&rsquo;in\u00e9ligibilit\u00e9 et la suspension de son compte X.<\/p>\n<p>\u00c0 l&rsquo;\u00e9nonc\u00e9 du jugement, Burgat a esquiss\u00e9 un large sourire avant de quitter la salle poing lev\u00e9. La pr\u00e9sidente a conclu avec ironie : \u00ab\u00a0Les r\u00e9seaux sociaux, c&rsquo;est comme<a href=\"https:\/\/www.laprovence.com\/article\/sante\/6614626\/quels-sont-les-moments-les-plus-difficiles-pour-sabstenir-de-boire-de-lalcool.html\" target=\"_blank\" rel=\"nofollow noopener\"> l&rsquo;alcool <\/a>: \u00e0 consommer avec mod\u00e9ration ! \u00ab\u00a0<\/p>\n<p>L&rsquo;universitaire s&rsquo;est f\u00e9licit\u00e9 de la d\u00e9cision tout en appelant \u00e0 la prudence : \u00ab\u00a0Beaucoup d&rsquo;autres n&rsquo;ont pas eu ma chance.\u00a0\u00bb<\/p>\n<p>Son avocat, M Rafik Chekkat, a salu\u00e9 \u00ab\u00a0une victoire du droit\u00a0\u00bb et rappel\u00e9 que le texte de loi avait \u00e9t\u00e9 con\u00e7u pour lutter contre les fili\u00e8res de recrutement en ligne de <a href=\"https:\/\/www.laprovence.com\/actu\/en-direct\/5400904\/demain-dans-la-provence-exclusif-des-enfants-de-djihadistes-vont-revenir-a-marseille.html\" target=\"_blank\" rel=\"nofollow noopener\">djihadistes<\/a>, non les opinions politiques.<\/p>\n","protected":false},"excerpt":{"rendered":"Le politologue Fran\u00e7ois Burgat a \u00e9t\u00e9 relax\u00e9 ce mercredi 28 mai 2025 par le tribunal correctionnel d&rsquo;Aix-en-Provence. Jug\u00e9&hellip;\n","protected":false},"author":2,"featured_media":134638,"comment_status":"","ping_status":"","sticky":false,"template":"","format":"standard","meta":{"footnotes":""},"categories":[1586],"tags":[17,11,26056,4616,26057,1777,674,1779,274,1011,27,26058,12,5261,26059,25,9937,1778,364],"class_list":{"0":"post-134637","1":"post","2":"type-post","3":"status-publish","4":"format-standard","5":"has-post-thumbnail","7":"category-europe","8":"tag-17","9":"tag-actualites","10":"tag-beaucoup","11":"tag-chance","12":"tag-dautres","13":"tag-eu","14":"tag-europe","15":"tag-european-union","16":"tag-faits-divers-justice","17":"tag-fr","18":"tag-france","19":"tag-nont","20":"tag-news","21":"tag-pas","22":"tag-politologue","23":"tag-republique-francaise","24":"tag-specialiste","25":"tag-ue","26":"tag-union-europeenne"},"share_on_mastodon":{"url":"https:\/\/pubeurope.com\/@fr\/114586201970823154","error":""},"_links":{"self":[{"href":"https:\/\/www.europesays.com\/fr\/wp-json\/wp\/v2\/posts\/134637","targetHints":{"allow":["GET"]}}],"collection":[{"href":"https:\/\/www.europesays.com\/fr\/wp-json\/wp\/v2\/posts"}],"about":[{"href":"https:\/\/www.europesays.com\/fr\/wp-json\/wp\/v2\/types\/post"}],"author":[{"embeddable":true,"href":"https:\/\/www.europesays.com\/fr\/wp-json\/wp\/v2\/users\/2"}],"replies":[{"embeddable":true,"href":"https:\/\/www.europesays.com\/fr\/wp-json\/wp\/v2\/comments?post=134637"}],"version-history":[{"count":0,"href":"https:\/\/www.europesays.com\/fr\/wp-json\/wp\/v2\/posts\/134637\/revisions"}],"wp:featuredmedia":[{"embeddable":true,"href":"https:\/\/www.europesays.com\/fr\/wp-json\/wp\/v2\/media\/134638"}],"wp:attachment":[{"href":"https:\/\/www.europesays.com\/fr\/wp-json\/wp\/v2\/media?parent=134637"}],"wp:term":[{"taxonomy":"category","embeddable":true,"href":"https:\/\/www.europesays.com\/fr\/wp-json\/wp\/v2\/categories?post=134637"},{"taxonomy":"post_tag","embeddable":true,"href":"https:\/\/www.europesays.com\/fr\/wp-json\/wp\/v2\/tags?post=134637"}],"curies":[{"name":"wp","href":"https:\/\/api.w.org\/{rel}","templated":true}]}}