{"id":134647,"date":"2025-05-28T15:43:09","date_gmt":"2025-05-28T15:43:09","guid":{"rendered":"https:\/\/www.europesays.com\/fr\/134647\/"},"modified":"2025-05-28T15:43:09","modified_gmt":"2025-05-28T15:43:09","slug":"roland-garros-moutet-prepare-son-duel-face-a-djokovic-la-plupart-des-mots-que-je-connais-en-serbe-ne-sont-pas-destines-au-grand-public-je-ne-vais-pas-vous-montrer-letendue-de-mon-talent","status":"publish","type":"post","link":"https:\/\/www.europesays.com\/fr\/134647\/","title":{"rendered":"Roland Garros > Moutet pr\u00e9pare son duel face \u00e0 Djokovic : \u00ab\u00a0La plupart des mots que je connais en serbe ne sont pas destin\u00e9s au grand public, je ne vais pas vous montrer\u00a0l&rsquo;\u00e9tendue de mon talent\u00a0\u00bb"},"content":{"rendered":"<p>Sorti victo\u00adrieux de son premier\u00a0tour contre son compa\u00adtriote Cl\u00e9ment Tabur en trois sets (6\u22123, 7\u20136 (6), 6\u20133), Corentin Moutet s\u2019im\u00adpa\u00adtiente de son duel face \u00e0 Novak Djokovic, programm\u00e9 jeudi 29 mai. Un tirage qui ne lui fait pas de cadeau, mais lui offre tout de m\u00eame la chance de livrer une belle bataille contre celui qu\u2019il qualifie dans les m\u00e9dias Serbes de \u00ab\u202fl\u00e9gende de ce sport\u202f\u00bb.<\/p>\n<p>Pour rappel, le joueur Tricolore \u00e9tait entrain\u00e9 par le Serbe Petar Popovic jusqu\u2019\u00e0 avril dernier. Et on peut deviner leurs sujets de discus\u00adsion lorsque l\u2019on observe la vari\u00e9t\u00e9 dans le voca\u00adbu\u00adlaire du 73e mondial\u2026<\/p>\n<p><strong>\u00ab\u202fBonsoir, comment allez\u2010vous\u202f? Voil\u00e0. Je ne connais plus aucun mot de serbe. La plupart des mots que je connais en serbe ne sont pas destin\u00e9s au grand public, je ne vais pas vous montrer l\u2019\u00e9tendue de mon talent. J\u2019ai dit en fran\u00ad\u00e7ais que c\u2019\u00e9tait un plaisir de jouer avec une l\u00e9gende de notre sport. J\u2019ai jou\u00e9 avec Nadal il y a quelques ann\u00e9es, c\u2019est un plaisir et un honneur de jouer contre lui. Ce n\u2019est pas un tirage facile, il pour\u00adrait \u00eatre plus facile au deuxi\u00e8me tour.\u202f\u00bb<\/strong><\/p>\n<p class=\"post-published-date\" style=\"color: silver; font-size: 75%; text-align: left;\">Publi\u00e9 le mercredi 28 mai 2025 \u00e0 15:15<\/p>\n","protected":false},"excerpt":{"rendered":"Sorti victo\u00adrieux de son premier\u00a0tour contre son compa\u00adtriote Cl\u00e9ment Tabur en trois sets (6\u22123, 7\u20136 (6), 6\u20133), Corentin&hellip;\n","protected":false},"author":2,"featured_media":134648,"comment_status":"","ping_status":"","sticky":false,"template":"","format":"standard","meta":{"footnotes":""},"categories":[1415],"tags":[105,1011,27,1960,60,1467],"class_list":{"0":"post-134647","1":"post","2":"type-post","3":"status-publish","4":"format-standard","5":"has-post-thumbnail","7":"category-tennis","8":"tag-djokovic","9":"tag-fr","10":"tag-france","11":"tag-nadal","12":"tag-sports","13":"tag-tennis"},"share_on_mastodon":{"url":"https:\/\/pubeurope.com\/@fr\/114586229302416418","error":""},"_links":{"self":[{"href":"https:\/\/www.europesays.com\/fr\/wp-json\/wp\/v2\/posts\/134647","targetHints":{"allow":["GET"]}}],"collection":[{"href":"https:\/\/www.europesays.com\/fr\/wp-json\/wp\/v2\/posts"}],"about":[{"href":"https:\/\/www.europesays.com\/fr\/wp-json\/wp\/v2\/types\/post"}],"author":[{"embeddable":true,"href":"https:\/\/www.europesays.com\/fr\/wp-json\/wp\/v2\/users\/2"}],"replies":[{"embeddable":true,"href":"https:\/\/www.europesays.com\/fr\/wp-json\/wp\/v2\/comments?post=134647"}],"version-history":[{"count":0,"href":"https:\/\/www.europesays.com\/fr\/wp-json\/wp\/v2\/posts\/134647\/revisions"}],"wp:featuredmedia":[{"embeddable":true,"href":"https:\/\/www.europesays.com\/fr\/wp-json\/wp\/v2\/media\/134648"}],"wp:attachment":[{"href":"https:\/\/www.europesays.com\/fr\/wp-json\/wp\/v2\/media?parent=134647"}],"wp:term":[{"taxonomy":"category","embeddable":true,"href":"https:\/\/www.europesays.com\/fr\/wp-json\/wp\/v2\/categories?post=134647"},{"taxonomy":"post_tag","embeddable":true,"href":"https:\/\/www.europesays.com\/fr\/wp-json\/wp\/v2\/tags?post=134647"}],"curies":[{"name":"wp","href":"https:\/\/api.w.org\/{rel}","templated":true}]}}