{"id":134678,"date":"2025-05-28T16:01:08","date_gmt":"2025-05-28T16:01:08","guid":{"rendered":"https:\/\/www.europesays.com\/fr\/134678\/"},"modified":"2025-05-28T16:01:08","modified_gmt":"2025-05-28T16:01:08","slug":"le-chef-de-la-bande-criminelle-corse-condamne-a-13-ans-de-prison-et-15-million-damende","status":"publish","type":"post","link":"https:\/\/www.europesays.com\/fr\/134678\/","title":{"rendered":"le \u00ab\u00a0chef\u00a0\u00bb de la bande criminelle corse condamn\u00e9 \u00e0 13 ans de prison et 1,5 million d&rsquo;amende"},"content":{"rendered":"<p>Dans son <a href=\"https:\/\/www.laprovence.com\/article\/faits-divers-justice\/1848636086506714\/tribunal-a-marseille-15-ans-de-prison-requis-contre-guy-orsoni-pour-avoir-voulu-se-venger-du-petit-bar\" target=\"_blank\" rel=\"noopener\">r\u00e9quisitoire-fleuve<\/a> de trois jours, achev\u00e9 le 30\u00a0avril, les deux repr\u00e9sentants du minist\u00e8re public avaient appel\u00e9 le tribunal correctionnel de <a href=\"https:\/\/www.laprovence.com\/bouches-du-rhone\/marseille-13055\" target=\"_blank\" rel=\"noopener\">Marseille<\/a> \u00e0 \u00ab\u00a0sonner le glas\u00a0\u00bb du <a href=\"https:\/\/www.laprovence.com\/article\/faits-divers-justice\/15019398980151\/proces-du-petit-bar-dernieres-plaidoiries-de-la-defense-ce-vendredi-apres-neuf-semaines-d-audience\" target=\"_blank\" rel=\"noopener\">Petit Bar<\/a>. Apr\u00e8s s\u2019\u00eatre retir\u00e9s le 16 mai pour d\u00e9lib\u00e9rer, les juges ont rendu leur d\u00e9cision dans l\u2019apr\u00e8s-midi de ce mercredi 28 mai dans le dossier baptis\u00e9 \u00ab\u00a0Email Diamant\u00a0\u00bb, visant les finances occultes de la bande criminelle corse.<\/p>\n<p>Vingt-quatre personnes \u00e9taient jug\u00e9es depuis le 24 f\u00e9vrier, pour \u00ab\u00a0blanchiment aggrav\u00e9 en bande organis\u00e9e\u00a0\u00bb, \u00ab\u00a0extorsion\u00a0\u00bb et \u00ab\u00a0association de malfaiteurs\u00a0\u00bb, elles ont \u00e9cop\u00e9 de peines allant jusqu\u2019\u00e0 13 ans de prison.<\/p>\n<p>\u00ab\u00a0Patron\u00a0\u00bb autoproclam\u00e9 du Petit Bar et d\u00e9sign\u00e9 comme le \u00ab\u00a0chef de clan\u00a0\u00bb par l\u2019accusation, <a href=\"https:\/\/www.laprovence.com\/article\/faits-divers-justice\/8070073020932814\/proces-du-petit-bar-jusqu-a-14-ans-d-emprisonnement-requis-a-l-encontre-des-24-prevenus\" target=\"_blank\" rel=\"noopener\">Jacques Santoni<\/a> a \u00e9cop\u00e9 de la plus lourde peine, soit 13 ann\u00e9es d\u2019emprisonnement et un million et demi d\u2019euros d\u2019amende. Un mandat d\u2019arr\u00eat a \u00e9galement \u00e9t\u00e9 \u00e9mis \u00e0 l\u2019encontre de l\u2019homme \u00e2g\u00e9 de 47\u00a0ans, t\u00e9trapl\u00e9gique depuis un accident de moto survenu en\u00a02003.<\/p>\n<p>Consid\u00e9r\u00e9 comme un membre \u00e9minent de l\u2019organisation criminelle, Michael Ettori, en fuite, a \u00e9t\u00e9 condamn\u00e9 \u00e0 12\u00a0ans de prison et un million et demi d\u2019euros d\u2019amende avec mandat d\u2019arr\u00eat. Compl\u00e9tant ce que l\u2019accusation d\u00e9signe comme \u00ab\u00a0le noyau dur du Petit Bar\u00a0\u00bb, Pascal Porri et Andr\u00e9 Bacchiolelli ont respectivement \u00e9t\u00e9 condamn\u00e9s \u00e0 10\u00a0ans de prison et un million d\u2019euros d\u2019amende et 5\u00a0ans de prison et 300\u00a0000\u00a0\u20ac d\u2019amende, avec mandat de d\u00e9p\u00f4t diff\u00e9r\u00e9.<\/p>\n<p>Pr\u00e9sent\u00e9e comme \u00ab\u00a0la femme du chef de clan et son \u00e9gale au f\u00e9minin\u00a0\u00bb par le parquet, Sonia Susini a \u00e9t\u00e9 condamn\u00e9e \u00e0 cinq ans de prison, dont deux assortis du sursis et 150 000 \u20ac d\u2019amende. La compagne de Michael Ettori, Saveria Lucchini et l\u2019ex-femme de Pascal Porri, Val\u00e9rie Mouren ont quant \u00e0 elle \u00e9cop\u00e9 de quatre ans de prison dont dix-huit mois assortis d\u2019un sursis et 200 000 \u20ac et un an ferme am\u00e9nag\u00e9 et 16 000 \u20ac d\u2019amende. Un mandat d\u2019arr\u00eat a \u00e9t\u00e9 \u00e9mis \u00e0 l\u2019encontre des deux femmes.<\/p>\n<p>Le promoteur immobilier Antony Perrino, plac\u00e9 par l\u2019accusation au sein m\u00eame de l\u2019organisation criminelle, a \u00e9t\u00e9 condamn\u00e9 \u00e0 cinq ans de prison dont trente mois assortis d\u2019un sursis et 750\u00a0000\u00a0\u20ac d\u2019amende, la partie ferme ayant \u00e9t\u00e9 am\u00e9nag\u00e9e. \u00ab\u00a0Le tribunal a rendu une d\u00e9cision que l\u2019on peut qualifier de satisfaisante et compl\u00e8tement accept\u00e9e, r\u00e9agit son avocat, Me Julien Pinelli. Une question pesait depuis quatre ans sur Antony Perrino\u00a0: est-il oui ou non membre d\u2019une organisation criminelle\u00a0? Les juges ont r\u00e9pondu non.\u00a0\u00bb<\/p>\n<p>Quant au multimillionnaire Jean-Pierre Valentini qui affirmait avoir \u00e9t\u00e9 \u00ab\u00a0bern\u00e9\u00a0\u00bb par le Petit Bar, la justice l\u2019a condamn\u00e9 \u00e0 quatre ans de prison avec sursis et 750\u00a0000\u00a0\u20ac d\u2019amende. \u00ab\u00a0Jean-Pierre Valentini n\u2019est pas le complice du Petit Bar et le tribunal vient de le dire\u00a0\u00bb, conclut Me Jean-Charles Vincensini, l\u2019un des avocats de Jean-Pierre Valentini.<\/p>\n<p>Deux pr\u00e9venus ont \u00e9t\u00e9 relax\u00e9s et sept mandats d\u2019arr\u00eat ont \u00e9t\u00e9 \u00e9mis.<\/p>\n","protected":false},"excerpt":{"rendered":"Dans son r\u00e9quisitoire-fleuve de trois jours, achev\u00e9 le 30\u00a0avril, les deux repr\u00e9sentants du minist\u00e8re public avaient appel\u00e9 le&hellip;\n","protected":false},"author":2,"featured_media":134679,"comment_status":"","ping_status":"","sticky":false,"template":"","format":"standard","meta":{"footnotes":""},"categories":[4],"tags":[17,11,26062,9732,7818,2517,6696,274,1011,27,12,15864,2694,25],"class_list":{"0":"post-134678","1":"post","2":"type-post","3":"status-publish","4":"format-standard","5":"has-post-thumbnail","7":"category-france","8":"tag-17","9":"tag-actualites","10":"tag-bande","11":"tag-bar","12":"tag-chef","13":"tag-corse","14":"tag-criminelle","15":"tag-faits-divers-justice","16":"tag-fr","17":"tag-france","18":"tag-news","19":"tag-petit","20":"tag-proces","21":"tag-republique-francaise"},"share_on_mastodon":{"url":"https:\/\/pubeurope.com\/@fr\/114586300167602345","error":""},"_links":{"self":[{"href":"https:\/\/www.europesays.com\/fr\/wp-json\/wp\/v2\/posts\/134678","targetHints":{"allow":["GET"]}}],"collection":[{"href":"https:\/\/www.europesays.com\/fr\/wp-json\/wp\/v2\/posts"}],"about":[{"href":"https:\/\/www.europesays.com\/fr\/wp-json\/wp\/v2\/types\/post"}],"author":[{"embeddable":true,"href":"https:\/\/www.europesays.com\/fr\/wp-json\/wp\/v2\/users\/2"}],"replies":[{"embeddable":true,"href":"https:\/\/www.europesays.com\/fr\/wp-json\/wp\/v2\/comments?post=134678"}],"version-history":[{"count":0,"href":"https:\/\/www.europesays.com\/fr\/wp-json\/wp\/v2\/posts\/134678\/revisions"}],"wp:featuredmedia":[{"embeddable":true,"href":"https:\/\/www.europesays.com\/fr\/wp-json\/wp\/v2\/media\/134679"}],"wp:attachment":[{"href":"https:\/\/www.europesays.com\/fr\/wp-json\/wp\/v2\/media?parent=134678"}],"wp:term":[{"taxonomy":"category","embeddable":true,"href":"https:\/\/www.europesays.com\/fr\/wp-json\/wp\/v2\/categories?post=134678"},{"taxonomy":"post_tag","embeddable":true,"href":"https:\/\/www.europesays.com\/fr\/wp-json\/wp\/v2\/tags?post=134678"}],"curies":[{"name":"wp","href":"https:\/\/api.w.org\/{rel}","templated":true}]}}