{"id":134684,"date":"2025-05-28T16:04:13","date_gmt":"2025-05-28T16:04:13","guid":{"rendered":"https:\/\/www.europesays.com\/fr\/134684\/"},"modified":"2025-05-28T16:04:13","modified_gmt":"2025-05-28T16:04:13","slug":"verney-carron-la-reprise-par-rivolier-ou-fn-browning-se-joue-maintenant","status":"publish","type":"post","link":"https:\/\/www.europesays.com\/fr\/134684\/","title":{"rendered":"Verney-Carron\u00a0: la reprise par Rivolier ou FN Browning se joue maintenant"},"content":{"rendered":"<p class=\"is-style-chapo\">Mais encore une fois, il faudra apparemment attendre\u00a0\u2013 cette fois-ci, jusqu\u2019\u00e0 une semaine environ \u2013 pour conna\u00eetre le d\u00e9lib\u00e9r\u00e9 du tribunal de commerce de Saint-Etienne. Alors que le plan de continuation de Cybergun avec la soci\u00e9t\u00e9 publique belge FN Browning n\u2019aura finalement pas exist\u00e9, cette derni\u00e8re est \u00ab\u00a0finaliste\u00a0\u00bb aux c\u00f4t\u00e9s du for\u00e9zien Rivolier pour reprendre et maintenir dans le bassin st\u00e9phanois l\u2019activit\u00e9 de Verney-Carron. \u00a0<\/p>\n<p><img fetchpriority=\"high\" decoding=\"async\" width=\"1024\" height=\"576\" src=\"https:\/\/www.europesays.com\/fr\/wp-content\/uploads\/2025\/04\/20221209_151045-1024x7682-1-1024x576.jpg\" alt=\"Verney-Carron. XA\" class=\"wp-image-76955\"  \/>Verney-Carron devrait officiellement avoir un nouveau propri\u00e9taire d\u2019ici que. XA<\/p>\n<p>Ce n\u2019est pas commun. Apr\u00e8s analyse des offres de reprise respectives de Verney-Carron \u2013 objet d\u2019une audience du tribunal du commerce de Saint-Etienne ce mercredi 28 mai \u2013, la CGT, seul syndicat repr\u00e9sent\u00e9 dans le personnel, ne donne pas de pr\u00e9f\u00e9rence et pr\u00e9f\u00e8re se prononcer, de fa\u00e7on collective \u00ab\u00a0neutre\u00a0\u00bb. D\u2019un c\u00f4t\u00e9, la reprise propos\u00e9e par le For\u00e9zien Rivolier (281 salari\u00e9s, 130 M\u20ac de CA consolid\u00e9), bas\u00e9e \u00e0 Saint-Just-Saint-Rambert, distributeur, y compris de produits de Verney-Carron, d\u2019armes de chasse, ainsi que d\u2019armes et \u00e9quipements pour les forces de l\u2019ordre et l\u2019arm\u00e9e\u00a0: 55 emplois sur 67 existants maintenus. Offre d\u2019ailleurs argu\u00e9e par un <a href=\"https:\/\/www.rivoliergroup.com\/le-groupe-rivolier-se-positionne-pour-la-reprise-de-verney-carron\/\" target=\"_blank\" rel=\"noreferrer noopener\">communiqu\u00e9<\/a> sp\u00e9cifique. De l\u2019autre, celle du fabricant d\u2019armes belge, ETI propri\u00e9t\u00e9 de la R\u00e9gion Wallonne, <a href=\"https:\/\/www.google.com\/url?sa=t&amp;source=web&amp;rct=j&amp;opi=89978449&amp;url=https:\/\/fnbrowninggroup.com\/fr\/&amp;ved=2ahUKEwjZjMmju8aNAxXRVqQEHdUaALcQFnoECBoQAQ&amp;usg=AOvVaw3xb7kJfij-qMu866lluho_\" target=\"_blank\" rel=\"noreferrer noopener\">FN Browning<\/a> (908 M\u20ac de CA consolid\u00e9 en 2023, 3\u00a0000 salari\u00e9s).<\/p>\n<p>Les deux comptent bien maintenir l\u2019activit\u00e9 industrielle dans ses locaux actuels avant, peut-\u00eatre, d\u2019envisager de nouveaux cieux mais toujours st\u00e9phanois, sinon d\u2019imm\u00e9diate proximit\u00e9. Rappelons que le cheminement administratif vis-\u00e0-vis de l\u2019Etat et des collectivit\u00e9s locales pour cr\u00e9er un nouveau site n\u2019est pas enterr\u00e9 mais seulement au cong\u00e9lateur. Tout comme l\u2019\u00e9ventualit\u00e9 de reconstruire sur place d\u2019ailleurs\u2026\u00a0L\u2019urgence n\u2019est pas l\u00e0\u00a0: l\u2019urgence consiste \u00e0 red\u00e9marrer la production, honorer un carnet de commande loin d\u2019\u00eatre vide, comme l\u2019entreprise est encore parvenue \u00e0 le faire, certes marginalement, au chapitre s\u00e9curit\u00e9 int\u00e9rieur et comme elle ne peut pas encore le faire c\u00f4t\u00e9 chasse, 80 % de son activit\u00e9. Les livraisons en vue de la prochaine saison devraient avoir commenc\u00e9\u2026 Pas irrattrapables, \u00e0 condition de mettre les bouch\u00e9es doubles et environ 2 M\u20ac imm\u00e9diatement\u00a0: pas que mais principalement pour s\u2019acquitter des factures fournisseurs que ce red\u00e9marrage induit.<\/p>\n<p>Aveu de \u00ab\u00a0soulagement\u00a0\u00bb<\/p>\n<p>Une capacit\u00e9 d\u2019investissement \u00ab\u00a0d\u2019urgence\u00a0\u00bb, bien s\u00fbr dans les cordes de Rivolier et FN Browning avant m\u00eame de montrer patte blanche sur leur capacit\u00e9 \u00e0 concr\u00e9tiser de futurs modernisations et investissements cons\u00e9quents pour p\u00e9renniser et amplifier la production de Verney-Carron. \u00ab\u00a0Les deux plans ont leurs avantages mais aussi leurs inconv\u00e9nients mas les deux sont solides, s\u00e9rieux d\u00e9montrant des capacit\u00e9s de d\u00e9veloppement avec des gens qui connaissent le m\u00e9tier\u00a0: \u00e7a ne fait pas de doute, indiquent ce mercredi \u00e0 If Pascal Darnon et R\u00e9mi Daffaut, repr\u00e9sentants CGT. Il ne faut cependant pas oublier que quoi qu\u2019il arrive, de 12 \u00e0 17 personnes vont perdre leur job en juin malgr\u00e9 tout. En esp\u00e9rant qu\u2019une reprise d\u2019activit\u00e9 puis son augmentation permettent leur retour, on pouvait esp\u00e9rer mieux. Parmi les salari\u00e9s, les avis sont tr\u00e8s vari\u00e9s vis-\u00e0-vis des deux plans\u00a0: entre plus d\u2019emplois d\u2019un c\u00f4t\u00e9 et plus d\u2019argent, plus de capacit\u00e9 \u00e0 investir de l\u2019autre\u2026\u00a0\u00bb D\u2019o\u00f9 \u00ab\u00a0l\u2019aveu\u00a0\u00bb, collectif, de \u00ab\u00a0neutralit\u00e9\u00a0\u00bb.<\/p>\n<blockquote>\n<p>Les deux plans sont solides, s\u00e9rieux. (\u2026) Mais il ne faut cependant pas oublier que quoi qu\u2019il arrive, de 12 \u00e0 17 personnes vont perdre leur job en juin.<\/p>\n<p>Repr\u00e9sentants CGT de Verney-Carron<\/p><\/blockquote>\n<p>Autre aveu des syndicalistes\u00a0: celui d\u2019un \u00ab\u00a0soulagement\u00a0\u00bb en constatant Cybergun d\u00e9finitivement hors-jeu. Historiquement positionn\u00e9 sur le segment civil et r\u00e9cr\u00e9atif (airsoft, airgun, etc.), le groupe avait pris le contr\u00f4le en 2022 de Verney-Carron, d\u00e9j\u00e0 en difficult\u00e9s et jusque-l\u00e0 dans des mains familiales (d\u2019ailleurs toujours l\u00e0 au niveau op\u00e9rationnel) dans le cadre d\u2019un processus de diversification vers le militaire et la s\u00e9curit\u00e9 int\u00e9rieure. Mais il n\u2019est pas parvenu \u00e0 concr\u00e9tiser ses promesses de d\u00e9veloppement. Faute de voir se concr\u00e9tiser de la part de l\u2019Etat et, en lien avec le parrainage, de ce dernier, de l\u2019Ukraine les march\u00e9s attendus au niveau militaire. Faute d\u2019une connaissance r\u00e9elle du secteur, de m\u00e9tiers tr\u00e8s particuliers et de la solidit\u00e9, entre autres financi\u00e8re, \u00e0 l\u2019\u00e9preuve du feu que ceux-ci exigent, contredisent la CGT ainsi que d\u2019autres acteurs st\u00e9phanois que nous avons progressivement interrog\u00e9s sur ce <a href=\"https:\/\/www.if-saint-etienne.fr\/?s=verney+carron\" target=\"_blank\" rel=\"noreferrer noopener\">dossier<\/a>. C\u2019\u00e9tait d\u2019abord un plan de continuation qu\u2019avait propos\u00e9 en f\u00e9vrier son PDG Hugo Brugi\u00e8re impliquant d\u00e9j\u00e0 FN Browning pr\u00eat \u00e0 reprendre 65 % des parts.<\/p>\n<p>Une histoire de confiance<\/p>\n<p>Ce plan n\u2019aura finalement m\u00eame pas \u00e9t\u00e9 d\u00e9pos\u00e9 au tribunal alors que, parall\u00e8lement, un plan de cession \u00e9tait lanc\u00e9 d\u00e9bouchant sur quatre d\u00e9p\u00f4ts d\u2019offre le 5 mai. Les deux cit\u00e9s ci-dessus donc mais aussi celui de la PME Atalante Strat\u00e9gic, bas\u00e9e en Bretagne, sp\u00e9cialis\u00e9e dans la formation au maniement d\u2019armes. Et d\u2019un autre local\u00a0: ACI (1\u00a0590 salari\u00e9s, 35 usines en France), associ\u00e9 \u00e0 Sofema, distributeur fran\u00e7ais de mat\u00e9riel militaire. Les deux se sont rapidement retir\u00e9s ne faisant visiblement pas le poids face aux projets de Rivolier (lui-m\u00eame associ\u00e9 au Tch\u00e8que RSBC) et de FN Browning. Ce matin, dans un communiqu\u00e9, Cybergun annonce sans grande surprise soutenir le dossier belge \u00ab\u00a0consid\u00e9rant qu\u2019il s\u2019agit de l\u2019offre la mieux disante pour l\u2019ensemble des parties-prenantes\u00a0\u00bb. Le groupe se dit \u00e0 disposition imm\u00e9diate pour faciliter la reprise tout en prenant acte que\u00a0la pr\u00e9sentation de son \u00ab\u00a0plan de continuation n\u2019\u00e9tait pas possible faute d\u2019avoir pu satisfaire aux conditions pr\u00e9alables\u00a0\u00bb.<\/p>\n<p>Il manquait tenacement ces fameux 2,5 M\u20ac de cash pour y parvenir. 2 M\u20ac ayant \u00e9t\u00e9 obtenus par la vente des locaux \u00e0 la Ville de Saint-Etienne, venue proposer son secours \u00e0 la situation. Une promesse d\u2019achat d\u00e9sormais caduque du fait de l\u2019abandon du plan de continuation. Quant au reste de la somme, la sollicitation aupr\u00e8s du gouvernement au titre de sa volont\u00e9 de r\u00e9armer le pays dans le contexte qu\u2019il conna\u00eet, s\u2019est heurt\u00e9e \u00e0 une fin de non-recevoir. Il semble que la confiance port\u00e9e \u00e0 Cybergun par plus d\u2019une partie (des syndicats), se soit \u00e9gren\u00e9e, peut-\u00eatre pas aid\u00e9e par ces r\u00e9v\u00e9lations autour de son PDG de la part de nos confr\u00e8res de <a href=\"https:\/\/www.linforme.com\/banque-finance\/article\/hugo-brugiere-cybergun-verney-carron-pharnext-preoccupe-l-amf-le-pnf-saisi_2747.html\" target=\"_blank\" rel=\"noreferrer noopener\">L\u2019Inform\u00e9<\/a> il y a un peu plus d\u2019un mois. Nous avons essay\u00e9 de contacter ce jour Hugo Brugi\u00e8re pour d\u00e9tailler son point de vue \u00e0 ce stade, comme il l\u2019a d\u00e9j\u00e0 fait pr\u00e9c\u00e9demment dans nos colonnes mais ne sommes pas parvenus \u00e0 le joindre. \u00a0\u00a0<\/p>\n<p>\u00ab\u00a0Valeur refuge\u00a0\u00bb<\/p>\n<blockquote class=\"wp-block-quote is-layout-flow wp-block-quote-is-layout-flow\">\n<p>Ce n\u2019est pas \u00e0 Verney-Carron que l\u2019Etat ne voulait pas pr\u00eater d\u2019argent mais \u00e0 Cybergun.\u00a0<\/p>\n<\/blockquote>\n<p>Selon certaines sources \u00ab\u00a0proches du dossier\u00a0\u00bb, \u00ab\u00a0sa \u00ab\u00a0campagne de presse\u00a0\u00bb trop pouss\u00e9e et h\u00e2tive autour de ce rapprochement, effectif pourtant, a pas mal agac\u00e9 les dirigeants de FN Browning. Comme il a lass\u00e9 et agac\u00e9 un peu tout le monde en s\u2019avan\u00e7ant trop vite, \u00e0 tous points de vue \u2013 sur le <a href=\"https:\/\/www.if-saint-etienne.fr\/economie\/industrie\/verney-carron-va-fournir-12-000-fusils-a-lukraine\" target=\"_blank\" rel=\"noreferrer noopener\">contrat avec l\u2019Ukraine<\/a> dont l\u2019ex\u00e9cution n\u2019\u00e9tait pas acquise par exemple \u2013 depuis la reprise de l\u2019entreprise. Ce n\u2019est pas \u00e0 Verney-Carron que l\u2019Etat ne voulait pas pr\u00eater d\u2019argent mais \u00e0 Cybergun.\u00a0\u00bb Pas de quoi, cependant refroidir pour autant l\u2019int\u00e9r\u00eat port\u00e9 par des acteurs cons\u00e9quents au fabricant historique st\u00e9phanois de fusils. <\/p>\n<p>Et pour cause, estime la CGT\u00a0: \u00ab\u00a0Tout le monde sait que des appels d\u2019offre de l\u2019Etat fran\u00e7ais vont tomber. Probablement au niveau militaire (Verney-Carron a mis au point un fusil d\u2019assaut \u00e0 la qualit\u00e9 reconnue et par ailleurs d\u00e9j\u00e0 vendu en petits volumes \u00e0 l\u2019\u00e9tranger mais refus\u00e9 il y a plusieurs ann\u00e9es par l\u2019Etat \u00e0 la succession du Famas\u00a0; c\u2019\u00e9tait avant le conflit ukrainien, Ndlr), plus assur\u00e9ment encore au niveau de la s\u00e9curit\u00e9 int\u00e9rieur.\u00a0Tout le monde sait aussi que notre savoir-faire dans le non l\u00e9tal \u00e0 peu, voire pas d\u2019\u00e9quivalents (le flashball, Ndlr) et qu\u2019il s\u2019agit l\u00e0 d\u2019une v\u00e9ritable une poule aux \u0153ufs d\u2019or\u2026 Dans un contexte g\u00e9n\u00e9ral soumis \u00e0 une multitude de d\u00e9fis \u00e9conomiques, politiques, \u00e9cologiques, le segment sur lequel nous sommes est une v\u00e9ritable valeur refuge. \u00bb<\/p>\n","protected":false},"excerpt":{"rendered":"Mais encore une fois, il faudra apparemment attendre\u00a0\u2013 cette fois-ci, jusqu\u2019\u00e0 une semaine environ \u2013 pour conna\u00eetre le&hellip;\n","protected":false},"author":2,"featured_media":51481,"comment_status":"","ping_status":"","sticky":false,"template":"","format":"standard","meta":{"footnotes":""},"categories":[9653],"tags":[1111,11,1924,2430,3235,1777,674,26063,1011,27,693,10326,12,10328,26064,25,26065,4001,10329,10330],"class_list":{"0":"post-134684","1":"post","2":"type-post","3":"status-publish","4":"format-standard","5":"has-post-thumbnail","7":"category-saint-etienne","8":"tag-actu","9":"tag-actualites","10":"tag-armement","11":"tag-auvergne-rhone-alpes","12":"tag-effectif","13":"tag-eu","14":"tag-europe","15":"tag-fn-browning-group","16":"tag-fr","17":"tag-france","18":"tag-industrie","19":"tag-industrie-loire","20":"tag-news","21":"tag-plan-de-sauvergarde-de-verney-carron","22":"tag-reprise-dentreprise","23":"tag-republique-francaise","24":"tag-rivolier","25":"tag-saint-etienne","26":"tag-tribunal-de-commerce-de-saint-etienne","27":"tag-verney-carron"},"share_on_mastodon":{"url":"https:\/\/pubeurope.com\/@fr\/114586311971575186","error":""},"_links":{"self":[{"href":"https:\/\/www.europesays.com\/fr\/wp-json\/wp\/v2\/posts\/134684","targetHints":{"allow":["GET"]}}],"collection":[{"href":"https:\/\/www.europesays.com\/fr\/wp-json\/wp\/v2\/posts"}],"about":[{"href":"https:\/\/www.europesays.com\/fr\/wp-json\/wp\/v2\/types\/post"}],"author":[{"embeddable":true,"href":"https:\/\/www.europesays.com\/fr\/wp-json\/wp\/v2\/users\/2"}],"replies":[{"embeddable":true,"href":"https:\/\/www.europesays.com\/fr\/wp-json\/wp\/v2\/comments?post=134684"}],"version-history":[{"count":0,"href":"https:\/\/www.europesays.com\/fr\/wp-json\/wp\/v2\/posts\/134684\/revisions"}],"wp:featuredmedia":[{"embeddable":true,"href":"https:\/\/www.europesays.com\/fr\/wp-json\/wp\/v2\/media\/51481"}],"wp:attachment":[{"href":"https:\/\/www.europesays.com\/fr\/wp-json\/wp\/v2\/media?parent=134684"}],"wp:term":[{"taxonomy":"category","embeddable":true,"href":"https:\/\/www.europesays.com\/fr\/wp-json\/wp\/v2\/categories?post=134684"},{"taxonomy":"post_tag","embeddable":true,"href":"https:\/\/www.europesays.com\/fr\/wp-json\/wp\/v2\/tags?post=134684"}],"curies":[{"name":"wp","href":"https:\/\/api.w.org\/{rel}","templated":true}]}}