{"id":13469,"date":"2025-04-09T20:14:11","date_gmt":"2025-04-09T20:14:11","guid":{"rendered":"https:\/\/www.europesays.com\/fr\/13469\/"},"modified":"2025-04-09T20:14:11","modified_gmt":"2025-04-09T20:14:11","slug":"multimedia-les-pays-membres-de-lue-approuvent-les-premieres-mesures-de-retorsion-contre-les-droits-de-douane-americains-xinhua","status":"publish","type":"post","link":"https:\/\/www.europesays.com\/fr\/13469\/","title":{"rendered":"(Multim\u00e9dia) Les pays membres de l&rsquo;UE approuvent les premi\u00e8res mesures de r\u00e9torsion contre les droits de douane am\u00e9ricains &#8211; Xinhua"},"content":{"rendered":"<p><img decoding=\"async\" controls=\"controls\" src=\"https:\/\/www.europesays.com\/fr\/wp-content\/uploads\/2025\/04\/202504100afe33a799c94f09bddfc508e9fe0367_CbsbffF007018_20250410_CBMFN0A001.JPG\"\/>Photo prise le 4 octobre 2024 montrant le b\u00e2timent de la Commission europ\u00e9enne \u00e0 Bruxelles, en Belgique. (Xinhua\/Zhao Dingzhe)<\/p>\n<p><strong>Les Etats membres de l&rsquo;Union europ\u00e9enne (UE) ont approuv\u00e9 mercredi leur premier paquet de mesures de r\u00e9torsion contre les droits de douane du pr\u00e9sident am\u00e9ricain Donald Trump.<\/strong><\/p>\n<p>BRUXELLES, 9 avril (Xinhua) &#8212; Les Etats membres de l&rsquo;Union europ\u00e9enne (UE) ont approuv\u00e9 mercredi leur premier paquet de mesures de r\u00e9torsion contre les droits de douane du pr\u00e9sident am\u00e9ricain Donald Trump.<\/p>\n<p>L&rsquo;UE consid\u00e8re que les droits de douane am\u00e9ricains sont injustifi\u00e9s et pr\u00e9judiciables, causant un pr\u00e9judice \u00e9conomique aux deux parties, ainsi qu&rsquo;\u00e0 l&rsquo;\u00e9conomie mondiale, a d\u00e9clar\u00e9 la Commission europ\u00e9enne dans un communiqu\u00e9.<\/p>\n<p>La Commission europ\u00e9enne a propos\u00e9 lundi des droits de douane de r\u00e9torsion, fixant la plupart d&rsquo;entre eux \u00e0 25%. Les droits de douane visent une s\u00e9rie d&rsquo;importations am\u00e9ricaines en r\u00e9ponse aux taxes impos\u00e9es par Washington sur l&rsquo;acier et l&rsquo;aluminium.<\/p>\n<p>La liste cible des produits agricoles et industriels tels que le soja, la volaille, le tabac, le fer, les motos, le fil dentaire, l&rsquo;acier et l&rsquo;aluminium. L&rsquo;ann\u00e9e derni\u00e8re, ces marchandises avaient repr\u00e9sent\u00e9 au total quelque 22 milliards d&rsquo;euros (environ 24,3 milliards de dollars).<\/p>\n","protected":false},"excerpt":{"rendered":"Photo prise le 4 octobre 2024 montrant le b\u00e2timent de la Commission europ\u00e9enne \u00e0 Bruxelles, en Belgique. (Xinhua\/Zhao&hellip;\n","protected":false},"author":2,"featured_media":13470,"comment_status":"","ping_status":"","sticky":false,"template":"","format":"standard","meta":{"footnotes":""},"categories":[1586],"tags":[11,2388,1777,674,1779,1011,27,12,25,1778,364,308],"class_list":{"0":"post-13469","1":"post","2":"type-post","3":"status-publish","4":"format-standard","5":"has-post-thumbnail","7":"category-europe","8":"tag-actualites","9":"tag-droits-de-douane","10":"tag-eu","11":"tag-europe","12":"tag-european-union","13":"tag-fr","14":"tag-france","15":"tag-news","16":"tag-republique-francaise","17":"tag-ue","18":"tag-union-europeenne","19":"tag-usa"},"share_on_mastodon":{"url":"https:\/\/pubeurope.com\/@fr\/114309842324245290","error":""},"_links":{"self":[{"href":"https:\/\/www.europesays.com\/fr\/wp-json\/wp\/v2\/posts\/13469","targetHints":{"allow":["GET"]}}],"collection":[{"href":"https:\/\/www.europesays.com\/fr\/wp-json\/wp\/v2\/posts"}],"about":[{"href":"https:\/\/www.europesays.com\/fr\/wp-json\/wp\/v2\/types\/post"}],"author":[{"embeddable":true,"href":"https:\/\/www.europesays.com\/fr\/wp-json\/wp\/v2\/users\/2"}],"replies":[{"embeddable":true,"href":"https:\/\/www.europesays.com\/fr\/wp-json\/wp\/v2\/comments?post=13469"}],"version-history":[{"count":0,"href":"https:\/\/www.europesays.com\/fr\/wp-json\/wp\/v2\/posts\/13469\/revisions"}],"wp:featuredmedia":[{"embeddable":true,"href":"https:\/\/www.europesays.com\/fr\/wp-json\/wp\/v2\/media\/13470"}],"wp:attachment":[{"href":"https:\/\/www.europesays.com\/fr\/wp-json\/wp\/v2\/media?parent=13469"}],"wp:term":[{"taxonomy":"category","embeddable":true,"href":"https:\/\/www.europesays.com\/fr\/wp-json\/wp\/v2\/categories?post=13469"},{"taxonomy":"post_tag","embeddable":true,"href":"https:\/\/www.europesays.com\/fr\/wp-json\/wp\/v2\/tags?post=13469"}],"curies":[{"name":"wp","href":"https:\/\/api.w.org\/{rel}","templated":true}]}}