{"id":1347,"date":"2025-04-03T00:52:13","date_gmt":"2025-04-03T00:52:13","guid":{"rendered":"https:\/\/www.europesays.com\/fr\/1347\/"},"modified":"2025-04-03T00:52:13","modified_gmt":"2025-04-03T00:52:13","slug":"laccord-de-mar-a-lago-le-projet-qui-explique-toute-la-politique-economique-de-donald-trump","status":"publish","type":"post","link":"https:\/\/www.europesays.com\/fr\/1347\/","title":{"rendered":"L\u2019\u00abaccord de Mar-a-Lago\u00bb, le projet qui explique toute la politique \u00e9conomique de Donald Trump"},"content":{"rendered":"<p>              <a tabindex=\"-1\" title=\"S\u00e9bastien Ruche\" href=\"https:\/\/www.letemps.ch\/profil\/sebastien-ruche\" target=\"_blank\" rel=\"noopener\"><\/p>\n<p>                    <img decoding=\"async\" src=\"https:\/\/www.europesays.com\/fr\/wp-content\/uploads\/2025\/04\/1743641533_736_small.jpeg\" class=\"lazy\" alt=\"\"\/><\/p>\n<p><\/a>        <\/p>\n<p>    Publi\u00e9 le 02 avril 2025 \u00e0 05:05. \/ Modifi\u00e9 le 02 avril 2025 \u00e0 19:26.<\/p>\n<p> 4 min. de lecture<\/p>\n<p class=\"article__abstract-call-to-action\" data-ariato=\"TrackableElement\" data-trackable-element-type=\"article_abstract_cta\" data-trackable-element-location=\"article_header\" data-trackable-element-id=\"490287\">\n          <a data-event=\"click-&gt;clicked\" href=\"https:\/\/www.letemps.ch\/abonnements\" target=\"_blank\" rel=\"noopener\">Abonnez-vous<\/a> pour acc\u00e9der au r\u00e9sum\u00e9 en 20 secondes.\n        <\/p>\n<p>Ce sera peut-\u00eatre la prochaine \u00e9tape de la politique \u00e9conomique de Donald Trump, apr\u00e8s l\u2019\u00e9pisode des tarifs douaniers, qui conna\u00eetra une \u00e9tape d\u00e9cisive ce mercredi. L\u2019\u00abaccord de Mar-a-Lago\u00bb peut aussi \u00eatre vu comme le socle de cette politique, qui lui donne une coh\u00e9rence et des outils. Ce qui n\u2019est pour le moment qu\u2019une r\u00e9flexion vise \u00e0 cr\u00e9er un nouveau syst\u00e8me mon\u00e9taire international, comme l\u2019avaient fait les accords de Bretton Woods en 1944 ou ceux du Plaza en 1985.<\/p>\n<p>Ces trait\u00e9s \u00e9tant toujours associ\u00e9s au lieu o\u00f9 ils sont n\u00e9goci\u00e9s, l\u2019id\u00e9e serait ici que la r\u00e9sidence floridienne du pr\u00e9sident r\u00e9publicain accueille les \u00e9ventuelles futures tractations sur le nouvel ordre mondial imagin\u00e9 par son camp. M\u00eame s\u2019il ne verra peut-\u00eatre jamais le jour, cet accord permet de comprendre la logique du pr\u00e9sident de la premi\u00e8re puissance \u00e9conomique mondiale.<\/p>\n<p>    Le reste de l\u2019article est r\u00e9serv\u00e9 \u00e0 nos abonn\u00e9s.<\/p>\n<p>&#13;<br \/>\nRejoignez une communaut\u00e9 de lecteurs engag\u00e9s et curieux. Acc\u00e9dez \u00e0 l\u2019information de qualit\u00e9 d\u00e8s CHF 29.- par mois.<\/p>\n<p>    <a class=\"button is-secondary\" data-event=\"click-&gt;clicked\" href=\"https:\/\/www.letemps.ch\/abonnements?wall_id=1\" target=\"_blank\" rel=\"noopener\">Je m\u2019abonne<\/a><\/p>\n<p class=\"post-subscribe__login\">\n        Vous avez d\u00e9j\u00e0 un compte ?<br \/>\n        <a class=\"link\" rel=\"nofollow noopener\" href=\"https:\/\/www.letemps.ch\/compte\/connexion?return_to=https%3A%2F%2Fwww.letemps.ch%2Feconomie%2Ffinance%2Fl-accord-de-mar-a-lago-le-projet-qui-explique-toute-la-politique-economique-de-donald-trump\" target=\"_blank\">Se connecter<\/a>\n      <\/p>\n","protected":false},"excerpt":{"rendered":"Publi\u00e9 le 02 avril 2025 \u00e0 05:05. \/ Modifi\u00e9 le 02 avril 2025 \u00e0 19:26. 4 min. de&hellip;\n","protected":false},"author":2,"featured_media":1348,"comment_status":"","ping_status":"","sticky":false,"template":"","format":"standard","meta":{"footnotes":""},"categories":[6],"tags":[35,75,33,34,73,1011,27,301],"class_list":{"0":"post-1347","1":"post","2":"type-post","3":"status-publish","4":"format-standard","5":"has-post-thumbnail","7":"category-economie","8":"tag-business","9":"tag-donald-trump","10":"tag-economie","11":"tag-economy","12":"tag-etats-unis","13":"tag-fr","14":"tag-france","15":"tag-premium"},"share_on_mastodon":{"url":"https:\/\/pubeurope.com\/@fr\/114271298706149762","error":""},"_links":{"self":[{"href":"https:\/\/www.europesays.com\/fr\/wp-json\/wp\/v2\/posts\/1347","targetHints":{"allow":["GET"]}}],"collection":[{"href":"https:\/\/www.europesays.com\/fr\/wp-json\/wp\/v2\/posts"}],"about":[{"href":"https:\/\/www.europesays.com\/fr\/wp-json\/wp\/v2\/types\/post"}],"author":[{"embeddable":true,"href":"https:\/\/www.europesays.com\/fr\/wp-json\/wp\/v2\/users\/2"}],"replies":[{"embeddable":true,"href":"https:\/\/www.europesays.com\/fr\/wp-json\/wp\/v2\/comments?post=1347"}],"version-history":[{"count":0,"href":"https:\/\/www.europesays.com\/fr\/wp-json\/wp\/v2\/posts\/1347\/revisions"}],"wp:featuredmedia":[{"embeddable":true,"href":"https:\/\/www.europesays.com\/fr\/wp-json\/wp\/v2\/media\/1348"}],"wp:attachment":[{"href":"https:\/\/www.europesays.com\/fr\/wp-json\/wp\/v2\/media?parent=1347"}],"wp:term":[{"taxonomy":"category","embeddable":true,"href":"https:\/\/www.europesays.com\/fr\/wp-json\/wp\/v2\/categories?post=1347"},{"taxonomy":"post_tag","embeddable":true,"href":"https:\/\/www.europesays.com\/fr\/wp-json\/wp\/v2\/tags?post=1347"}],"curies":[{"name":"wp","href":"https:\/\/api.w.org\/{rel}","templated":true}]}}