{"id":134700,"date":"2025-05-28T16:13:10","date_gmt":"2025-05-28T16:13:10","guid":{"rendered":"https:\/\/www.europesays.com\/fr\/134700\/"},"modified":"2025-05-28T16:13:10","modified_gmt":"2025-05-28T16:13:10","slug":"metropole-de-grenoble-une-controleuse-de-train-frappee-deux-jeunes-hommes-dont-un-adolescent-interpelles","status":"publish","type":"post","link":"https:\/\/www.europesays.com\/fr\/134700\/","title":{"rendered":"M\u00e9tropole de Grenoble. Une contr\u00f4leuse de train frapp\u00e9e, deux jeunes hommes, dont un adolescent, interpell\u00e9s"},"content":{"rendered":"<p>Ce mercredi 28\u00a0mai vers 7\u00a0h\u00a030, une contr\u00f4leuse de train aurait \u00e9t\u00e9 victime d\u2019une agression en gare de Gi\u00e8res. Cette derni\u00e8re aurait re\u00e7u plusieurs coups de la part d\u2019un jeune, dont un coup de pied dans les jambes, pour une raison encore ind\u00e9termin\u00e9e. Elle n\u2019a cependant pas \u00e9t\u00e9 bless\u00e9e.<\/p>\n<p>Ce contenu est bloqu\u00e9 car vous n&rsquo;avez pas accept\u00e9 les cookies et autres traceurs.<\/p>\n<p>En cliquant sur \u00ab J\u2019accepte \u00bb, les cookies et autres traceurs seront d\u00e9pos\u00e9s et vous pourrez visualiser les contenus  (<a href=\"\" class=\"consentModule_policy\" target=\"_blank\" title=\"Consulter la politique de protection des donn\u00e9es du fournisseur\">plus d&rsquo;informations<\/a>).<\/p>\n<p>En cliquant sur \u00ab J\u2019accepte tous les cookies \u00bb, vous autorisez des d\u00e9p\u00f4ts de cookies et autres traceurs pour le stockage de vos donn\u00e9es sur nos sites et applications \u00e0 des fins de personnalisation et de ciblage publicitaire.<\/p>\n<p class=\"consentModule_secondaryText\">Vous gardez la possibilit\u00e9 de retirer votre consentement \u00e0 tout moment en consultant notre <a href=\"https:\/\/www.ledauphine.com\/protection-des-donnees\" target=\"_blank\" title=\"Consulter notre politique de protection des donn\u00e9es\" rel=\"noopener\">politique de protection des donn\u00e9es<\/a>. <br \/>&#13;<br \/>\n            <a href=\"https:\/\/www.ledauphine.com\/faits-divers-justice\/2025\/05\/28\/javascript:Didomi.notice.show()\" class=\"consentModule_cmp\" target=\"_blank\" rel=\"noopener\">G\u00e9rer mes choix<\/a>&#13;\n        <\/p>\n<p>&#13;<br \/>\n                        J&rsquo;accepte&#13;<br \/>\n            J&rsquo;accepte tous les cookies&#13;\n        <\/p>\n<p>Juste apr\u00e8s les faits, cette contr\u00f4leuse a fait appel \u00e0 la police nationale qui a proc\u00e9d\u00e9 \u00e0 des recherches dans le secteur pour retrouver le suspect en fuite. Ce dernier a finalement \u00e9t\u00e9 interpell\u00e9 en compagnie d\u2019un autre homme, vers 9\u00a0heures, \u00e0 Grenoble, tout pr\u00e8s de la gare. Les deux hommes, \u00e2g\u00e9s de 15 et 20 ans, ont \u00e9t\u00e9 plac\u00e9s en garde \u00e0 vue pour violences aggrav\u00e9es.<\/p>\n","protected":false},"excerpt":{"rendered":"Ce mercredi 28\u00a0mai vers 7\u00a0h\u00a030, une contr\u00f4leuse de train aurait \u00e9t\u00e9 victime d\u2019une agression en gare de Gi\u00e8res.&hellip;\n","protected":false},"author":2,"featured_media":134701,"comment_status":"","ping_status":"","sticky":false,"template":"","format":"standard","meta":{"footnotes":""},"categories":[9566],"tags":[1111,11,2430,271,272,112,1777,674,274,107,1011,27,12505,2731,108,7000,12,25],"class_list":{"0":"post-134700","1":"post","2":"type-post","3":"status-publish","4":"format-standard","5":"has-post-thumbnail","7":"category-grenoble","8":"tag-actu","9":"tag-actualites","10":"tag-auvergne-rhone-alpes","11":"tag-crime","12":"tag-delit-et-contravention","13":"tag-edition-grenoble-agglomeration","14":"tag-eu","15":"tag-europe","16":"tag-faits-divers-justice","17":"tag-fil-info","18":"tag-fr","19":"tag-france","20":"tag-gieres","21":"tag-grenoble","22":"tag-isere","23":"tag-lagglomeration","24":"tag-news","25":"tag-republique-francaise"},"share_on_mastodon":{"url":"https:\/\/pubeurope.com\/@fr\/114586347475806917","error":""},"_links":{"self":[{"href":"https:\/\/www.europesays.com\/fr\/wp-json\/wp\/v2\/posts\/134700","targetHints":{"allow":["GET"]}}],"collection":[{"href":"https:\/\/www.europesays.com\/fr\/wp-json\/wp\/v2\/posts"}],"about":[{"href":"https:\/\/www.europesays.com\/fr\/wp-json\/wp\/v2\/types\/post"}],"author":[{"embeddable":true,"href":"https:\/\/www.europesays.com\/fr\/wp-json\/wp\/v2\/users\/2"}],"replies":[{"embeddable":true,"href":"https:\/\/www.europesays.com\/fr\/wp-json\/wp\/v2\/comments?post=134700"}],"version-history":[{"count":0,"href":"https:\/\/www.europesays.com\/fr\/wp-json\/wp\/v2\/posts\/134700\/revisions"}],"wp:featuredmedia":[{"embeddable":true,"href":"https:\/\/www.europesays.com\/fr\/wp-json\/wp\/v2\/media\/134701"}],"wp:attachment":[{"href":"https:\/\/www.europesays.com\/fr\/wp-json\/wp\/v2\/media?parent=134700"}],"wp:term":[{"taxonomy":"category","embeddable":true,"href":"https:\/\/www.europesays.com\/fr\/wp-json\/wp\/v2\/categories?post=134700"},{"taxonomy":"post_tag","embeddable":true,"href":"https:\/\/www.europesays.com\/fr\/wp-json\/wp\/v2\/tags?post=134700"}],"curies":[{"name":"wp","href":"https:\/\/api.w.org\/{rel}","templated":true}]}}