{"id":134704,"date":"2025-05-28T16:15:10","date_gmt":"2025-05-28T16:15:10","guid":{"rendered":"https:\/\/www.europesays.com\/fr\/134704\/"},"modified":"2025-05-28T16:15:10","modified_gmt":"2025-05-28T16:15:10","slug":"en-centre-bretagne-un-festival-vous-invite-a-entrer-dans-la-danse","status":"publish","type":"post","link":"https:\/\/www.europesays.com\/fr\/134704\/","title":{"rendered":"En Centre-Bretagne, un festival vous invite \u00e0 entrer dans la danse"},"content":{"rendered":"<p>\u00ab\u00a0La danse contemporaine n\u2019est pas plus compliqu\u00e9e que d\u2019autres arts. Il faut un peu de curiosit\u00e9, et ensuite, comme pour la musique ou le cin\u00e9ma, il y a certaines choses que vous aimerez, d\u2019autres que vous d\u00e9testerez\u2026 C\u2019est bon signe, cela veut dire que \u00e7a suscite des \u00e9motions.\u00a0\u00bb En quelques phrases, <a href=\"https:\/\/www.letelegramme.fr\/cotes-d-armor\/lanrivain-22480\/lieux-mouvants-un-festival-pour-irriguer-le-centre-bretagne-6588835.php\" target=\"_blank\" rel=\"nofollow noopener\">\u00c9lise Torcoletti<\/a> r\u00e9sume ce qui vous attend \u00e0 <a href=\"https:\/\/www.letelegramme.fr\/finistere\/carhaix-29270\/ecologie-acces-a-la-danse-le-festival-nomadanse-revient-a-carhaix-le-5-juin-2024-6591823.php\" target=\"_blank\" rel=\"nofollow noopener\">Nomadanse<\/a>.<\/p>\n<p>Ce festival, dont <a href=\"https:\/\/www.letelegramme.fr\/morbihan\/melrand-56310\/baud-communaute-propose-une-rencontre-entre-danse-contemporaine-et-traditions-basques-le-24-mai-a-melrand-6818588.php\" target=\"_blank\" rel=\"nofollow noopener\">le coup d\u2019envoi a \u00e9t\u00e9 donn\u00e9<\/a> samedi 24 mai, \u00e0 Melrand (Morbihan), a pour objectif de \u00ab\u00a0rassembler les gens autour de la danse\u00a0\u00bb, rappelle Natacha Le Fresne, directrice de Danse \u00e0 tous les \u00e9tages. Ce centre de d\u00e9veloppement chor\u00e9graphique national itin\u00e9rant en Bretagne s\u2019associe, pour la cinqui\u00e8me \u00e9dition, \u00e0 de nombreux partenaires pour proposer en Centre-Bretagne, mais \u00e9galement \u00e0 Rennes et \u00e0 Brest, une riche programmation autour de la danse.<\/p>\n<p>Spectacles et ateliers de danse<\/p>\n<p>\u00ab\u00a0Notre souhait est d\u2019amener la danse contemporaine au plus pr\u00e8s des habitants\u00a0\u00bb, ajoute Natacha Le Fresne. Cela donne une vingtaine de rendez-vous, sur six communes, avec pr\u00e8s de quarante partenaires impliqu\u00e9s. Parmi eux, le festival Lieux mouvants et sa programmatrice \u00c9lise Torcoletti qui accueilleront, au hameau de Saint-Antoine \u00e0 Lanrivain, avec le soutien de <a href=\"https:\/\/www.letelegramme.fr\/morbihan\/langonnet-56630\/a-langonnet-la-grande-boutique-lance-une-nouvelle-saison-culturelle-itinerante-6668129.php\" target=\"_blank\" rel=\"nofollow noopener\">La grande boutique<\/a>, l\u2019un des temps forts de Nomadanse, dimanche 1er juin.<\/p>\n<p>L\u2019artiste d\u2019origine portugaise Filipe Louren\u00e7o, danseur professionnel et chor\u00e9graphe, y pr\u00e9sentera son spectacle Cheb in situ. \u00ab\u00a0Une production inspir\u00e9e des danses traditionnelles du Maghreb, mix\u00e9e avec des influences musicales tr\u00e8s contemporaines, pop et \u00e9lectro\u00a0\u00bb, d\u00e9taille Natacha Le Fresne. Filipe Louren\u00e7o animera \u00e9galement des ateliers de danse. \u00ab\u00a0Le paysage de Saint-Antoine, entre landes et rochers, se pr\u00eate bien \u00e0 l\u2019accueil des artistes, pour les mettre en rapport avec la nature. La danse contemporaine n\u2019\u00e9tant pas une forme artistique qu\u2019on accueille tr\u00e8s souvent, c\u2019est \u00e0 la fois un challenge pour l\u2019artiste, mais aussi pour nous\u00a0\u00bb, d\u00e9voile \u00c9lise Torcoletti.<\/p>\n<p>Danse et eau<\/p>\n<p>Dans le Centre-Bretagne, l\u2019autre moment fort de ce festival a lieu \u00e0 Carhaix, le mercredi 4 juin, pour une journ\u00e9e autour de la th\u00e9matique de l\u2019eau. Le cin\u00e9ma Le Grand Bleu assurera la projection de plusieurs courts-m\u00e9trages, le matin et l\u2019apr\u00e8s-midi. Le film \u00ab\u00a0It\u2019s Okay\u00a0\u00bb sera aussi pr\u00e9sent\u00e9\u00a0: \u00ab\u00a0un teen-movie cor\u00e9en abordant des th\u00e9matiques sociales fortes \u00e0 travers l\u2019univers impitoyable de la danse\u00a0\u00bb, pitche L\u00e9na Olivier, directrice du cin\u00e9ma.<\/p>\n<p>Dans la soir\u00e9e, Glenmor accueillera l\u2019artiste Benoit Canteteau et son aventure po\u00e9tique et visuelle, \u00e0 travers la construction d\u2019une structure constitu\u00e9e de pierres en \u00e9quilibre, spectacle intitul\u00e9 Nouage. Pierre Sib\u00e9ril, directeur de l\u2019espace, expose les raisons de cette collaboration\u00a0: \u00ab\u00a0C\u2019est un lieu d\u2019expression artistique dans toutes ses diversit\u00e9s. Notre volont\u00e9 est aussi d\u2019aller vers des formes qu\u2019on a peut-\u00eatre moins l\u2019habitude de voir, mais qui peuvent surprendre\u00a0\u00bb.<\/p>\n<p>Pratique<\/p>\n<p class=\"note\">Nomadanse. Dimanche 1er juin, \u00e0 Lanrivain\u00a0: atelier danse (10\u00a0h), spectacle Cheb in situ (16\u00a0h). Mercredi 4 juin, \u00e0 Carhaix\u00a0: cin\u00e9-concert (10\u00a0h\u00a045), courts-m\u00e9trages (14\u00a0h\u00a015), film \u00ab\u00a0It\u2019s Okay\u00a0\u00bb (16\u00a0h), spectacle Nouage (20\u00a0h), court-m\u00e9trage \u00ab\u00a0La Mer\u00a0\u00bb et documentaire \u00ab\u00a0Au c\u0153ur du B\u00e9lon\u00a0\u00bb (20\u00a0h\u00a045). Tarifs\u00a0: de 4,50 \u20ac \u00e0 10 \u20ac. Infos et r\u00e9servation sur\u00a0: <a href=\"https:\/\/www.danseatouslesetages.org\/festivals\/nomadanse\/\" target=\"_blank\" rel=\"nofollow noopener\">danseatouslesetages.org<\/a><\/p>\n","protected":false},"excerpt":{"rendered":"\u00ab\u00a0La danse contemporaine n\u2019est pas plus compliqu\u00e9e que d\u2019autres arts. Il faut un peu de curiosit\u00e9, et ensuite,&hellip;\n","protected":false},"author":2,"featured_media":134705,"comment_status":"","ping_status":"","sticky":false,"template":"","format":"standard","meta":{"footnotes":""},"categories":[2821],"tags":[1111,11,829,5934,251,5972,1777,674,1011,27,26068,12,584,25],"class_list":{"0":"post-134704","1":"post","2":"type-post","3":"status-publish","4":"format-standard","5":"has-post-thumbnail","7":"category-rennes","8":"tag-actu","9":"tag-actualites","10":"tag-bretagne","11":"tag-carhaix-plouguer","12":"tag-culture","13":"tag-danse","14":"tag-eu","15":"tag-europe","16":"tag-fr","17":"tag-france","18":"tag-lanrivain","19":"tag-news","20":"tag-rennes","21":"tag-republique-francaise"},"share_on_mastodon":{"url":"https:\/\/pubeurope.com\/@fr\/114586355316540900","error":""},"_links":{"self":[{"href":"https:\/\/www.europesays.com\/fr\/wp-json\/wp\/v2\/posts\/134704","targetHints":{"allow":["GET"]}}],"collection":[{"href":"https:\/\/www.europesays.com\/fr\/wp-json\/wp\/v2\/posts"}],"about":[{"href":"https:\/\/www.europesays.com\/fr\/wp-json\/wp\/v2\/types\/post"}],"author":[{"embeddable":true,"href":"https:\/\/www.europesays.com\/fr\/wp-json\/wp\/v2\/users\/2"}],"replies":[{"embeddable":true,"href":"https:\/\/www.europesays.com\/fr\/wp-json\/wp\/v2\/comments?post=134704"}],"version-history":[{"count":0,"href":"https:\/\/www.europesays.com\/fr\/wp-json\/wp\/v2\/posts\/134704\/revisions"}],"wp:featuredmedia":[{"embeddable":true,"href":"https:\/\/www.europesays.com\/fr\/wp-json\/wp\/v2\/media\/134705"}],"wp:attachment":[{"href":"https:\/\/www.europesays.com\/fr\/wp-json\/wp\/v2\/media?parent=134704"}],"wp:term":[{"taxonomy":"category","embeddable":true,"href":"https:\/\/www.europesays.com\/fr\/wp-json\/wp\/v2\/categories?post=134704"},{"taxonomy":"post_tag","embeddable":true,"href":"https:\/\/www.europesays.com\/fr\/wp-json\/wp\/v2\/tags?post=134704"}],"curies":[{"name":"wp","href":"https:\/\/api.w.org\/{rel}","templated":true}]}}