{"id":13471,"date":"2025-04-09T20:15:16","date_gmt":"2025-04-09T20:15:16","guid":{"rendered":"https:\/\/www.europesays.com\/fr\/13471\/"},"modified":"2025-04-09T20:15:16","modified_gmt":"2025-04-09T20:15:16","slug":"une-expertise-affirme-que-les-orques-vivaient-dans-de-bonnes-conditions","status":"publish","type":"post","link":"https:\/\/www.europesays.com\/fr\/13471\/","title":{"rendered":"Une expertise affirme que les orques vivaient dans de bonnes conditions"},"content":{"rendered":"<p>Le feuilleton <a href=\"https:\/\/www.20minutes.fr\/dossier\/marineland\" target=\"_blank\" class=\"color-ultramarine c-link\" rel=\"noopener\">Marineland <\/a>est loin d\u2019\u00eatre fini. D\u2019apr\u00e8s une longue expertise judiciaire, obtenue par l\u2019association de <a href=\"https:\/\/www.20minutes.fr\/dossier\/protection_des_animaux\" target=\"_blank\" class=\"color-ultramarine c-link\" rel=\"noopener\">d\u00e9fense des animaux<\/a> One Voice, les conditions de vie des orques du zoo marin d\u2019<a href=\"https:\/\/www.20minutes.fr\/dossier\/antibes\" target=\"_blank\" class=\"color-ultramarine c-link\" rel=\"noopener\">Antibes<\/a> (<a href=\"https:\/\/www.20minutes.fr\/societe\/alpes-maritimes\/\" target=\"_blank\" class=\"color-ultramarine c-link\" rel=\"noopener\">Alpes-Maritimes<\/a>) \u00e9taient conformes aux normes en vigueur et les spectacles utiles pour les c\u00e9tac\u00e9s en captivit\u00e9. On fait le point sur ce nouveau d\u00e9veloppement dans l\u2019affaire <a href=\"https:\/\/www.20minutes.fr\/dossier\/marineland\" target=\"_blank\" class=\"color-ultramarine c-link\" rel=\"noopener\">Marineland<\/a>, alors que l\u2019avenir des <a href=\"https:\/\/www.20minutes.fr\/planete\/animaux\/\" target=\"_blank\" class=\"color-ultramarine c-link\" rel=\"noopener\">animaux <\/a>du parc est incertain apr\u00e8s sa fermeture en janvier dernier.<\/p>\n<p>Pourquoi une expertise avait-elle \u00e9t\u00e9 demand\u00e9e\u00a0?<\/p>\n<p>C\u2019est l\u2019<a href=\"https:\/\/www.20minutes.fr\/dossier\/association\" target=\"_blank\" class=\"color-ultramarine c-link\" rel=\"noopener\">association<\/a> One Voice qui avait obtenu cette expertise en septembre\u00a02023, apr\u00e8s des ann\u00e9es de bataille judiciaire. La <a href=\"https:\/\/www.20minutes.fr\/justice\/\" target=\"_blank\" class=\"color-ultramarine c-link\" rel=\"noopener\">justice <\/a>avait demand\u00e9 aux experts de se prononcer sur la qualit\u00e9 de l\u2019eau et des installations du <a href=\"https:\/\/www.20minutes.fr\/dossier\/zoo\" target=\"_blank\" class=\"color-ultramarine c-link\" rel=\"noopener\">zoo <\/a>marin, ainsi que sur la capacit\u00e9 des orques Moana et Inouk, et par extension Wikie et Keijo, \u00e0 continuer les spectacles.<\/p>\n<\/p>\n<p>Des experts mandat\u00e9s par One Voice avaient relev\u00e9 des comportements r\u00e9p\u00e9titifs et st\u00e9r\u00e9otyp\u00e9s pour les quatre orques, ainsi que des l\u00e9sions sur <a href=\"https:\/\/www.20minutes.fr\/societe\/4075106-20240208-antibes-deces-orque-moana-octobre-dernier-septicemie-annonce-marineland\" target=\"_blank\" class=\"color-ultramarine c-link\" rel=\"noopener\">Moana, d\u00e9c\u00e9d\u00e9 \u00e0 12 ans d\u2019une septic\u00e9mie<\/a> en octobre\u00a02023, et <a href=\"https:\/\/www.20minutes.fr\/planete\/animaux\/4085082-20240405-marineland-antibes-mort-orque-inouk-causee-petit-bout-metal\" target=\"_blank\" class=\"color-ultramarine c-link\" rel=\"noopener\">Inouk, mort \u00e0 23 ans de l\u2019ingestion d\u2019un bout de m\u00e9tal<\/a> en mars\u00a02024.<\/p>\n<p>Qu\u2019ont conclu les experts\u00a0?<\/p>\n<p>Pour les experts mandat\u00e9s par la justice, \u00ab\u00a0les spectacles sont des d\u00e9rivatifs comportementaux et stimuli utiles\u00a0\u00bb et toute limitation des interactions avec les soigneurs entra\u00eenera \u00ab\u00a0probablement une aggravation des troubles de type st\u00e9r\u00e9otypie, voire provoqueront peut-\u00eatre des attitudes anxieuses, d\u00e9pressives ou agressives\u00a0\u00bb.<\/p>\n<p>Quant \u00e0 l\u2019eau et aux installations, elles \u00ab\u00a0restent compatibles avec les normes sanitaires minimales pour le bien-\u00eatre des orques d\u00e8s lors qu\u2019elles sont maintenues au niveau d\u2019exigence actuel\u00a0\u00bb, selon les conclusions du rapport.<\/p>\n<p>Comment ont r\u00e9agi les associations\u00a0?<\/p>\n<p>Dans un communiqu\u00e9 publi\u00e9 ce mardi en r\u00e9action au rapport, One Voice a d\u00e9nonc\u00e9 des \u00ab\u00a0platitudes\u00a0\u00bb et un \u00ab\u00a0manque de courage\u00a0\u00bb des experts. L\u2019association a par ailleurs relev\u00e9 \u00ab\u00a0des constats inqui\u00e9tants\u00a0\u00bb dans le corps du rapport\u00a0: entre le 5\u00a0janvier 2023 et sa mort le 18\u00a0octobre suivant, Moana a \u00e9t\u00e9 sous <a href=\"https:\/\/www.20minutes.fr\/dossier\/antibiotique\" target=\"_blank\" class=\"color-ultramarine c-link\" rel=\"noopener\">antibiotiques <\/a>pendant 107 jours, sous cortico\u00efdes pendant 31 jours, sous antidouleurs pendant 36 jours et sous antifongiques pendant 21 jours. Les autopsies des deux orques d\u00e9c\u00e9d\u00e9es ont aussi r\u00e9v\u00e9l\u00e9, a posteriori, des infections non trait\u00e9es.<\/p>\n<blockquote class=\"twitter-tweet\" align=\"center\" data-lang=\"fr_FR\">\n<p lang=\"fr\" dir=\"ltr\">Rapport d\u2019expertise judiciaire obtenu par One Voice : 84 pages de platitudes malgr\u00e9 des dysfonctionnements majeurs dans la gestion des orques au Marineland d\u2019Antibes <a href=\"https:\/\/t.co\/SdqQquIRuI\">https:\/\/t.co\/SdqQquIRuI<\/a><\/p>\n<p>\u2014 One Voice (@onevoiceanimal) <a href=\"https:\/\/twitter.com\/onevoiceanimal\/status\/1909558672633581800?ref_src=twsrc%5Etfw\" target=\"_blank\" rel=\"noopener\">April 8, 2025<\/a><\/p><\/blockquote>\n<p class=\"mb-m@xs text-l@xs\">En cliquant sur\u00ab J\u2019accepte \u00bb, vous acceptez le d\u00e9p\u00f4t de cookies par des services externes et aurez ainsi acc\u00e8s aux contenus de nos partenaires.<\/p>\n<p class=\"mb-xl@xs text-s@xs\">Plus d\u2019informations sur la page<a href=\"https:\/\/www.20minutes.fr\/gestion-cookies\" class=\"mx-xxs@xs color-ultramarine\" target=\"_blank\" rel=\"noopener\">Politique de gestion des cookies<\/a><\/p>\n<p>J\u2019accepte<\/p>\n<p>Pour l\u2019association, les \u00e9l\u00e9ments contenus dans le rapport \u00e9voquent ainsi \u00ab\u00a0un suivi m\u00e9dical d\u00e9faillant et une gestion des infrastructures en d\u00e9calage avec les besoins r\u00e9els des animaux\u00a0\u00bb.<\/p>\n<p>Quel avenir pour les animaux du zoo marin\u00a0?<\/p>\n<p>Alors que Marineland est ferm\u00e9 depuis trois mois, la <a href=\"https:\/\/www.20minutes.fr\/societe\/4145103-20250325-alpes-maritimes-avenir-animaux-salaries-marineland-toujours-bloques-antibes-apres-15-avril\" target=\"_blank\" class=\"color-ultramarine c-link\" rel=\"noopener\">direction insiste sur \u00ab\u00a0l\u2019extr\u00eame urgence\u00a0\u00bb de transf\u00e9rer les orques et les dauphins<\/a> vers des parcs espagnols, seule solution imm\u00e9diatement op\u00e9rationnelle. Les soigneurs doivent en effet quitter le parc d\u2019ici au 15\u00a0avril. De son c\u00f4t\u00e9, la ministre de la Transition \u00e9cologique, <a href=\"https:\/\/www.20minutes.fr\/politique\/agnes-pannier-runacher\/\" target=\"_blank\" class=\"color-ultramarine c-link\" rel=\"noopener\">Agn\u00e8s Pannier-Runacher<\/a>, assure depuis f\u00e9vrier travailler avec ses homologues espagnol, italien et grec pour la cr\u00e9ation d\u2019un sanctuaire marin europ\u00e9en, mais aucun site n\u2019est pr\u00eat.<\/p>\n<p>Du c\u00f4t\u00e9 des associations, <a href=\"https:\/\/www.20minutes.fr\/dossier\/sea_shepherd\" target=\"_blank\" class=\"color-ultramarine c-link\" rel=\"noopener\">Sea Shepherd<\/a> France a propos\u00e9 cinq\u00a0millions d\u2019euros pour maintenir les orques \u00e0 Antibes en attendant une solution, estimant que la poursuite de leur exploitation commerciale en <a href=\"https:\/\/www.20minutes.fr\/dossier\/espagne\" target=\"_blank\" class=\"color-ultramarine c-link\" rel=\"noopener\">Espagne <\/a>constituerait une \u00ab\u00a0trahison fondamentale de l\u2019esprit\u00a0\u00bb de la loi de\u00a02021 sur le <a href=\"https:\/\/www.20minutes.fr\/tempo\/bien-etre\/\" target=\"_blank\" class=\"color-ultramarine c-link\" rel=\"noopener\">bien-\u00eatre animal<\/a>, qui interdit \u00e0 terme le maintien des c\u00e9tac\u00e9s en captivit\u00e9 en France.<\/p>\n<p><script async src=\"https:\/\/platform.twitter.com\/widgets.js\" charset=\"utf-8\"><\/script><\/p>\n","protected":false},"excerpt":{"rendered":"Le feuilleton Marineland est loin d\u2019\u00eatre fini. D\u2019apr\u00e8s une longue expertise judiciaire, obtenue par l\u2019association de d\u00e9fense des&hellip;\n","protected":false},"author":2,"featured_media":13472,"comment_status":"","ping_status":"","sticky":false,"template":"","format":"standard","meta":{"footnotes":""},"categories":[2],"tags":[11,2432,2898,1867,6029,4077,1011,27,303,6028,12,883,52,6030,882,25,6032,6031],"class_list":{"0":"post-13471","1":"post","2":"type-post","3":"status-publish","4":"format-standard","5":"has-post-thumbnail","7":"category-actualites","8":"tag-actualites","9":"tag-agnes-pannier-runacher","10":"tag-alpes-maritimes","11":"tag-animaux","12":"tag-antibes","13":"tag-association","14":"tag-fr","15":"tag-france","16":"tag-justice","17":"tag-marineland","18":"tag-news","19":"tag-paca","20":"tag-planete","21":"tag-protection-des-animaux","22":"tag-provence-alpes-cote-dazur","23":"tag-republique-francaise","24":"tag-sea-shepherd","25":"tag-zoo"},"share_on_mastodon":{"url":"https:\/\/pubeurope.com\/@fr\/114309845723516254","error":""},"_links":{"self":[{"href":"https:\/\/www.europesays.com\/fr\/wp-json\/wp\/v2\/posts\/13471","targetHints":{"allow":["GET"]}}],"collection":[{"href":"https:\/\/www.europesays.com\/fr\/wp-json\/wp\/v2\/posts"}],"about":[{"href":"https:\/\/www.europesays.com\/fr\/wp-json\/wp\/v2\/types\/post"}],"author":[{"embeddable":true,"href":"https:\/\/www.europesays.com\/fr\/wp-json\/wp\/v2\/users\/2"}],"replies":[{"embeddable":true,"href":"https:\/\/www.europesays.com\/fr\/wp-json\/wp\/v2\/comments?post=13471"}],"version-history":[{"count":0,"href":"https:\/\/www.europesays.com\/fr\/wp-json\/wp\/v2\/posts\/13471\/revisions"}],"wp:featuredmedia":[{"embeddable":true,"href":"https:\/\/www.europesays.com\/fr\/wp-json\/wp\/v2\/media\/13472"}],"wp:attachment":[{"href":"https:\/\/www.europesays.com\/fr\/wp-json\/wp\/v2\/media?parent=13471"}],"wp:term":[{"taxonomy":"category","embeddable":true,"href":"https:\/\/www.europesays.com\/fr\/wp-json\/wp\/v2\/categories?post=13471"},{"taxonomy":"post_tag","embeddable":true,"href":"https:\/\/www.europesays.com\/fr\/wp-json\/wp\/v2\/tags?post=13471"}],"curies":[{"name":"wp","href":"https:\/\/api.w.org\/{rel}","templated":true}]}}