{"id":134714,"date":"2025-05-28T16:20:10","date_gmt":"2025-05-28T16:20:10","guid":{"rendered":"https:\/\/www.europesays.com\/fr\/134714\/"},"modified":"2025-05-28T16:20:10","modified_gmt":"2025-05-28T16:20:10","slug":"le-parquet-de-nice-reclame-un-proces-pour-viol-contre-wissam-ben-yedder-ex-international-francais","status":"publish","type":"post","link":"https:\/\/www.europesays.com\/fr\/134714\/","title":{"rendered":"le parquet de Nice r\u00e9clame un proc\u00e8s pour viol contre Wissam Ben Yedder, ex-international fran\u00e7ais"},"content":{"rendered":"<p>L\u2019ancien joueur de l\u2019AS Monaco avait \u00e9t\u00e9 mis en examen pour viol \u00e0 l\u2019\u00e9t\u00e9 2023, avant que l\u2019enqu\u00eate ne soit cl\u00f4tur\u00e9e en mars 2025.<\/p>\n<p class=\"fig-paragraph\">Les ennuis judiciaires se poursuivent pour\u00a0<a href=\"http:\/\/www.lefigaro.fr\/flash-actu\/foot-l-international-francais-ben-yedder-signe-en-iran-au-sepahan-sc-20250402\" target=\"_blank\" data-fig-type=\"NewsFlash\" rel=\"noopener\" data-gtm-custom-categorie=\"navigation\" data-gtm-custom-action=\"crossclick\" data-gtm-custom-label=\"Contextuel\" data-gtm-event=\"customEventSPE\" data-fig-domain=\"LEFIGARO\">Wissam Ben Yedder<\/a>. Ce mercredi, le parquet de Nice a r\u00e9clam\u00e9 un proc\u00e8s pour viol contre l\u2019ex-attaquant de l\u2019\u00e9quipe de France (19 s\u00e9lections, 3 buts), selon les informations de\u00a0<a href=\"https:\/\/www.lequipe.fr\/Football\/Actualites\/Le-parquet-reclame-un-proces-pour-viol-contre-wissam-ben-yedder\/1565645\" target=\"_blank\" rel=\"nofollow noopener\" data-gtm-custom-categorie=\"navigation\" data-gtm-custom-action=\"crossclick\" data-gtm-custom-label=\"Contextuel\" data-gtm-event=\"customEventSPE\">l\u2019\u00c9quipe.<\/a> \u00a0<\/p>\n<p class=\"fig-paragraph\">L\u2019ancien joueur de Toulouse (2010-2016) et l\u2019AS Monaco (2019-2024) avait \u00e9t\u00e9 mis en examen pour viol, avec son fr\u00e8re Sabri, \u00e0 l\u2019\u00e9t\u00e9 2023 dans ce dossier. Une enqu\u00eate cl\u00f4tur\u00e9e en mars 2025 suite \u00e0 un an et demi d\u2019investigation apr\u00e8s que deux femmes ont port\u00e9 plainte. L\u2019une des femmes accusait Ben Yedder d\u2019avoir abus\u00e9 d\u2019elle dans un Airbnb lou\u00e9 par le natif de Sarcelles \u00e0 Beausoleil (Alpes-Maritimes). Il revient d\u00e9sormais au juge d\u2019instruction de d\u00e9cider le renvoi ou du footballeur professionnel devant les Assises.<\/p>\n<p class=\"fig-body-link\">\n            \u00c0 lire aussi<br \/>\n        <a class=\"fig-body-link__link\" href=\"http:\/\/www.lefigaro.fr\/sports\/football\/huit-mois-de-prison-avec-sursis-requis-contre-le-footballeur-wissam-ben-yedder-pour-violences-psychologiques-20250521\" target=\"_blank\" data-fig-type=\"NewsFlash\" rel=\"noopener\" data-gtm-custom-categorie=\"navigation\" data-gtm-custom-action=\"crossclick\" data-gtm-custom-label=\"Contextuel\" data-gtm-event=\"customEventSPE\" data-fig-domain=\"LEFIGARO\">Huit mois de prison avec sursis requis contre le footballeur Wissam Ben Yedder pour violences psychologiques<br \/>\n    <\/a>\n<\/p>\n<p class=\"fig-paragraph\">Wissam Ben Yedder, qui a quitt\u00e9 la Ligue 1 \u00e0 l\u2019\u00e9t\u00e9 2024, \u00e9volue depuis quelques semaines en Iran, au sein du club de Sepahan. Mercredi 22 mai, huit mois de prison avec sursis et 10.000 euros d\u2019amende avaient \u00e9t\u00e9 requis, \u00e0 Nice d\u00e9j\u00e0, contre l\u2019ancien Mon\u00e9gasque, jug\u00e9 pour des violences psychologiques sur son \u00e9pouse avec laquelle il est en instance de divorce.<\/p>\n","protected":false},"excerpt":{"rendered":"L\u2019ancien joueur de l\u2019AS Monaco avait \u00e9t\u00e9 mis en examen pour viol \u00e0 l\u2019\u00e9t\u00e9 2023, avant que l\u2019enqu\u00eate&hellip;\n","protected":false},"author":2,"featured_media":134715,"comment_status":"","ping_status":"","sticky":false,"template":"","format":"standard","meta":{"footnotes":""},"categories":[2819],"tags":[1111,11,454,69,448,83,451,64,1777,450,449,674,1011,27,452,453,66,446,447,12,2401,70,882,25,455],"class_list":{"0":"post-134714","1":"post","2":"type-post","3":"status-publish","4":"format-standard","5":"has-post-thumbnail","7":"category-nice","8":"tag-actu","9":"tag-actualites","10":"tag-ballon-dor","11":"tag-bundesliga","12":"tag-champions-league","13":"tag-coupe-de-france","14":"tag-coupe-du-monde","15":"tag-equipe-de-france","16":"tag-eu","17":"tag-euro","18":"tag-europa-league","19":"tag-europe","20":"tag-fr","21":"tag-france","22":"tag-italie","23":"tag-liga","24":"tag-ligue-1","25":"tag-ligue-2","26":"tag-ligue-des-champions","27":"tag-news","28":"tag-nice","29":"tag-premier-league","30":"tag-provence-alpes-cote-dazur","31":"tag-republique-francaise","32":"tag-uefa"},"share_on_mastodon":{"url":"https:\/\/pubeurope.com\/@fr\/114586374877613442","error":""},"_links":{"self":[{"href":"https:\/\/www.europesays.com\/fr\/wp-json\/wp\/v2\/posts\/134714","targetHints":{"allow":["GET"]}}],"collection":[{"href":"https:\/\/www.europesays.com\/fr\/wp-json\/wp\/v2\/posts"}],"about":[{"href":"https:\/\/www.europesays.com\/fr\/wp-json\/wp\/v2\/types\/post"}],"author":[{"embeddable":true,"href":"https:\/\/www.europesays.com\/fr\/wp-json\/wp\/v2\/users\/2"}],"replies":[{"embeddable":true,"href":"https:\/\/www.europesays.com\/fr\/wp-json\/wp\/v2\/comments?post=134714"}],"version-history":[{"count":0,"href":"https:\/\/www.europesays.com\/fr\/wp-json\/wp\/v2\/posts\/134714\/revisions"}],"wp:featuredmedia":[{"embeddable":true,"href":"https:\/\/www.europesays.com\/fr\/wp-json\/wp\/v2\/media\/134715"}],"wp:attachment":[{"href":"https:\/\/www.europesays.com\/fr\/wp-json\/wp\/v2\/media?parent=134714"}],"wp:term":[{"taxonomy":"category","embeddable":true,"href":"https:\/\/www.europesays.com\/fr\/wp-json\/wp\/v2\/categories?post=134714"},{"taxonomy":"post_tag","embeddable":true,"href":"https:\/\/www.europesays.com\/fr\/wp-json\/wp\/v2\/tags?post=134714"}],"curies":[{"name":"wp","href":"https:\/\/api.w.org\/{rel}","templated":true}]}}