{"id":134716,"date":"2025-05-28T16:21:16","date_gmt":"2025-05-28T16:21:16","guid":{"rendered":"https:\/\/www.europesays.com\/fr\/134716\/"},"modified":"2025-05-28T16:21:16","modified_gmt":"2025-05-28T16:21:16","slug":"ces-arrets-ne-seront-pas-desservis-pendant-le-week-end-de-lascension","status":"publish","type":"post","link":"https:\/\/www.europesays.com\/fr\/134716\/","title":{"rendered":"ces arr\u00eats ne seront pas desservis pendant le week-end de l&rsquo;Ascension"},"content":{"rendered":"<p>            Par<br \/>\n        <strong><br \/>\n            <a href=\"https:\/\/actu.fr\/auteur\/tristan-mahe-actu-fr\" title=\"Consulter tous les articles de Tristan Mah\u00e9\" rel=\"nofollow noopener\" target=\"_blank\">Tristan Mah\u00e9<\/a><br \/>\n        <\/strong><\/p>\n<p>        Publi\u00e9 le<\/p>\n<p>            28 mai 2025 \u00e0 17h25        <\/p>\n<p>Durant ce <strong>week-end de l\u2019Ascension<\/strong> du jeudi 29\u00a0mai \u00e0 4h, \u00e0 dimanche 1er\u00a0juin \u00e0 23h59, <a href=\"https:\/\/naolib.fr\/fr\/info-trafic-1\" rel=\"nofollow noopener\" target=\"_blank\">des travaux sont pr\u00e9vus sur la ligne 1 du tramway nantais<\/a>. Ainsi, la plupart des stations de tram de l\u2019arr\u00eat Commerce \u00e0 l\u2019arr\u00eat Fran\u00e7ois-Mitterrand seront <strong>desservies par un bus relais<\/strong>.<\/p>\n<p class=\" wall-content\">Les travaux r\u00e9alis\u00e9s pendant l\u2019Ascension sur la ligne 1 s\u2019inscrivent dans la continuit\u00e9 des travaux des vacances d\u2019avril. La ligne sera de nouveau coup\u00e9e cet \u00e9t\u00e9, cette fois-ci entre Croix Bonneau et Fran\u00e7ois-Mitterrand, du 22\u00a0juin au 31\u00a0ao\u00fbt. L\u2019objectif est de <strong>pr\u00e9parer la venue de la ligne 7<\/strong> qui empruntera une partie de ce tron\u00e7on.<\/p>\n<p class=\" wall-content\">Les arr\u00eats Jean Moulin, Lauriers, et Romain Rolland, ne seront pas desservis par le bus relais pendant ces quatre jours du week-end de l\u2019Ascension, selon une indication du r\u00e9seau <a href=\"https:\/\/naolib.fr\/\" rel=\"nofollow noopener\" target=\"_blank\">Naolib<\/a> \u00e0 la r\u00e9daction d\u2019<a href=\"https:\/\/actu.fr\/nantes\" rel=\"nofollow noopener\" target=\"_blank\">actu Nantes<\/a>.<\/p>\n<p class=\" wall-content\">Cependant, Naolib invite les usagers de ces stations \u00e0 marcher et \u00e0 se reporter aux arr\u00eats provisoires du bus relais de Croix Bonneau, Jamet ou Romanet. <strong>Un fl\u00e9chage a \u00e9t\u00e9 mis en place pour guider les usagers<\/strong>.<\/p>\n<p>O\u00f9 prendre votre bus relais\u2009?Vid\u00e9os : en ce moment sur Actu<\/p>\n<p class=\" wall-content\">-F. Mitterrand\u2009: \u00e0 l\u2019arr\u00eat provisoire plac\u00e9 rue Virginia Woolf.<br \/>-Tourmaline\u2009: \u00e0 l\u2019arr\u00eat provisoire plac\u00e9 derri\u00e8re la station.<br \/>-Schoelcher\u2009: \u00e0 l\u2019arr\u00eat provisoire plac\u00e9 derri\u00e8re la station.<br \/>-Frachon\u2009: \u00e0 l\u2019arr\u00eat provisoire plac\u00e9 de l\u2019autre c\u00f4t\u00e9 du giratoire.<br \/>-Neruda\u2009: \u00e0 l\u2019arr\u00eat Neruda de la ligne 59 vers MF Bellevue.<br \/>-Tertre\u2009: \u00e0 l\u2019arr\u00eat provisoire plac\u00e9 derri\u00e8re la station, devant Leclerc Express.<br \/>-Romanet\u2009: \u00e0 l\u2019arr\u00eat Romanet de la ligne C20 vers Gare Maritime.<br \/>-Mend\u00e8s France-Bellevue\u2009: \u00e0 l\u2019arr\u00eat situ\u00e9 dans le p\u00f4le d\u2019\u00e9changes Bellevue.<br \/>-Jamet\u2009: \u00e0 l\u2019arr\u00eat provisoire plac\u00e9 derri\u00e8re la station, devant la M\u00e9diath\u00e8que Lisa Bresner.<br \/>-Croix Bonneau\u2009: \u00e0 l\u2019arr\u00eat provisoire plac\u00e9 Bd Emile Romanet, de l\u2019autre c\u00f4t\u00e9 du giratoire.<br \/>-Egalit\u00e9\u2009: \u00e0 l\u2019arr\u00eat provisoire plac\u00e9 derri\u00e8re la station.<br \/>-Du Chaffault\u2009: \u00e0 l\u2019arr\u00eat provisoire plac\u00e9 derri\u00e8re la station- Gare Maritime\u2009: \u00e0 l\u2019arr\u00eat<br \/>St-Aignan de la ligne C1 vers Haluch\u00e8re.<br \/>-Chantiers Navals\u2009: \u00e0 l\u2019arr\u00eat Mellinet de la ligne C1 vers Haluch\u00e8re.<br \/>-M\u00e9diath\u00e8que\u2009: retrouvez votre tramway en station Commerce.<\/p>\n<p class=\" wall-content\">-Commerce\u2009: \u00e0 l\u2019arr\u00eat provisoire plac\u00e9 devant l\u2019entr\u00e9e du CHU, bd Philippot.<br \/>\u2013 M\u00e9diath\u00e8que\u2009: \u00e0 l\u2019arr\u00eat provisoire plac\u00e9 rue Gaston Michel, apr\u00e8s le parking de la Petite-Hollande.<br \/>\u2013 Chantiers Navals\u2009: \u00e0 l\u2019arr\u00eat provisoire plac\u00e9 derri\u00e8re la station.<br \/>\u2013 Gare Maritime\u2009: \u00e0 l\u2019arr\u00eat provisoire plac\u00e9 derri\u00e8re la station.<br \/>\u2013 Du Chaffault\u2009: \u00e0 l\u2019arr\u00eat provisoire plac\u00e9 derri\u00e8re la station.<br \/>\u2013 Egalit\u00e9\u2009: \u00e0 l\u2019arr\u00eat provisoire plac\u00e9 derri\u00e8re la station.<br \/>\u2013 Croix Bonneau\u2009: \u00e0 l\u2019arr\u00eat provisoire plac\u00e9 Bd Emile Romanet, apr\u00e8s le giratoire.<br \/>\u2013 Jamet\u2009: \u00e0 l\u2019arr\u00eat provisoire plac\u00e9 Bd Emile Romanet, derri\u00e8re la station.<br \/>\u2013 Mend\u00e8s France-Bellevue\u2009: \u00e0 l\u2019arr\u00eat situ\u00e9 dans le p\u00f4le d\u2019\u00e9changes Bellevue.<br \/>\u2013 Romanet\u2009: \u00e0 l\u2019arr\u00eat Romanet de la ligne C20 vers Ecole Centrale-Audencia.<br \/>\u2013 Tertre\u2009: \u00e0 l\u2019arr\u00eat provisoire plac\u00e9 derri\u00e8re la station.<br \/>\u2013 Neruda\u2009: \u00e0 l\u2019arr\u00eat Neruda de la ligne 59 vers Bout des Landes.<br \/>\u2013 Frachon\u2009: \u00e0 l\u2019arr\u00eat provisoire plac\u00e9 apr\u00e8s le rond-point, devant JEFCO.<br \/>\u2013 Schoelcher\u2009: \u00e0 l\u2019arr\u00eat provisoire plac\u00e9 derri\u00e8re la station.<br \/>\u2013 Tourmaline\u2009: \u00e0 l\u2019arr\u00eat provisoire plac\u00e9 derri\u00e8re la station.<\/p>\n<p class=\" wall-content\">Suivez toute l\u2019actualit\u00e9 de vos villes et m\u00e9dias favoris en vous inscrivant \u00e0 <a href=\"https:\/\/moncompte.actu.fr\" title=\"D\u00e9couvez Mon Actu\" rel=\"nofollow noopener\" data-trk=\"{&quot;cta&quot;:{&quot;action&quot;:&quot;https:\\\/\\\/moncompte.actu.fr&quot;,&quot;category&quot;:&quot;mon compte&quot;,&quot;from&quot;:&quot;article footer&quot;,&quot;name&quot;:&quot;Mon actu&quot;,&quot;type&quot;:&quot;cta&quot;}}\" target=\"_blank\">Mon Actu<\/a>.<\/p>\n","protected":false},"excerpt":{"rendered":"Par Tristan Mah\u00e9 Publi\u00e9 le 28 mai 2025 \u00e0 17h25 Durant ce week-end de l\u2019Ascension du jeudi 29\u00a0mai&hellip;\n","protected":false},"author":2,"featured_media":134717,"comment_status":"","ping_status":"","sticky":false,"template":"","format":"standard","meta":{"footnotes":""},"categories":[2818],"tags":[1111,11,1777,674,1011,27,766,12,2636,25,104,2803,2086],"class_list":{"0":"post-134716","1":"post","2":"type-post","3":"status-publish","4":"format-standard","5":"has-post-thumbnail","7":"category-nantes","8":"tag-actu","9":"tag-actualites","10":"tag-eu","11":"tag-europe","12":"tag-fr","13":"tag-france","14":"tag-nantes","15":"tag-news","16":"tag-pays-de-la-loire","17":"tag-republique-francaise","18":"tag-societe","19":"tag-transport","20":"tag-travaux"},"share_on_mastodon":{"url":"https:\/\/pubeurope.com\/@fr\/114586378779326603","error":""},"_links":{"self":[{"href":"https:\/\/www.europesays.com\/fr\/wp-json\/wp\/v2\/posts\/134716","targetHints":{"allow":["GET"]}}],"collection":[{"href":"https:\/\/www.europesays.com\/fr\/wp-json\/wp\/v2\/posts"}],"about":[{"href":"https:\/\/www.europesays.com\/fr\/wp-json\/wp\/v2\/types\/post"}],"author":[{"embeddable":true,"href":"https:\/\/www.europesays.com\/fr\/wp-json\/wp\/v2\/users\/2"}],"replies":[{"embeddable":true,"href":"https:\/\/www.europesays.com\/fr\/wp-json\/wp\/v2\/comments?post=134716"}],"version-history":[{"count":0,"href":"https:\/\/www.europesays.com\/fr\/wp-json\/wp\/v2\/posts\/134716\/revisions"}],"wp:featuredmedia":[{"embeddable":true,"href":"https:\/\/www.europesays.com\/fr\/wp-json\/wp\/v2\/media\/134717"}],"wp:attachment":[{"href":"https:\/\/www.europesays.com\/fr\/wp-json\/wp\/v2\/media?parent=134716"}],"wp:term":[{"taxonomy":"category","embeddable":true,"href":"https:\/\/www.europesays.com\/fr\/wp-json\/wp\/v2\/categories?post=134716"},{"taxonomy":"post_tag","embeddable":true,"href":"https:\/\/www.europesays.com\/fr\/wp-json\/wp\/v2\/tags?post=134716"}],"curies":[{"name":"wp","href":"https:\/\/api.w.org\/{rel}","templated":true}]}}