{"id":134728,"date":"2025-05-28T16:27:13","date_gmt":"2025-05-28T16:27:13","guid":{"rendered":"https:\/\/www.europesays.com\/fr\/134728\/"},"modified":"2025-05-28T16:27:13","modified_gmt":"2025-05-28T16:27:13","slug":"ce-super-escroc-de-lautomobile-nen-etait-pas-a-son-coup-dessai","status":"publish","type":"post","link":"https:\/\/www.europesays.com\/fr\/134728\/","title":{"rendered":"ce \u00ab super escroc \u00bb de l\u2019automobile n\u2019en \u00e9tait pas \u00e0 son coup d\u2019essai"},"content":{"rendered":"<p>            Par<br \/>\n        <strong><br \/>\n            <a href=\"https:\/\/actu.fr\/auteur\/redaction-lille\" title=\"Consulter tous les articles de R\u00e9daction Lille\" rel=\"nofollow noopener\" target=\"_blank\">R\u00e9daction Lille<\/a><br \/>\n        <\/strong><\/p>\n<p>        Publi\u00e9 le<\/p>\n<p>            28 mai 2025 \u00e0 17h46        <\/p>\n<p>Un <b>individu de 28\u00a0ans<\/b> r\u00e9sidant \u00e0 <a href=\"https:\/\/actu.fr\/hauts-de-france\/villeneuve-d-ascq_59009\" rel=\"nofollow noopener\" target=\"_blank\">Villeneuve-d\u2019Ascq<\/a> (Nord) fait <b>quatre nouvelles victimes<\/b> d\u2019<a href=\"https:\/\/actu.fr\/tag\/escroquerie\" rel=\"nofollow noopener\" target=\"_blank\">escroqueries<\/a> lors de <b>reventes de voitures<\/b>, notamment sur <b>Le Bon Coin<\/b>. En tant qu\u2019acheteur et m\u00eame vendeur, il mettait en \u0153uvre des <b>stratag\u00e8mes bien ficel\u00e9s<\/b> et ce, depuis un certain temps. En f\u00e9vrier\u00a02025, il avait en effet \u00e9t\u00e9 entendu pour 11 faits d\u2019escroqueries similaires. L\u2019homme a fait face au tribunal de <a href=\"https:\/\/actu.fr\/hauts-de-france\/lille_59350\" rel=\"nofollow noopener\" target=\"_blank\">Lille<\/a> (Nord) ce vendredi 23\u00a0mai 2025.<\/p>\n<p>Des arnaques bien huil\u00e9es et un lourd passif<\/p>\n<p class=\" wall-content\">La pr\u00e9sidente \u00e9voque un <b>c<\/b><b>asier judiciaire bien rempli<\/b>\u2009: conduite sans permis, refus d\u2019obtemp\u00e9rer, tentative de vol aggrav\u00e9, escroqueries\u2026 Le pr\u00e9venu est loin d\u2019en \u00eatre \u00e0 son premier coup.<\/p>\n<p class=\" wall-content\">Il arrivait de la <b>prison d\u2019Ann\u0153ullin<\/b> o\u00f9 il y est <b>d\u00e9tenu pour sa troisi\u00e8me incarc\u00e9ration<\/b>. Il avait <b>d\u00e9j\u00e0 \u00e9t\u00e9 condamn\u00e9 \u00e0 18\u00a0mois de prison ferme en f\u00e9vrier\u00a02025 pour des faits similaires<\/b> d\u2019escroqueries sur 11\u00a0personnes.<\/p>\n<p>Des \u00ab\u00a0dettes de rue\u00a0\u00bb comme motif<\/p>\n<p class=\" wall-content\">Selon lui, ces fraudes ont \u00e9t\u00e9 commises pour rembourser des dettes qu\u2019il qualifie de \u00ab\u2009dettes de rue\u2009\u00bb. \u00ab\u2009C\u2019\u00e9tait une somme trop \u00e9norme, ils mena\u00e7aient ma famille, <b>je n\u2019ai pas eu le choix<\/b>\u2009\u00bb, explique-t-il. Argument qui n\u2019a gu\u00e8re \u00e9mu le tribunal, surtout lorsqu\u2019il refuse de donner plus de d\u00e9tails.<\/p>\n<p class=\" wall-content\">C\u2019est dans le secteur automobile que cet escroc est sp\u00e9cialis\u00e9.\u00a0Premi\u00e8re victime\u2009: une \u00e9tudiante en pharmacie. Celle-ci ach\u00e8te sur le bon coin sa premi\u00e8re voiture en mai\u00a02022 \u00e0 l\u2019accus\u00e9. Celui-ci s\u2019\u00e9tait pr\u00e9sent\u00e9 sous une <b>fausse identit\u00e9<\/b>, un soi-disant \u00ab\u2009Salim\u2009\u00bb. Mais en rentrant chez elle, elle se rend vite compte que le <b>v\u00e9hicule est en fait vol\u00e9<\/b>. Malheureusement, elle lui avait d\u00e9j\u00e0 vers\u00e9 3000 \u20ac qu\u2019elle n\u2019a toujours pas retrouv\u00e9s.<\/p>\n<p class=\" wall-content\">Deuxi\u00e8me strat\u00e9gie\u2009: les <b>faux virements bancaires<\/b> qui feront deux victimes.\u00a0En 2024, le propri\u00e9taire d\u2019une soci\u00e9t\u00e9 automobile rach\u00e8te un v\u00e9hicule \u00e0 l\u2019individu, sauf qu\u2019il d\u00e9couvre que la voiture est en leasing donc inexploitable. L\u2019homme lui rend la voiture mais c\u2019est sans compter le subterfuge de l\u2019accus\u00e9. Celui-ci envoie une <b>capture d\u2019\u00e9cran d\u2019un virement bancaire<\/b> Western Union en guise de preuve du paiement, mais il n\u2019arrive myst\u00e9rieusement jamais \u00e0 son destinataire.<\/p>\n<p class=\" wall-content\">Enfin, en janvier\u00a02025, le pr\u00e9venu ach\u00e8te une autre voiture, toujours sur Le Bon Coin. Mais une nouvelle fois, il utilise la strat\u00e9gie du <b>faux virement<\/b> pour pr\u00e9texter le paiement \u00e0 la vendeuse. L\u2019homme aurait ensuite revendu le v\u00e9hicule \u00e0 un monsieur A sur Snapchat. Petite surprise pour ce fameux monsieur A, un policier r\u00e9serviste, lorsque la <a href=\"https:\/\/actu.fr\/tag\/police\" rel=\"nofollow noopener\" target=\"_blank\">police<\/a> toque chez lui et le suspecte d\u2019\u00eatre impliqu\u00e9 dans la fraude.<\/p>\n<p class=\" wall-content\">Au total, c\u2019est pr\u00e8s de 20\u2009000\u00a0\u20ac que le pr\u00e9venu aurait r\u00e9ussi \u00e0 d\u00e9rober \u00e0 ses victimes.<\/p>\n<p>\u00ab\u2009Tout le monde l\u2019aurait fait\u2009\u00bb<\/p>\n<p class=\" wall-content\">Devant le tribunal, il reconna\u00eet la plupart des faits mais d\u00e9clare que \u00ab\u2009tout le monde l\u2019aurait fait\u2009\u00bb, lorsque la pr\u00e9sidente lui demande des comptes. \u00ab<b>\u2009C\u2019est fou avec quelle facilit\u00e9 il passe de victime en victime<\/b>\u2009\u00bb, constate l\u2019avocate de l\u2019une des parties civiles. Au sujet de son client, elle assure qu\u2019il \u00ab\u2009s\u2019est senti s\u00e9curis\u00e9, \u00e0 aucun moment il ne s\u2019est senti arnaqu\u00e9\u2009\u00bb. M\u00eame constat pour beaucoup\u2009: le pr\u00e9venu aurait \u00ab\u2009une facilit\u00e9 d\u00e9concertante\u2009\u00bb \u00e0 mettre en confiance ses victimes.<\/p>\n<p class=\" wall-content\">\u00c0 l\u2019issue de l\u2019audience, il finit tout de m\u00eame par se confondre en excuses\u2009: \u00ab\u2009Je suis d\u00e9sol\u00e9, je ne l\u2019aurais pas fait si j\u2019avais eu le choix\u2009\u00bb.\u00a0Cela ne suffira pas, il \u00e9copera de <b>3\u00a0mois de prison ferme suppl\u00e9mentaires<\/b>. Il devra \u00e9galement rembourser ses victimes pour le pr\u00e9judice \u00e0 la fois mat\u00e9riel et moral. Cette somme s\u2019\u00e9l\u00e8ve \u00e0 plus de 21\u2009000\u20ac.<br \/><b>Margaux Salignat<\/b><\/p>\n<p class=\" wall-content\">Suivez toute l\u2019actualit\u00e9 de vos villes et m\u00e9dias favoris en vous inscrivant \u00e0 <a href=\"https:\/\/moncompte.actu.fr\" title=\"D\u00e9couvez Mon Actu\" rel=\"nofollow noopener\" data-trk=\"{&quot;cta&quot;:{&quot;action&quot;:&quot;https:\\\/\\\/moncompte.actu.fr&quot;,&quot;category&quot;:&quot;mon compte&quot;,&quot;from&quot;:&quot;article footer&quot;,&quot;name&quot;:&quot;Mon actu&quot;,&quot;type&quot;:&quot;cta&quot;}}\" target=\"_blank\">Mon Actu<\/a>.<\/p>\n","protected":false},"excerpt":{"rendered":"Par R\u00e9daction Lille Publi\u00e9 le 28 mai 2025 \u00e0 17h46 Un individu de 28\u00a0ans r\u00e9sidant \u00e0 Villeneuve-d\u2019Ascq (Nord)&hellip;\n","protected":false},"author":2,"featured_media":134729,"comment_status":"","ping_status":"","sticky":false,"template":"","format":"standard","meta":{"footnotes":""},"categories":[2815],"tags":[1111,11,3514,3513,1777,674,118,1011,27,811,1307,12,25],"class_list":{"0":"post-134728","1":"post","2":"type-post","3":"status-publish","4":"format-standard","5":"has-post-thumbnail","7":"category-lille","8":"tag-actu","9":"tag-actualites","10":"tag-arnaque","11":"tag-escroquerie","12":"tag-eu","13":"tag-europe","14":"tag-faits-divers","15":"tag-fr","16":"tag-france","17":"tag-hauts-de-france","18":"tag-lille","19":"tag-news","20":"tag-republique-francaise"},"share_on_mastodon":{"url":"https:\/\/pubeurope.com\/@fr\/114586402437993016","error":""},"_links":{"self":[{"href":"https:\/\/www.europesays.com\/fr\/wp-json\/wp\/v2\/posts\/134728","targetHints":{"allow":["GET"]}}],"collection":[{"href":"https:\/\/www.europesays.com\/fr\/wp-json\/wp\/v2\/posts"}],"about":[{"href":"https:\/\/www.europesays.com\/fr\/wp-json\/wp\/v2\/types\/post"}],"author":[{"embeddable":true,"href":"https:\/\/www.europesays.com\/fr\/wp-json\/wp\/v2\/users\/2"}],"replies":[{"embeddable":true,"href":"https:\/\/www.europesays.com\/fr\/wp-json\/wp\/v2\/comments?post=134728"}],"version-history":[{"count":0,"href":"https:\/\/www.europesays.com\/fr\/wp-json\/wp\/v2\/posts\/134728\/revisions"}],"wp:featuredmedia":[{"embeddable":true,"href":"https:\/\/www.europesays.com\/fr\/wp-json\/wp\/v2\/media\/134729"}],"wp:attachment":[{"href":"https:\/\/www.europesays.com\/fr\/wp-json\/wp\/v2\/media?parent=134728"}],"wp:term":[{"taxonomy":"category","embeddable":true,"href":"https:\/\/www.europesays.com\/fr\/wp-json\/wp\/v2\/categories?post=134728"},{"taxonomy":"post_tag","embeddable":true,"href":"https:\/\/www.europesays.com\/fr\/wp-json\/wp\/v2\/tags?post=134728"}],"curies":[{"name":"wp","href":"https:\/\/api.w.org\/{rel}","templated":true}]}}