{"id":134732,"date":"2025-05-28T16:29:08","date_gmt":"2025-05-28T16:29:08","guid":{"rendered":"https:\/\/www.europesays.com\/fr\/134732\/"},"modified":"2025-05-28T16:29:08","modified_gmt":"2025-05-28T16:29:08","slug":"le-chemin-de-croix-des-victimes-raconte-par-leur-avocat","status":"publish","type":"post","link":"https:\/\/www.europesays.com\/fr\/134732\/","title":{"rendered":"le chemin de croix des victimes racont\u00e9 par leur avocat"},"content":{"rendered":"<p>C\u2019\u00e9tait la plaidoirie de partie civile la plus attendue. Ce mercredi 28\u00a0mai en fin de matin\u00e9e, au 29e\u00a0jour <a href=\"https:\/\/www.laprovence.com\/article\/faits-divers-justice\/1144787382917315\/video-proces-apollonia-lescroquerie-du-siecle-devant-la-justice-marseillaise\" target=\"_blank\" rel=\"noopener\">du proc\u00e8s Apollonia<\/a>, l\u2019avocat marseillais Christophe Jervolino est venu plaider \u00ab\u00a0le fardeau d\u2019une vie\u00a0\u00bb, celui dans lequel il a plong\u00e9 alors qu\u2019il n\u2019\u00e9tait qu\u2019un jeune avocat en devenir qui n\u2019avait pas encore pr\u00eat\u00e9 serment, en\u00a02007.<\/p>\n<p>Quelques instants plus t\u00f4t, victime d\u2019un malaise \u00e0 la barre, son associ\u00e9e avait d\u00fb \u00eatre \u00e9vacu\u00e9e par les marins-pompiers de Marseille. Image symbolique, a gliss\u00e9 Me\u00a0Jervolino, de \u00ab\u00a0l\u2019angoisse qu\u2019elle porte depuis des ann\u00e9es pour faire face au monstre Apollonia\u00a0\u00bb.<\/p>\n<p>Si la parole de l\u2019avocat marseillais \u00e9tait particuli\u00e8rement attendue, c\u2019est que l\u2019association des victimes d\u2019Apollonia, l\u2019ASDEVILM, qu\u2019il accompagne depuis le d\u00e9part en retraite de son pr\u00e9d\u00e9cesseur Jacques Gobert, occupe une place \u00e0 part dans ce dossier tentaculaire.<\/p>\n<p>Depuis le 19 mai, des dizaines d\u2019avocats de parties civiles se sont avanc\u00e9s pour d\u00e9fendre les int\u00e9r\u00eats de leurs clients, plus de 700 particuliers qui s\u2019estiment l\u00e9s\u00e9s par <a href=\"https:\/\/www.laprovence.com\/article\/faits-divers-justice\/174403086175715\/apres-6-semaines-de-debats-nourris-le-proces-apollonia-entre-dans-la-derniere-ligne-droite\" target=\"_blank\" rel=\"noopener\">les investissements immobiliers r\u00e9alis\u00e9s via la soci\u00e9t\u00e9 aixoise<\/a>.\u00a0 L\u2019association des victimes, elle, d\u00e9fend le collectif, gr\u00e2ce auquel elle a r\u00e9ussi \u00ab\u00a0\u00e0 renverser le syst\u00e8me Apollonia\u00a0\u00bb.<\/p>\n<p>\u00ab\u00a0Vous allez juger le g\u00e2chis de vies humaines\u00a0\u00bb<\/p>\n<p>Devant les juges, Christophe Jervolino s\u2019est ainsi rem\u00e9mor\u00e9 son premier rendez-vous \u00e0 ce sujet, <a href=\"https:\/\/www.laprovence.com\/article\/faits-divers-justice\/124637767316115\/affaire-apollonia-top-depart-a-marseille-du-marathon-judiciaire-apres-17-ans-dattente\" target=\"_blank\" rel=\"noopener\">il y a 18\u00a0ans<\/a>. Le client \u00e9tait Claude Michel, un proviseur de coll\u00e8ge et longtemps pr\u00e9sident de l\u2019association. Un homme \u00ab\u00a0juste, droit\u00a0\u00bb, arriv\u00e9 dans le bureau avec un dossier trop mince et cet endettement d\u20191,4\u00a0million d\u2019euros qui lui avait donn\u00e9 envie \u00ab\u00a0de prendre le fusil de chasse et d\u2019aller au fond du jardin\u00a0\u00bb.<\/p>\n","protected":false},"excerpt":{"rendered":"C\u2019\u00e9tait la plaidoirie de partie civile la plus attendue. Ce mercredi 28\u00a0mai en fin de matin\u00e9e, au 29e\u00a0jour&hellip;\n","protected":false},"author":2,"featured_media":134733,"comment_status":"","ping_status":"","sticky":false,"template":"","format":"standard","meta":{"footnotes":""},"categories":[2814],"tags":[17,1111,11,13061,20837,19026,154,1777,674,274,1011,27,884,12,2694,882,9068,25,2023],"class_list":{"0":"post-134732","1":"post","2":"type-post","3":"status-publish","4":"format-standard","5":"has-post-thumbnail","7":"category-marseille","8":"tag-17","9":"tag-actu","10":"tag-actualites","11":"tag-apollonia","12":"tag-chemin","13":"tag-croix","14":"tag-des","15":"tag-eu","16":"tag-europe","17":"tag-faits-divers-justice","18":"tag-fr","19":"tag-france","20":"tag-marseille","21":"tag-news","22":"tag-proces","23":"tag-provence-alpes-cote-dazur","24":"tag-raconte","25":"tag-republique-francaise","26":"tag-victimes"},"share_on_mastodon":{"url":"https:\/\/pubeurope.com\/@fr\/114586410282286620","error":""},"_links":{"self":[{"href":"https:\/\/www.europesays.com\/fr\/wp-json\/wp\/v2\/posts\/134732","targetHints":{"allow":["GET"]}}],"collection":[{"href":"https:\/\/www.europesays.com\/fr\/wp-json\/wp\/v2\/posts"}],"about":[{"href":"https:\/\/www.europesays.com\/fr\/wp-json\/wp\/v2\/types\/post"}],"author":[{"embeddable":true,"href":"https:\/\/www.europesays.com\/fr\/wp-json\/wp\/v2\/users\/2"}],"replies":[{"embeddable":true,"href":"https:\/\/www.europesays.com\/fr\/wp-json\/wp\/v2\/comments?post=134732"}],"version-history":[{"count":0,"href":"https:\/\/www.europesays.com\/fr\/wp-json\/wp\/v2\/posts\/134732\/revisions"}],"wp:featuredmedia":[{"embeddable":true,"href":"https:\/\/www.europesays.com\/fr\/wp-json\/wp\/v2\/media\/134733"}],"wp:attachment":[{"href":"https:\/\/www.europesays.com\/fr\/wp-json\/wp\/v2\/media?parent=134732"}],"wp:term":[{"taxonomy":"category","embeddable":true,"href":"https:\/\/www.europesays.com\/fr\/wp-json\/wp\/v2\/categories?post=134732"},{"taxonomy":"post_tag","embeddable":true,"href":"https:\/\/www.europesays.com\/fr\/wp-json\/wp\/v2\/tags?post=134732"}],"curies":[{"name":"wp","href":"https:\/\/api.w.org\/{rel}","templated":true}]}}