{"id":134736,"date":"2025-05-28T16:31:16","date_gmt":"2025-05-28T16:31:16","guid":{"rendered":"https:\/\/www.europesays.com\/fr\/134736\/"},"modified":"2025-05-28T16:31:16","modified_gmt":"2025-05-28T16:31:16","slug":"lyon-myrtille-a-disparu-depuis-deux-semaines-ses-proches-tres-inquiets-la-police-enquete","status":"publish","type":"post","link":"https:\/\/www.europesays.com\/fr\/134736\/","title":{"rendered":"Lyon. Myrtille a disparu depuis deux semaines, ses proches tr\u00e8s inquiets : la police enqu\u00eate"},"content":{"rendered":"<p>            Par<br \/>\n        <strong><br \/>\n            <a href=\"https:\/\/actu.fr\/auteur\/anthony-soudani\" title=\"Consulter tous les articles de Anthony Soudani\" rel=\"nofollow noopener\" target=\"_blank\">Anthony Soudani<\/a><br \/>\n        <\/strong><\/p>\n<p>        Publi\u00e9 le<\/p>\n<p>            28 mai 2025 \u00e0 17h45        <\/p>\n<p><strong>INFO ACTU LYON.<\/strong> \u00ab\u00a0Notre amie<strong> Myrtille Stcherbanioff <\/strong>a disparu depuis mardi 13 mai\u00a0\u00bb. La famille et les proches de la jeune femme sont mobilis\u00e9s sur les r\u00e9seaux pour tenter de la retrouver. De nombreux avis de recherche sont relay\u00e9s depuis des jours et des affiches ont m\u00eame \u00e9t\u00e9 coll\u00e9es \u00e0 <a href=\"https:\/\/actu.fr\/lyon\/\" rel=\"nofollow noopener\" target=\"_blank\">Lyon<\/a>.<\/p>\n<p class=\" wall-content\">Une proc\u00e9dure de <a href=\"https:\/\/actu.fr\/tag\/disparition\" rel=\"nofollow noopener\" target=\"_blank\">disparition inqui\u00e9tante<\/a> a \u00e9t\u00e9 <strong>ouverte par le parquet de Lyon<\/strong>, apprend-on ce mercredi 28 mai 2025. Les investigations confi\u00e9es \u00e0 la direction interd\u00e9partementale de la police du Rh\u00f4ne sont en cours\u00a0pour retrouver <strong>cette habitante du 9e arrondissement <\/strong>\u00e2g\u00e9e de 27 ans.<\/p>\n<p>Elle devait rejoindre aller \u00e0 la f\u00eate m\u00e9di\u00e9vale de Bourg-en-Bresse<\/p>\n<p class=\" wall-content\">\u00ab\u00a0De notre c\u00f4t\u00e9, nous n\u2019avons aucune nouvelle d\u2019elle depuis ce jour, elle est injoignable, <strong>son t\u00e9l\u00e9phone visiblement \u00e9teint<\/strong>, aucune activit\u00e9 sur les r\u00e9seaux sociaux non plus depuis ce mardi 13 mai\u00a0\u00bb, \u00e9crivent ses amis.<\/p>\n<p class=\" wall-content\">La jeune femme \u00e9tait vraisemblablement cens\u00e9e rejoindre un ami \u00e0 la f\u00eate m\u00e9di\u00e9vale de Bourg-en-Bresse (<a href=\"https:\/\/actu.fr\/auvergne-rhone-alpes\/ain_01\" rel=\"nofollow noopener\" target=\"_blank\">Ain<\/a>) o\u00f9 elle devait exposer en tant qu\u2019artisane vendredi dernier, dans l\u2019apr\u00e8s-midi. \u00ab\u00a0Elle ne s\u2019est jamais pr\u00e9sent\u00e9e, les organisateurs n\u2019ont pas de nouvelles non plus\u00a0\u00bb, affirme ses proches.<\/p>\n<p>Sa description physique<\/p>\n<p>Type : Caucasien<br \/>\u00c2ge : 27 ans<br \/>Taille : 1,67 m<br \/>Corpulence : forte<br \/>Cheveux : bruns, courts et ondul\u00e9s<br \/>Couleur des yeux : marron<br \/>Signes distinctifs : lunettes de vue, tatouages color\u00e9s sur les deux bras, style vestimentaire alternatif (m\u00e9di\u00e9val\/steampunk).<\/p>\n<p>Vid\u00e9os : en ce moment sur ActuVue pour la derni\u00e8re fois \u00e0 Lyon<\/p>\n<p class=\" wall-content\">Ils ajoutent : \u00ab\u00a0Nous avons fait venir les pompiers chez elle qui ont pu acc\u00e9der \u00e0 l\u2019int\u00e9rieur de son appartement, elle ne s\u2019y trouve pas.\u00a0\u00bb<\/p>\n<p class=\" wall-content\">Elle a \u00e9t\u00e9 vue pour la derni\u00e8re fois mardi 13 mai \u00e0 Lyon. \u00ab\u00a0Nous sommes <strong>tr\u00e8s inquiets<\/strong>, sa disparition a \u00e9t\u00e9 d\u00e9clar\u00e9e \u00e0 la police qui est sur le terrain pour la chercher. Nous avons \u00e9galement appel\u00e9 les h\u00f4pitaux aux alentours mais elle ne s\u2019y trouve pas.\u00a0\u00bb<\/p>\n<p class=\" wall-content\">En effet, la police est mobilis\u00e9e. Si vous avez une information \u00e0 transmettre, il est conseiller de contacter le commissariat du 1er arrondissement de Lyon <strong>au 04 37 26 25 40.<\/strong><\/p>\n<p class=\" wall-content\">Suivez toute l\u2019actualit\u00e9 de vos villes et m\u00e9dias favoris en vous inscrivant \u00e0 <a href=\"https:\/\/moncompte.actu.fr\" title=\"D\u00e9couvez Mon Actu\" rel=\"nofollow noopener\" data-trk=\"{&quot;cta&quot;:{&quot;action&quot;:&quot;https:\\\/\\\/moncompte.actu.fr&quot;,&quot;category&quot;:&quot;mon compte&quot;,&quot;from&quot;:&quot;article footer&quot;,&quot;name&quot;:&quot;Mon actu&quot;,&quot;type&quot;:&quot;cta&quot;}}\" target=\"_blank\">Mon Actu<\/a>.<\/p>\n<ul class=\"ac-article-tag wall-content\">\n<li><a href=\"https:\/\/actu.fr\/tag\/disparition\" data-trk=\"{&quot;cta&quot;:{&quot;action&quot;:&quot;Disparition inqui\\u00e9tante&quot;,&quot;category&quot;:&quot;tag&quot;,&quot;from&quot;:&quot;article footer&quot;,&quot;name&quot;:&quot;Disparition inqui\\u00e9tante&quot;,&quot;type&quot;:&quot;cta&quot;}}\" rel=\"nofollow noopener\" target=\"_blank\">#Disparition inqui\u00e9tante<\/a><\/li>\n<li><a href=\"https:\/\/actu.fr\/tag\/police\" data-trk=\"{&quot;cta&quot;:{&quot;action&quot;:&quot;Police&quot;,&quot;category&quot;:&quot;tag&quot;,&quot;from&quot;:&quot;article footer&quot;,&quot;name&quot;:&quot;Police&quot;,&quot;type&quot;:&quot;cta&quot;}}\" rel=\"nofollow noopener\" target=\"_blank\">#Police<\/a><\/li>\n<\/ul>\n","protected":false},"excerpt":{"rendered":"Par Anthony Soudani Publi\u00e9 le 28 mai 2025 \u00e0 17h45 INFO ACTU LYON. \u00ab\u00a0Notre amie Myrtille Stcherbanioff a&hellip;\n","protected":false},"author":2,"featured_media":134737,"comment_status":"","ping_status":"","sticky":false,"template":"","format":"standard","meta":{"footnotes":""},"categories":[1889],"tags":[1111,11,2430,3676,1777,674,118,1011,27,2428,12,1072,25],"class_list":{"0":"post-134736","1":"post","2":"type-post","3":"status-publish","4":"format-standard","5":"has-post-thumbnail","7":"category-lyon","8":"tag-actu","9":"tag-actualites","10":"tag-auvergne-rhone-alpes","11":"tag-disparition-inquietante","12":"tag-eu","13":"tag-europe","14":"tag-faits-divers","15":"tag-fr","16":"tag-france","17":"tag-lyon","18":"tag-news","19":"tag-police","20":"tag-republique-francaise"},"share_on_mastodon":{"url":"https:\/\/pubeurope.com\/@fr\/114586418318369894","error":""},"_links":{"self":[{"href":"https:\/\/www.europesays.com\/fr\/wp-json\/wp\/v2\/posts\/134736","targetHints":{"allow":["GET"]}}],"collection":[{"href":"https:\/\/www.europesays.com\/fr\/wp-json\/wp\/v2\/posts"}],"about":[{"href":"https:\/\/www.europesays.com\/fr\/wp-json\/wp\/v2\/types\/post"}],"author":[{"embeddable":true,"href":"https:\/\/www.europesays.com\/fr\/wp-json\/wp\/v2\/users\/2"}],"replies":[{"embeddable":true,"href":"https:\/\/www.europesays.com\/fr\/wp-json\/wp\/v2\/comments?post=134736"}],"version-history":[{"count":0,"href":"https:\/\/www.europesays.com\/fr\/wp-json\/wp\/v2\/posts\/134736\/revisions"}],"wp:featuredmedia":[{"embeddable":true,"href":"https:\/\/www.europesays.com\/fr\/wp-json\/wp\/v2\/media\/134737"}],"wp:attachment":[{"href":"https:\/\/www.europesays.com\/fr\/wp-json\/wp\/v2\/media?parent=134736"}],"wp:term":[{"taxonomy":"category","embeddable":true,"href":"https:\/\/www.europesays.com\/fr\/wp-json\/wp\/v2\/categories?post=134736"},{"taxonomy":"post_tag","embeddable":true,"href":"https:\/\/www.europesays.com\/fr\/wp-json\/wp\/v2\/tags?post=134736"}],"curies":[{"name":"wp","href":"https:\/\/api.w.org\/{rel}","templated":true}]}}