{"id":134743,"date":"2025-05-28T16:35:12","date_gmt":"2025-05-28T16:35:12","guid":{"rendered":"https:\/\/www.europesays.com\/fr\/134743\/"},"modified":"2025-05-28T16:35:12","modified_gmt":"2025-05-28T16:35:12","slug":"en-cas-de-victoire-une-parade-des-joueurs-sera-organisee-sur-les-champs-elysees-a-paris","status":"publish","type":"post","link":"https:\/\/www.europesays.com\/fr\/134743\/","title":{"rendered":"en cas de victoire, une parade des joueurs sera organis\u00e9e sur les Champs-\u00c9lys\u00e9es \u00e0 Paris"},"content":{"rendered":"<p>            Par<br \/>\n        <strong><br \/>\n            <a href=\"https:\/\/actu.fr\/auteur\/sarah-coulet\" title=\"Consulter tous les articles de Sarah Coulet\" rel=\"nofollow noopener\" target=\"_blank\">Sarah Coulet<\/a><br \/>\n        <\/strong><\/p>\n<p>        Publi\u00e9 le<\/p>\n<p>            28 mai 2025 \u00e0 16h46<br \/>\n        ; mis \u00e0 jour le 28 mai 2025 \u00e0 16h49    <\/p>\n<p>Vont-ils d\u00e9filer sur les <a href=\"https:\/\/actu.fr\/tag\/champs-elysees\" rel=\"nofollow noopener\" target=\"_blank\">Champs-\u00c9lys\u00e9es<\/a>, coupe aux grandes oreilles en main\u2009? Dimanche 1er\u00a0juin 2025, en cas de <strong>victoire contre l\u2019Inter Milan<\/strong>, les joueurs du <a href=\"https:\/\/actu.fr\/tag\/paris-saint-germain-psg\" rel=\"nofollow noopener\" target=\"_blank\">Paris Saint Germain (PSG)<\/a> devraient pouvoir parader sur l\u2019avenue parisienne pour c\u00e9l\u00e9brer leur premi\u00e8re victoire en <a href=\"https:\/\/actu.fr\/tag\/ligue-des-champions\" rel=\"nofollow noopener\" target=\"_blank\">Ligue des Champions<\/a>, a appris\u00a0<a href=\"https:\/\/actu.fr\/paris\/dernieres-actus\" rel=\"nofollow noopener\" target=\"_blank\">actu Paris<\/a>\u00a0aupr\u00e8s de Jeanne d\u2019Hauteserre, la maire du 8e arrondissement, confirmant une information de\u00a0<a href=\"https:\/\/rmcsport.bfmtv.com\/football\/ligue-des-champions\/psg-inter-une-parade-prevue-sur-les-champs-elysees-ce-dimanche-en-cas-de-victoire-des-parisiens_AV-202505280396.html\" rel=\"nofollow noopener\" target=\"_blank\">RMC Sport<\/a>.<\/p>\n<p>\u00ab\u2009Une sanctuarisation de l\u2019avenue\u2009\u00bb<\/p>\n<p class=\" wall-content\">D\u2019apr\u00e8s l\u2019\u00e9lue, les joueurs de <a href=\"https:\/\/actu.fr\/ile-de-france\/paris_75056\/5-choses-a-savoir-sur-luis-enrique-pressenti-comme-nouvel-entraineur-du-paris-saint-germain_59752157.html\" rel=\"nofollow noopener\" target=\"_blank\">Luis Enrique<\/a> seront d\u2019abord re\u00e7us par <a href=\"https:\/\/actu.fr\/tag\/emmanuel-macron\" rel=\"nofollow noopener\" target=\"_blank\">Emmanuel Macron<\/a> \u00e0 l\u2019<a href=\"https:\/\/actu.fr\/tag\/elysee\" rel=\"nofollow noopener\" target=\"_blank\">\u00c9lys\u00e9e<\/a> avant de prendre place \u00e0 bord d\u2019un bus \u00e0 imp\u00e9riale et de traverser l\u2019avenue. Un moment tr\u00e8s attendu par les <strong>supporters<\/strong> mais qui est cependant soumis \u00e0 une condition\u2009: le bon d\u00e9roul\u00e9 des festivit\u00e9s de la veille. En cas de d\u00e9bordement, la parade pourrait \u00eatre annul\u00e9e.<\/p>\n<p class=\" wall-content\">Le dispositif de s\u00e9curit\u00e9 sera \u00ab\u2009certainement calqu\u00e9 sur celui des Jeux olympiques de Paris 2024\u2009\u00bb, glisse la maire. Des <strong>points de filtrages<\/strong> et\u00a0des zones interdites aux v\u00e9hicules seront sans doute mises en place. Un arr\u00eat\u00e9 de la <a href=\"https:\/\/actu.fr\/tag\/prefecture-de-police-de-paris\" rel=\"nofollow noopener\" target=\"_blank\">pr\u00e9fecture de Police de Paris<\/a> d\u00e9taillant les mesures devrait \u00eatre publi\u00e9 vendredi 30\u00a0mai 2025.<\/p>\n<p class=\" wall-content\">Une soir\u00e9e qui s\u2019annonce <strong>historique<\/strong>. Si aucune <a href=\"https:\/\/actu.fr\/ile-de-france\/paris_75056\/finale-de-ligue-des-champions-psg-inter-milan-il-n-y-aura-pas-de-fan-zone-gratuite-a-paris-annonce-la-ville_62682639.html\" rel=\"nofollow noopener\" target=\"_blank\">fan zone gratuite<\/a> ne sera install\u00e9e dans la capitale, <a href=\"https:\/\/actu.fr\/ile-de-france\/paris_75056\/finale-de-la-ligue-des-champions-ou-voir-le-match-psg-inter-milan-sur-grand-ecran-a-paris-et-sa-banlieue_62696808.html\" rel=\"nofollow noopener\" target=\"_blank\">les bars de Paris et de petite couronne<\/a> se pr\u00e9parent \u00e0 recevoir une <strong>foule de fans<\/strong>.<\/p>\n<p class=\" wall-content\">Suivez toute l\u2019actualit\u00e9 de vos villes et m\u00e9dias favoris en vous inscrivant \u00e0 <a href=\"https:\/\/moncompte.actu.fr\" title=\"D\u00e9couvez Mon Actu\" rel=\"nofollow noopener\" data-trk=\"{&quot;cta&quot;:{&quot;action&quot;:&quot;https:\\\/\\\/moncompte.actu.fr&quot;,&quot;category&quot;:&quot;mon compte&quot;,&quot;from&quot;:&quot;article footer&quot;,&quot;name&quot;:&quot;Mon actu&quot;,&quot;type&quot;:&quot;cta&quot;}}\" target=\"_blank\">Mon Actu<\/a>.<\/p>\n","protected":false},"excerpt":{"rendered":"Par Sarah Coulet Publi\u00e9 le 28 mai 2025 \u00e0 16h46 ; mis \u00e0 jour le 28 mai 2025&hellip;\n","protected":false},"author":2,"featured_media":17932,"comment_status":"","ping_status":"","sticky":false,"template":"","format":"standard","meta":{"footnotes":""},"categories":[1888],"tags":[1111,1928,11,1927,6984,1777,674,1011,27,12,1926,2334,626,1925,2332,25,104],"class_list":{"0":"post-134743","1":"post","2":"type-post","3":"status-publish","4":"format-standard","5":"has-post-thumbnail","7":"category-paris","8":"tag-actu","9":"tag-actu-paris","10":"tag-actualites","11":"tag-actualites-paris","12":"tag-champs-elysees","13":"tag-eu","14":"tag-europe","15":"tag-fr","16":"tag-france","17":"tag-news","18":"tag-news-paris","19":"tag-parc-des-princes","20":"tag-paris","21":"tag-paris-news","22":"tag-paris-saint-germain-psg","23":"tag-republique-francaise","24":"tag-societe"},"share_on_mastodon":{"url":"https:\/\/pubeurope.com\/@fr\/114586434045595263","error":""},"_links":{"self":[{"href":"https:\/\/www.europesays.com\/fr\/wp-json\/wp\/v2\/posts\/134743","targetHints":{"allow":["GET"]}}],"collection":[{"href":"https:\/\/www.europesays.com\/fr\/wp-json\/wp\/v2\/posts"}],"about":[{"href":"https:\/\/www.europesays.com\/fr\/wp-json\/wp\/v2\/types\/post"}],"author":[{"embeddable":true,"href":"https:\/\/www.europesays.com\/fr\/wp-json\/wp\/v2\/users\/2"}],"replies":[{"embeddable":true,"href":"https:\/\/www.europesays.com\/fr\/wp-json\/wp\/v2\/comments?post=134743"}],"version-history":[{"count":0,"href":"https:\/\/www.europesays.com\/fr\/wp-json\/wp\/v2\/posts\/134743\/revisions"}],"wp:featuredmedia":[{"embeddable":true,"href":"https:\/\/www.europesays.com\/fr\/wp-json\/wp\/v2\/media\/17932"}],"wp:attachment":[{"href":"https:\/\/www.europesays.com\/fr\/wp-json\/wp\/v2\/media?parent=134743"}],"wp:term":[{"taxonomy":"category","embeddable":true,"href":"https:\/\/www.europesays.com\/fr\/wp-json\/wp\/v2\/categories?post=134743"},{"taxonomy":"post_tag","embeddable":true,"href":"https:\/\/www.europesays.com\/fr\/wp-json\/wp\/v2\/tags?post=134743"}],"curies":[{"name":"wp","href":"https:\/\/api.w.org\/{rel}","templated":true}]}}