{"id":134745,"date":"2025-05-28T16:37:20","date_gmt":"2025-05-28T16:37:20","guid":{"rendered":"https:\/\/www.europesays.com\/fr\/134745\/"},"modified":"2025-05-28T16:37:20","modified_gmt":"2025-05-28T16:37:20","slug":"voici-les-10-meilleurs-musees-de-paris-a-arpenter-cet-ete","status":"publish","type":"post","link":"https:\/\/www.europesays.com\/fr\/134745\/","title":{"rendered":"Voici les 10 meilleurs mus\u00e9es de Paris \u00e0 arpenter cet \u00e9t\u00e9"},"content":{"rendered":"<p>Avec plus de 100 <a href=\"https:\/\/www.vogue.fr\/dossier\/musees\" rel=\"nofollow noopener\" target=\"_blank\">mus\u00e9es<\/a> publics et priv\u00e9s, <a href=\"https:\/\/www.vogue.fr\/culture\/article\/expositions-paris\" rel=\"nofollow noopener\" target=\"_blank\">Paris<\/a> est l\u2019une des capitales culturelles les plus riches au monde. En marge des grandes expositions th\u00e9matiques, les collections permanentes regorgent de tr\u00e9sors historiques qui font toute la richesse du patrimoine parisien. Tour d\u2019horizon des meilleurs mus\u00e9es de Paris \u00e0 visiter si vous \u00eates de passage dans la Ville Lumi\u00e8re.<\/p>\n<p>Le Mus\u00e9e du Louvre<\/p>\n<p>\u00c0 ce jour, il est le plus grand mus\u00e9e d\u2019art et d\u2019antiquit\u00e9s au monde, mais aussi le plus visit\u00e9. N\u00e9 ch\u00e2teau fort sous le r\u00e8gne du roi <strong>Philippe Auguste<\/strong>, il est uni au <strong>Palais des Tuileries<\/strong>, alors la r\u00e9sidence des rois de France, sous l\u2019impulsion d\u2019<strong>Henri IV<\/strong>, \u00e0 la fin du XVI\u00e8me si\u00e8cle. Si le projet de faire du <a href=\"https:\/\/www.vogue.fr\/culture\/a-voir\/articles\/le-louvre-est-le-musee-le-plus-frequente-au-monde-tourisme-paris\/66424\" rel=\"nofollow noopener\" target=\"_blank\">Louvre<\/a> un lieu de conservation d\u2019\u0153uvres d\u2019art est n\u00e9 sous le r\u00e8gne de <strong>Louis XIV<\/strong>, ce n\u2019est qu\u2019apr\u00e8s la R\u00e9volution fran\u00e7aise qu\u2019il sera transform\u00e9 en mus\u00e9e. Plus de 500 000 \u0153uvres y sont aujourd\u2019hui conserv\u00e9es, des antiquit\u00e9s \u00e9gyptiennes, grecques et romaines \u00e0 l\u2019art occidental du Moyen-\u00c2ge au XIX\u00e8me si\u00e8cle. L\u2019un des catalogues les plus riches et les plus vari\u00e9s au monde.<\/p>\n<p><strong>Les incontournables<\/strong> : La Joconde de <a href=\"https:\/\/www.vogue.fr\/culture\/a-voir\/articles\/leonard-de-vinci-lexposition-evenement-a-voir-musee-du-louvre-en-2019\/68790\" rel=\"nofollow noopener\" target=\"_blank\"><strong>De Vinci<\/strong><\/a>, bien s\u00fbr, mais aussi Les trois Gr\u00e2ces de <strong>Lucas Cranach<\/strong>, Le Radeau de la M\u00e9duse de <strong>Th\u00e9odore G\u00e9ricault<\/strong>, La Grande Odalisque de <strong>Jean-Auguste-Dominique Ingres<\/strong>, la V\u00e9nus de <strong>Milo<\/strong>, le Grand sphinx de Tanis, les statues d&rsquo;Ain Ghazal et le Sacre de Napol\u00e9on de <strong>David<\/strong>.<\/p>\n<p><strong>\u00c0 voir en ce moment :<\/strong> l&rsquo;exposition Louvre couture qui r\u00e9unit 65 \u0153uvres de mode, allant de <strong>Balenciaga<\/strong> \u00e0 <strong>Jean-Paul Gaultier<\/strong>, ainsi qu&rsquo;une trentaine d&rsquo;accessoires et de tapisserie, qui cr\u00e9ent un dialogue entre l&rsquo;histoire, la mode, les objets d&rsquo;art et la culture visuelle.<\/p>\n<p>\u00a9 Mus\u00e9e du Louvre \/ Nicolas Bousser<\/p>\n<p>Le Mus\u00e9e de l&rsquo;Orangerie<\/p>\n<p>Construit en 1852 sous <strong>Napol\u00e9on III<\/strong>, l&rsquo;actuel Mus\u00e9e de l&rsquo;Orangerie doit son joli nom aux orangers du jardin du Palais des Tuileries (d\u00e9truit en 1871) qu&rsquo;il abritait durant l&rsquo;hiver. \u00c0 la fa\u00e7on d&rsquo;une serre, il a \u00e9t\u00e9 pens\u00e9 pour capter la lumi\u00e8re et la chaleur du soleil. Il faudra attendre 1921, pour qu&rsquo;il devienne un lieu d&rsquo;expositions d&rsquo;artistes vivants. Et c&rsquo;est <a href=\"https:\/\/www.vogue.fr\/culture\/a-voir\/diaporama\/et-si-on-allait-admirer-les-nympheas-de-monet-au-musee-de-lorangerie-paris-exposition\/50486\" rel=\"nofollow noopener\" target=\"_blank\"><strong>Claude Monet<\/strong><\/a> qui ouvre le bal, selon l&rsquo;id\u00e9e de <strong>Georges Cl\u00e9menceau<\/strong>, pr\u00e9sident du Conseil, qui souhaite exposer le grand ensemble des <a href=\"https:\/\/www.vogue.fr\/culture\/article\/musee-de-l-orangerie-visite-virtuelle-gratuite-nympheas-monet\" rel=\"nofollow noopener\" target=\"_blank\">Nymph\u00e9as<\/a> que l&rsquo;artiste est en train de peindre et a offert \u00e0 l\u2019\u00c9tat. Huit compositions monumentales de deux m\u00e8tres de haut sont expos\u00e9es entre les murs du Mus\u00e9e de l&rsquo;Orangerie, et montr\u00e9es au public en 1927, quelques mois apr\u00e8s la mort de <strong>Monet<\/strong>. Depuis, le mus\u00e9e a expos\u00e9 les plus grands, de <strong>Rubens<\/strong> \u00e0 <strong>Degas<\/strong> en passant par <strong>Van Gogh<\/strong>.<\/p>\n","protected":false},"excerpt":{"rendered":"Avec plus de 100 mus\u00e9es publics et priv\u00e9s, Paris est l\u2019une des capitales culturelles les plus riches au&hellip;\n","protected":false},"author":2,"featured_media":134746,"comment_status":"","ping_status":"","sticky":false,"template":"","format":"standard","meta":{"footnotes":""},"categories":[1888],"tags":[11,3734,1777,674,1349,1011,27,7107,12,626,2551,25,26070],"class_list":{"0":"post-134745","1":"post","2":"type-post","3":"status-publish","4":"format-standard","5":"has-post-thumbnail","7":"category-paris","8":"tag-actualites","9":"tag-art","10":"tag-eu","11":"tag-europe","12":"tag-expositions","13":"tag-fr","14":"tag-france","15":"tag-musees","16":"tag-news","17":"tag-paris","18":"tag-patrimoine","19":"tag-republique-francaise","20":"tag-vogue-world"},"share_on_mastodon":{"url":"https:\/\/pubeurope.com\/@fr\/114586441715867686","error":""},"_links":{"self":[{"href":"https:\/\/www.europesays.com\/fr\/wp-json\/wp\/v2\/posts\/134745","targetHints":{"allow":["GET"]}}],"collection":[{"href":"https:\/\/www.europesays.com\/fr\/wp-json\/wp\/v2\/posts"}],"about":[{"href":"https:\/\/www.europesays.com\/fr\/wp-json\/wp\/v2\/types\/post"}],"author":[{"embeddable":true,"href":"https:\/\/www.europesays.com\/fr\/wp-json\/wp\/v2\/users\/2"}],"replies":[{"embeddable":true,"href":"https:\/\/www.europesays.com\/fr\/wp-json\/wp\/v2\/comments?post=134745"}],"version-history":[{"count":0,"href":"https:\/\/www.europesays.com\/fr\/wp-json\/wp\/v2\/posts\/134745\/revisions"}],"wp:featuredmedia":[{"embeddable":true,"href":"https:\/\/www.europesays.com\/fr\/wp-json\/wp\/v2\/media\/134746"}],"wp:attachment":[{"href":"https:\/\/www.europesays.com\/fr\/wp-json\/wp\/v2\/media?parent=134745"}],"wp:term":[{"taxonomy":"category","embeddable":true,"href":"https:\/\/www.europesays.com\/fr\/wp-json\/wp\/v2\/categories?post=134745"},{"taxonomy":"post_tag","embeddable":true,"href":"https:\/\/www.europesays.com\/fr\/wp-json\/wp\/v2\/tags?post=134745"}],"curies":[{"name":"wp","href":"https:\/\/api.w.org\/{rel}","templated":true}]}}