{"id":134753,"date":"2025-05-28T16:41:08","date_gmt":"2025-05-28T16:41:08","guid":{"rendered":"https:\/\/www.europesays.com\/fr\/134753\/"},"modified":"2025-05-28T16:41:08","modified_gmt":"2025-05-28T16:41:08","slug":"elon-musk-claque-la-porte-du-doge-avec-un-maigre-bilan","status":"publish","type":"post","link":"https:\/\/www.europesays.com\/fr\/134753\/","title":{"rendered":"Elon Musk claque la porte du DOGE avec un maigre bilan"},"content":{"rendered":"<p>La rupture est act\u00e9e entre Elon Musk et Donald Trump. Ce mardi, le Haut conseiller du pr\u00e9sident des \u00c9tats-Unis quitte le\u00a0D\u00e9partement d&rsquo;efficacit\u00e9 gouvernementale (appel\u00e9 DOGE) qu&rsquo;il dirige depuis janvier&#8230; non sans amertume.<\/p>\n<p>\u00ab\u202fJ&rsquo;ai \u00e9t\u00e9 d\u00e9\u00e7u de voir ce projet de loi de d\u00e9penses massif qui augmente le d\u00e9ficit budg\u00e9taire au lieu de le r\u00e9duire et qui sape le travail que fait l&rsquo;\u00e9quipeDOGE\u00bb, a lanc\u00e9 sur CBS le milliardaire nomm\u00e9 au gouvernement par le pr\u00e9sident.<\/p>\n<p>Le patron de Tesla avait sign\u00e9 pour une mission claire\u202f: faire faire 2 000 milliards de dollars d&rsquo;\u00e9conomies \u00e0 l&rsquo;administration am\u00e9ricaine. Ces \u00e9conomies devaient provenir de la suppression de \u00ab gaspillages, fraudes et abus \u00bb dans l&rsquo;administration, selon les mots m\u00eames d&rsquo;Elon Musk. 130 jours apr\u00e8s sa prise de poste, le bilan du\u00a0D\u00e9partement d&rsquo;efficacit\u00e9 gouvernementale en est pourtant tr\u00e8s loin.<\/p>\n<p>Depuis janvier, le DOGE a vid\u00e9 de son contenu ou ferm\u00e9 11 agences f\u00e9d\u00e9rales et affirme avoir r\u00e9sili\u00e9 plus de 8 500 contrats et 10 000 subventions. Et la plus grosse coupe a, bien entendu, \u00e9t\u00e9 faite sur les effectifs. Selon une analyse de CNN, au moins 121 000 fonctionnaires f\u00e9d\u00e9raux ont \u00e9t\u00e9 licenci\u00e9s ou menac\u00e9s de licenciement au cours des trois mois qui ont suivi le d\u00e9but du second mandat du pr\u00e9sident Donald Trump.<\/p>\n<p>Un bilan largement revu \u00e0 la baisse<\/p>\n<p>Malgr\u00e9 cette politique budg\u00e9taire &#8211; emprunt\u00e9e au pr\u00e9sident argentin &#8211; le milliardaire libertarien a finalement r\u00e9duit de moiti\u00e9 son ambition d&rsquo;\u00e9conomies. Le DOGE ne pr\u00e9voit finalement que de diminuer de 1 000 milliards de dollars les d\u00e9penses de l&rsquo;administration. En mai, le bilan semblait d&rsquo;ailleurs bien maigre avec une estimation de 160 milliards de dollars d\u00e9j\u00e0 \u00e9conomis\u00e9s selon l&rsquo;agence sp\u00e9ciale. Un chiffre &#8211; 12 fois inf\u00e9rieur \u00e0 la promesse initiale &#8211; qui est lui-m\u00eame contest\u00e9. Selon une analyse de la BBC, le DOGE n&rsquo;aurait en r\u00e9alit\u00e9 pr\u00e9sent\u00e9 que 32,5 milliards de dollars d&rsquo;\u00e9conomies v\u00e9rifi\u00e9es.<\/p>\n<p>La taille s\u00e8che dont r\u00eavait Elon Musk n&rsquo;a donc pas eu lieu. Et pour cause, son agence a subi quelques co\u00fbteuses emb\u00fbches. 24 000 fonctionnaires licenci\u00e9s ont notamment d\u00fb \u00eatre r\u00e9embauch\u00e9s \u00e0 la suite d&rsquo;une d\u00e9cision de justice. Un b\u00e2ton dans les roues du milliardaire qui &#8211; ajout\u00e9 \u00e0 la perte de productivit\u00e9 et aux sommes vers\u00e9es aux employ\u00e9s mis \u00e0 la porte &#8211; aurait co\u00fbt\u00e9 135 milliards de dollars, selon le Partnership for Public Service (PSP). \u00ab Il s&rsquo;agit d&rsquo;une initiative visant \u00e0 lutter contre le gaspillage, mais nous avons constat\u00e9 l&rsquo;inverse \u00bb, a m\u00eame ironis\u00e9 le pr\u00e9sident de l&rsquo;ONG Max Stier au m\u00e9dia CBS MoneyWatch.<\/p>\n<p>Un probl\u00e8me qui pourrait avoir des r\u00e9percussions durant les prochaines ann\u00e9es. \u00ab Ils se sont d\u00e9barrass\u00e9s de comp\u00e9tences importantes, de talents exceptionnels et de relations profondes, ici comme ailleurs. Reconstruire ne prendra pas 100 jours, mais des ann\u00e9es et des ann\u00e9es \u00bb, a notamment mis en garde Max Stier dans un entretien \u00e0 Politico.<\/p>\n","protected":false},"excerpt":{"rendered":"La rupture est act\u00e9e entre Elon Musk et Donald Trump. Ce mardi, le Haut conseiller du pr\u00e9sident des&hellip;\n","protected":false},"author":2,"featured_media":134754,"comment_status":"","ping_status":"","sticky":false,"template":"","format":"standard","meta":{"footnotes":""},"categories":[1589],"tags":[17,11,3396,26071,26072,33,12074,73,1866,3997,12,5396,1864,1865,1863,308],"class_list":{"0":"post-134753","1":"post","2":"type-post","3":"status-publish","4":"format-standard","5":"has-post-thumbnail","7":"category-etats-unis","8":"tag-17","9":"tag-actualites","10":"tag-avec","11":"tag-claque","12":"tag-doge","13":"tag-economie","14":"tag-elon","15":"tag-etats-unis","16":"tag-etats-unis-damerique","17":"tag-musk","18":"tag-news","19":"tag-porte","20":"tag-united-states","21":"tag-united-states-of-america","22":"tag-us","23":"tag-usa"},"share_on_mastodon":{"url":"https:\/\/pubeurope.com\/@fr\/114586457530261297","error":""},"_links":{"self":[{"href":"https:\/\/www.europesays.com\/fr\/wp-json\/wp\/v2\/posts\/134753","targetHints":{"allow":["GET"]}}],"collection":[{"href":"https:\/\/www.europesays.com\/fr\/wp-json\/wp\/v2\/posts"}],"about":[{"href":"https:\/\/www.europesays.com\/fr\/wp-json\/wp\/v2\/types\/post"}],"author":[{"embeddable":true,"href":"https:\/\/www.europesays.com\/fr\/wp-json\/wp\/v2\/users\/2"}],"replies":[{"embeddable":true,"href":"https:\/\/www.europesays.com\/fr\/wp-json\/wp\/v2\/comments?post=134753"}],"version-history":[{"count":0,"href":"https:\/\/www.europesays.com\/fr\/wp-json\/wp\/v2\/posts\/134753\/revisions"}],"wp:featuredmedia":[{"embeddable":true,"href":"https:\/\/www.europesays.com\/fr\/wp-json\/wp\/v2\/media\/134754"}],"wp:attachment":[{"href":"https:\/\/www.europesays.com\/fr\/wp-json\/wp\/v2\/media?parent=134753"}],"wp:term":[{"taxonomy":"category","embeddable":true,"href":"https:\/\/www.europesays.com\/fr\/wp-json\/wp\/v2\/categories?post=134753"},{"taxonomy":"post_tag","embeddable":true,"href":"https:\/\/www.europesays.com\/fr\/wp-json\/wp\/v2\/tags?post=134753"}],"curies":[{"name":"wp","href":"https:\/\/api.w.org\/{rel}","templated":true}]}}