{"id":134757,"date":"2025-05-28T16:43:14","date_gmt":"2025-05-28T16:43:14","guid":{"rendered":"https:\/\/www.europesays.com\/fr\/134757\/"},"modified":"2025-05-28T16:43:14","modified_gmt":"2025-05-28T16:43:14","slug":"lallemagne-signe-un-accord-avec-kiev-pour-la-production-de-missiles-longue-portee-sur-le-territoire-ukrainien-28-05-2025-a-1744","status":"publish","type":"post","link":"https:\/\/www.europesays.com\/fr\/134757\/","title":{"rendered":"L&rsquo;Allemagne signe un accord avec Kiev pour la production de missiles longue port\u00e9e sur le territoire ukrainien &#8211; 28\/05\/2025 \u00e0 17:44"},"content":{"rendered":"<p> Volodymyr Zelensky a estim\u00e9 qu&rsquo;avec 30 milliards de dollars, l&rsquo;Ukraine pourrait lancer la production locale de missiles de longue port\u00e9e.<\/p>\n<p>        <img fetchpriority=\"high\" decoding=\"async\" src=\"https:\/\/www.europesays.com\/fr\/wp-content\/uploads\/2025\/05\/0d36760e0d55d53a12b4b37e7c7eec5e-760x497.jpg\" alt=\"Volodymyr Zelensky et Freidrich Merz \u00e0 Berlin, en Allemagne, le 28 mai 2025. ( AFP \/ ODD ANDERSEN )\" loading=\"eager\" width=\"760\" height=\"497\" style=\"max-width: 100%!important; height: auto;\"\/><\/p>\n<p class=\"c-image-news__legend\">Volodymyr Zelensky et Freidrich Merz \u00e0 Berlin, en Allemagne, le 28 mai 2025. ( AFP \/ ODD ANDERSEN )<\/p>\n<p>\n L&rsquo;Allemagne va aider l&rsquo;Ukraine \u00e0 produire des missiles longue port\u00e9e sur son territoire, s&rsquo;est engag\u00e9 mercredi 28 mai, ouvrant un peu plus la voie \u00e0 des frappes en profondeur sur le territoire russe.\n<\/p>\n<p>\n \u00ab\u00a0Nos ministres de la D\u00e9fense vont signer aujourd&rsquo;hui un protocole d&rsquo;accord (&#8230;) Il s&rsquo;agira d&rsquo;une<br \/>\n <strong><br \/>\n  coop\u00e9ration au niveau industriel<br \/>\n <\/strong><br \/>\n qui pourra avoir lieu aussi bien en Ukraine qu&rsquo;ici en Allemagne\u00a0\u00bb, a d\u00e9clar\u00e9 Friedrich Merz en recevant le pr\u00e9sident Volodymyr Zelensky \u00e0 Berlin, sans donner davantage de d\u00e9tails. La production devrait donc \u00eatre sous contr\u00f4le de l&rsquo;industrie d&rsquo;armement ukrainienne avec probablement des composants livr\u00e9s d&rsquo;Allemagne.\n<\/p>\n<p>\n Berlin n&rsquo;est pas le premier pays occidental \u00e0 franchir ce pas pour aider l&rsquo;Ukraine \u00e0 fabriquer des armes \u00e0 longue port\u00e9e,<br \/>\n <strong><br \/>\n  le Royaume-Uni \u00e9tant d\u00e9j\u00e0 engag\u00e9 dans un tel soutien.<br \/>\n <\/strong>\n<\/p>\n<p>\n Jusqu&rsquo;ici, Kiev r\u00e9clamait, en vain, la livraison par Berlin de missiles allemands Taurus, d&rsquo;une port\u00e9e de plus de 500 km. Mais depuis son arriv\u00e9e au pouvoir le 6 mai dernier, Friedrich Merz, qui s&rsquo;\u00e9tait prononc\u00e9 auparavant pour un tel soutien, tergiversait. Moscou a pr\u00e9venu par avance que des livraisons directes de Taurus seraient consid\u00e9r\u00e9es comme une implication de Berlin dans la guerre. Cet engagement d&rsquo;aide \u00e0 la production ukrainienne permet \u00e0 Merz de r\u00e9soudre au moins temporairement ce dilemme.\n<\/p>\n<p>\n Avant de se rendre \u00e0 Berlin,<br \/>\n <strong><br \/>\n  Volodymyr Zelensky avait dit \u00ab\u00a0souhaiter recevoir 30 milliards de dollars pour lancer la production ukrainienne \u00e0 pleine capacit\u00e9\u00a0\u00bb<br \/>\n <\/strong><br \/>\n en mati\u00e8re d&rsquo;armements. \u00ab\u00a0Nous pouvons surprendre la Russie si nous avons les fonds n\u00e9cessaires\u00a0\u00bb, a-t-il dit.\n<\/p>\n<p> Pas de mise en service de Nord Stream 2<\/p>\n<p>\n Jusqu&rsquo;\u00e0 pr\u00e9sent, l&rsquo;Allemagne, plus grand pourvoyeur d&rsquo;aide militaire \u00e0 Kiev derri\u00e8re les Etats-Unis, n&rsquo;a pas fourni \u00e0 l&rsquo;Ukraine d&rsquo;armes d&rsquo;une port\u00e9e sup\u00e9rieure \u00e0 70 kilom\u00e8tres environ.\n<\/p>\n<p>\n Le chancelier allemand Friedrich Merz a dans le m\u00eame temps promis mercredi que son pays ferait<br \/>\n <strong><br \/>\n  \u00ab\u00a0tout\u00a0\u00bb pour emp\u00eacher une mise en service du gazoduc \u00e0 l&rsquo;arr\u00eat Nord Stream 2<br \/>\n <\/strong><br \/>\n , de nouveau \u00e9voqu\u00e9e pour approvisionner l&rsquo;Europe en gaz russe.\n<\/p>\n<p>\n \u00ab\u00a0Nous continuerons \u00e0 augmenter la pression sur la Russie\u00a0\u00bb, a-t-il d\u00e9clar\u00e9. \u00ab\u00a0Nous ferons tout ce qui est en notre pouvoir pour emp\u00eacher la remise en service du gazoduc Nord Stream 2\u00a0\u00bb (NS2), a-t-il ajout\u00e9, r\u00e9pondant aux promoteurs de ce sc\u00e9nario.\n<\/p>\n<p>\n Voies de transit du gaz russe vers l&rsquo;Europe,<br \/>\n <strong><br \/>\n  les conduites de Nord Sream 2, reliant la Russie \u00e0 l&rsquo;Allemagne par la mer Baltique<br \/>\n <\/strong><br \/>\n , sont \u00e0 l&rsquo;abandon depuis des explosions inexpliqu\u00e9es en septembre 2022, quelques mois apr\u00e8s le d\u00e9but de l&rsquo;offensive russe en Ukraine.\n<\/p>\n<p>\n Les deux conduites du gazoduc Nord Stream 1, en service depuis 2011, ont \u00e9t\u00e9 d\u00e9truites, tandis qu&rsquo;un tuyau de Nord Stream 2 semble intact. Ce dernier, achev\u00e9 en 2021, n&rsquo;a jamais obtenu l&rsquo;autorisation d&rsquo;exploitation n\u00e9cessaire pour commencer \u00e0 acheminer du gaz compte tenu de la mont\u00e9e des tensions avec la Russie, accus\u00e9e de se servir des livraisons de gaz pour faire pression sur l&rsquo;Europe et l&rsquo;Ukraine.<\/p>\n","protected":false},"excerpt":{"rendered":"Volodymyr Zelensky a estim\u00e9 qu&rsquo;avec 30 milliards de dollars, l&rsquo;Ukraine pourrait lancer la production locale de missiles de&hellip;\n","protected":false},"author":2,"featured_media":134758,"comment_status":"","ping_status":"","sticky":false,"template":"","format":"standard","meta":{"footnotes":""},"categories":[1587],"tags":[400,11,672,398,408,1804,405,1805,1803,1777,674,1801,403,402,399,404,12,1802,401,406,407],"class_list":{"0":"post-134757","1":"post","2":"type-post","3":"status-publish","4":"format-standard","5":"has-post-thumbnail","7":"category-allemagne","8":"tag-action-cac-40","9":"tag-actualites","10":"tag-allemagne","11":"tag-bourse-de-paris","12":"tag-boursorama","13":"tag-bundesrepublik-deutschland","14":"tag-cotations","15":"tag-de","16":"tag-deutschland","17":"tag-eu","18":"tag-europe","19":"tag-germany","20":"tag-indices-devises","21":"tag-investir","22":"tag-investissement","23":"tag-marche-boursier","24":"tag-news","25":"tag-republique-federale-dallemagne","26":"tag-sicav","27":"tag-trackers","28":"tag-warrants"},"share_on_mastodon":{"url":"https:\/\/pubeurope.com\/@fr\/114586465455380734","error":""},"_links":{"self":[{"href":"https:\/\/www.europesays.com\/fr\/wp-json\/wp\/v2\/posts\/134757","targetHints":{"allow":["GET"]}}],"collection":[{"href":"https:\/\/www.europesays.com\/fr\/wp-json\/wp\/v2\/posts"}],"about":[{"href":"https:\/\/www.europesays.com\/fr\/wp-json\/wp\/v2\/types\/post"}],"author":[{"embeddable":true,"href":"https:\/\/www.europesays.com\/fr\/wp-json\/wp\/v2\/users\/2"}],"replies":[{"embeddable":true,"href":"https:\/\/www.europesays.com\/fr\/wp-json\/wp\/v2\/comments?post=134757"}],"version-history":[{"count":0,"href":"https:\/\/www.europesays.com\/fr\/wp-json\/wp\/v2\/posts\/134757\/revisions"}],"wp:featuredmedia":[{"embeddable":true,"href":"https:\/\/www.europesays.com\/fr\/wp-json\/wp\/v2\/media\/134758"}],"wp:attachment":[{"href":"https:\/\/www.europesays.com\/fr\/wp-json\/wp\/v2\/media?parent=134757"}],"wp:term":[{"taxonomy":"category","embeddable":true,"href":"https:\/\/www.europesays.com\/fr\/wp-json\/wp\/v2\/categories?post=134757"},{"taxonomy":"post_tag","embeddable":true,"href":"https:\/\/www.europesays.com\/fr\/wp-json\/wp\/v2\/tags?post=134757"}],"curies":[{"name":"wp","href":"https:\/\/api.w.org\/{rel}","templated":true}]}}