{"id":134772,"date":"2025-05-28T16:52:08","date_gmt":"2025-05-28T16:52:08","guid":{"rendered":"https:\/\/www.europesays.com\/fr\/134772\/"},"modified":"2025-05-28T16:52:08","modified_gmt":"2025-05-28T16:52:08","slug":"roland-garros-elina-svitolina-sur-son-mari-gael-monfils-il-a-remporte-une-victoire-incroyable-hier-soir-malheureusement-jetais-dans-ma-chambre-dhotel-a-regarder-le-match-sur-mon-ordinateur-p","status":"publish","type":"post","link":"https:\/\/www.europesays.com\/fr\/134772\/","title":{"rendered":"Roland Garros > Elina Svitolina sur son mari, Ga\u00ebl Monfils : \u00ab\u00a0Il a remport\u00e9 une victoire incroyable hier soir. Malheureusement, j&rsquo;\u00e9tais dans ma chambre d&rsquo;h\u00f4tel \u00e0 regarder le match sur mon ordinateur portable\u00a0\u00bb"},"content":{"rendered":"<p>Couple incon\u00adtour\u00adnable de la sph\u00e8re tennis, Elina Svitolina et Ga\u00ebl Monfils ne manquent jamais une occa\u00adsion de se soutenir publiquement.\u00a0<\/p>\n<p>Interview\u00e9e sur le court apr\u00e8s sa victoire contre Anna Bondar (82e joueuse mondiale) au deuxi\u00e8me tour de Roland\u2010Garros, l\u2019Ukrainienne a forc\u00e9\u00adment \u00e9voqu\u00e9 la remon\u00adtada de son mari mardi soir face \u00e0 Hugo Dellien. Un match qu\u2019elle a v\u00e9cu depuis sa chambre d\u2019h\u00f4tel.\u00a0<\/p>\n<blockquote class=\"twitter-tweet\">\n<p lang=\"en\" dir=\"ltr\">Elina Svitolina spoke about Gael Monfils\u2019 support after her win over Bondar at Roland Garros<\/p>\n<p>\u201cYou had a special fan in the stands. Your husband. What does his support mean for you?\u201d<\/p>\n<p>Elina\u00a0: \u201cIt defi\u00adni\u00adtely means a lot. He had an unbe\u00adlie\u00advable win last night, which was really\u2026 <a href=\"https:\/\/t.co\/c5p74tZZmF\" data-wpel-link=\"external\" target=\"_blank\" rel=\"nofollow external noopener\">pic.twitter.com\/c5p74tZZmF<\/a><\/p>\n<p>\u2014 The Tennis Letter (@TheTennisLetter) <a href=\"https:\/\/twitter.com\/TheTennisLetter\/status\/1927730008820432919?ref_src=twsrc%5Etfw\" data-wpel-link=\"external\" target=\"_blank\" rel=\"nofollow external noopener\">May 28,\u00a02025<\/a><\/p><\/blockquote>\n<p>Interviewer\u00a0: <strong>\u00ab\u202fVous aviez un supporter privi\u00adl\u00e9gi\u00e9 dans les tribunes\u00a0: votre mari. Que repr\u00e9\u00adsente son soutien pour vous ?\u00ab\u202f<\/strong><br \/>Elina Svitolina\u00a0: <strong>\u00ab\u202f\u00c7a repr\u00e9\u00adsente vrai\u00adment beau\u00adcoup. Il a remport\u00e9 une victoire incroyable hier soir, c\u2019\u00e9tait vrai\u00adment incroyable. Malheureusement, j\u2019\u00e9tais dans ma chambre d\u2019h\u00f4tel \u00e0 regarder le match sur mon ordi\u00adna\u00adteur portable. Mais l\u2019am\u00adbiance \u00e9tait incroyable. C\u2019est vrai\u00adment sp\u00e9cial d\u2019\u00eatre mari et femme sur le m\u00eame tournoi et de bien jouer. Une sensa\u00adtion\u00a0incroyable.\u202f\u00bb<\/strong><\/p>\n<p class=\"post-published-date\" style=\"color: silver; font-size: 75%; text-align: left;\">Publi\u00e9 le mercredi 28 mai 2025 \u00e0 17:10<\/p>\n<p><script async src=\"https:\/\/platform.twitter.com\/widgets.js\" charset=\"utf-8\"><\/script><\/p>\n","protected":false},"excerpt":{"rendered":"Couple incon\u00adtour\u00adnable de la sph\u00e8re tennis, Elina Svitolina et Ga\u00ebl Monfils ne manquent jamais une occa\u00adsion de se&hellip;\n","protected":false},"author":2,"featured_media":134773,"comment_status":"","ping_status":"","sticky":false,"template":"","format":"standard","meta":{"footnotes":""},"categories":[1415],"tags":[1011,27,3770,60,12325,1467],"class_list":{"0":"post-134772","1":"post","2":"type-post","3":"status-publish","4":"format-standard","5":"has-post-thumbnail","7":"category-tennis","8":"tag-fr","9":"tag-france","10":"tag-monfils","11":"tag-sports","12":"tag-svitolina","13":"tag-tennis"},"share_on_mastodon":{"url":"https:\/\/pubeurope.com\/@fr\/114586500669331394","error":""},"_links":{"self":[{"href":"https:\/\/www.europesays.com\/fr\/wp-json\/wp\/v2\/posts\/134772","targetHints":{"allow":["GET"]}}],"collection":[{"href":"https:\/\/www.europesays.com\/fr\/wp-json\/wp\/v2\/posts"}],"about":[{"href":"https:\/\/www.europesays.com\/fr\/wp-json\/wp\/v2\/types\/post"}],"author":[{"embeddable":true,"href":"https:\/\/www.europesays.com\/fr\/wp-json\/wp\/v2\/users\/2"}],"replies":[{"embeddable":true,"href":"https:\/\/www.europesays.com\/fr\/wp-json\/wp\/v2\/comments?post=134772"}],"version-history":[{"count":0,"href":"https:\/\/www.europesays.com\/fr\/wp-json\/wp\/v2\/posts\/134772\/revisions"}],"wp:featuredmedia":[{"embeddable":true,"href":"https:\/\/www.europesays.com\/fr\/wp-json\/wp\/v2\/media\/134773"}],"wp:attachment":[{"href":"https:\/\/www.europesays.com\/fr\/wp-json\/wp\/v2\/media?parent=134772"}],"wp:term":[{"taxonomy":"category","embeddable":true,"href":"https:\/\/www.europesays.com\/fr\/wp-json\/wp\/v2\/categories?post=134772"},{"taxonomy":"post_tag","embeddable":true,"href":"https:\/\/www.europesays.com\/fr\/wp-json\/wp\/v2\/tags?post=134772"}],"curies":[{"name":"wp","href":"https:\/\/api.w.org\/{rel}","templated":true}]}}