{"id":134786,"date":"2025-05-28T17:00:13","date_gmt":"2025-05-28T17:00:13","guid":{"rendered":"https:\/\/www.europesays.com\/fr\/134786\/"},"modified":"2025-05-28T17:00:13","modified_gmt":"2025-05-28T17:00:13","slug":"les-heritiers-du-peintre-aixois-se-dechirent-sur-la-sortie-dun-livre","status":"publish","type":"post","link":"https:\/\/www.europesays.com\/fr\/134786\/","title":{"rendered":"les h\u00e9ritiers du peintre aixois se d\u00e9chirent sur la sortie d&rsquo;un livre"},"content":{"rendered":"<p>C&rsquo;est un livre sign\u00e9 Tess C\u00e9zanne &#8211; qui orthographie son patronyme avec accent -, l&rsquo;arri\u00e8re-arri\u00e8re-arri\u00e8re-petite-fille <a href=\"https:\/\/www.laprovence.com\/article\/region\/5455591116743614\/un-peintre-que-rien-ne-predestinait-a-devenir-celebre-cezanne-mis-a-lhonneur-sur-ses-terres-au-tholonet\" target=\"_blank\" rel=\"nofollow noopener\">du peintre aixois<\/a>, qui devait para\u00eetre chez Plon ce 10 avril et jette le trouble chez les descendants de l&rsquo;artiste. D&rsquo;apr\u00e8s le synopsis du livre, l&rsquo;autrice y r\u00e9v\u00e9lerait \u00ab\u00a0avec truculence les p\u00e9rip\u00e9ties des derni\u00e8res g\u00e9n\u00e9rations de la famille\u00a0\u00bb, le communiqu\u00e9 de l&rsquo;\u00e9diteur \u00e9voquant m\u00eame une \u00ab\u00a0v\u00e9nalit\u00e9 sans bornes\u00a0\u00bb, \u00ab\u00a0des contentieux\u00a0\u00bb, et des \u00ab\u00a0ab\u00eemes de la d\u00e9pravation\u00a0\u00bb.<\/p>\n<p>Philippe, arri\u00e8re-petit-fils, cofondateur de la <a href=\"https:\/\/www.societe-cezanne.fr\/\" target=\"_blank\" rel=\"nofollow noopener\">Soci\u00e9t\u00e9 Paul Cezanne<\/a> et d\u00e9tenteur du droit moral du peintre, et son fils Cl\u00e9ment Cezanne &#8211; sans accent &#8211; ont assign\u00e9 l&rsquo;autrice et l&rsquo;\u00e9diteur en justice, r\u00e9v\u00e8lent le site d&rsquo;investigation L&rsquo;Inform\u00e9\u00a0et\u00a0T\u00e9l\u00e9rama. Ils souhaitaient obtenir le manuscrit avant parution au motif qu&rsquo;il pourrait selon eux \u00ab\u00a0porter une grave atteinte au respect de leur vie priv\u00e9e\u00a0\u00bb. La sortie a ainsi \u00e9t\u00e9 retard\u00e9e mais les deux plaignants auraient \u00e9t\u00e9 d\u00e9bout\u00e9s par le tribunal judiciaire de Paris d&rsquo;apr\u00e8s T\u00e9l\u00e9rama.<\/p>\n<p>Contact\u00e9e par l&rsquo;hebdomadaire culturel, Tess C\u00e9zanne assure que son livre va sortir apr\u00e8s \u00ab\u00a0un travail de r\u00e9\u00e9criture en cours\u00a0\u00bb sur des \u00ab\u00a0d\u00e9tails\u00a0\u00bb. Refusant d&rsquo;en dire plus sur le contenu exact du livre, elle assure toutefois qu\u00a0\u00bbil n&rsquo;a pas \u00e9t\u00e9 planifi\u00e9 parce qu&rsquo;il y avait <a href=\"https:\/\/www.laprovence.com\/article\/region\/26447650566496\/a-qui-va-profiter-lexposition-cezanne-au-musee-granet-daix-en-provence\" target=\"_blank\" rel=\"nofollow noopener\">l&rsquo;exposition Cezanne 2025<\/a>&lsquo;\u00a0\u00bb. Il s&rsquo;agirait selon elle d'\u00a0\u00bbun hasard des agendas assez exceptionnel\u00a0\u00bb. Les retrouvailles de la famille Cezanne, tous convi\u00e9s au vernissage priv\u00e9 de l&rsquo;exposition \u00e9v\u00e8nement au mus\u00e9e Granet fin juin, s&rsquo;annoncent orageuses&#8230;<\/p>\n","protected":false},"excerpt":{"rendered":"C&rsquo;est un livre sign\u00e9 Tess C\u00e9zanne &#8211; qui orthographie son patronyme avec accent -, l&rsquo;arri\u00e8re-arri\u00e8re-arri\u00e8re-petite-fille du peintre aixois,&hellip;\n","protected":false},"author":2,"featured_media":134787,"comment_status":"","ping_status":"","sticky":false,"template":"","format":"standard","meta":{"footnotes":""},"categories":[1357],"tags":[17,1379,5649,251,154,58,59,1011,27,26075,4743,151,1380,26074,17258],"class_list":{"0":"post-134786","1":"post","2":"type-post","3":"status-publish","4":"format-standard","5":"has-post-thumbnail","7":"category-livres","8":"tag-17","9":"tag-books","10":"tag-cezanne","11":"tag-culture","12":"tag-des","13":"tag-divertissement","14":"tag-entertainment","15":"tag-fr","16":"tag-france","17":"tag-heritiers","18":"tag-la","19":"tag-les","20":"tag-livres","21":"tag-malediction","22":"tag-peintre"},"share_on_mastodon":{"url":"https:\/\/pubeurope.com\/@fr\/114586532285926719","error":""},"_links":{"self":[{"href":"https:\/\/www.europesays.com\/fr\/wp-json\/wp\/v2\/posts\/134786","targetHints":{"allow":["GET"]}}],"collection":[{"href":"https:\/\/www.europesays.com\/fr\/wp-json\/wp\/v2\/posts"}],"about":[{"href":"https:\/\/www.europesays.com\/fr\/wp-json\/wp\/v2\/types\/post"}],"author":[{"embeddable":true,"href":"https:\/\/www.europesays.com\/fr\/wp-json\/wp\/v2\/users\/2"}],"replies":[{"embeddable":true,"href":"https:\/\/www.europesays.com\/fr\/wp-json\/wp\/v2\/comments?post=134786"}],"version-history":[{"count":0,"href":"https:\/\/www.europesays.com\/fr\/wp-json\/wp\/v2\/posts\/134786\/revisions"}],"wp:featuredmedia":[{"embeddable":true,"href":"https:\/\/www.europesays.com\/fr\/wp-json\/wp\/v2\/media\/134787"}],"wp:attachment":[{"href":"https:\/\/www.europesays.com\/fr\/wp-json\/wp\/v2\/media?parent=134786"}],"wp:term":[{"taxonomy":"category","embeddable":true,"href":"https:\/\/www.europesays.com\/fr\/wp-json\/wp\/v2\/categories?post=134786"},{"taxonomy":"post_tag","embeddable":true,"href":"https:\/\/www.europesays.com\/fr\/wp-json\/wp\/v2\/tags?post=134786"}],"curies":[{"name":"wp","href":"https:\/\/api.w.org\/{rel}","templated":true}]}}