{"id":134796,"date":"2025-05-28T17:05:09","date_gmt":"2025-05-28T17:05:09","guid":{"rendered":"https:\/\/www.europesays.com\/fr\/134796\/"},"modified":"2025-05-28T17:05:09","modified_gmt":"2025-05-28T17:05:09","slug":"ancien-de-lom-souleymane-diawara-veut-voir-le-psg","status":"publish","type":"post","link":"https:\/\/www.europesays.com\/fr\/134796\/","title":{"rendered":"Ancien de l&rsquo;OM, Souleymane Diawara veut voir le PSG&#8230;"},"content":{"rendered":"<p><img width=\"780\" height=\"470\" src=\"https:\/\/www.europesays.com\/fr\/wp-content\/uploads\/2025\/05\/09f9f-780x470.jpg\" class=\"attachment-jannah-image-post size-jannah-image-post wp-post-image\" alt=\"Souleymane Diawara\" is_main_img=\"1\" decoding=\"async\" fetchpriority=\"high\"\/><\/p>\n<p>A quelques jours de la finale de <strong>Ligue des<br \/>\nChampions<\/strong> entre le <strong>PSG<\/strong> et l\u2019<strong>Inter<br \/>\nMilan<\/strong>, Marseille occupe une place pr\u00e9pond\u00e9rante dans les<br \/>\nm\u00e9dias. En effet, la mode est \u00e0 quels anciens marseillais<br \/>\nsupporteront le club de la capitale.<\/p>\n<p>En France, a trois jours de la finale de <strong><a href=\"https:\/\/canal-supporters.com\/ldc-une-parade-prevue-sur-les-champs-elysees-en-cas-de-victoire-du-psg\/\" target=\"_blank\" rel=\"noopener\"><br \/>\nLigue des Champions<\/a><\/strong> pour laquelle un club hexagonal<br \/>\nest engag\u00e9, la mode est \u00e0 se pencher sur ce qu\u2019il se passe dans le<br \/>\nsud de la France. Ainsi, outre les boutiques prises d\u2019assaut \u00e0<br \/>\nMarseille pour se procurer un maillot de l\u2019<strong>Inter<br \/>\nMilan<\/strong>, la question \u00e0 la mode est de savoir si les anciens<br \/>\njoueurs de l\u2019<strong>OM<\/strong> esp\u00e8rent une victoire du<br \/>\n<strong>Paris Saint-Germain<\/strong> en finale de<br \/>\n<strong>C1<\/strong>. Apr\u00e8s <strong>Basile Boli<\/strong>,<br \/>\n<strong>Eric Di Meco<\/strong>, <strong>Zin\u00e9dine Zidane<\/strong>, ou<br \/>\nencore <strong>Didier Deschamps<\/strong>, c\u2019est <strong>Souleymane<br \/>\nDiawara<\/strong>, ancien de l\u2019<strong>Olympique de<br \/>\nMarseille<\/strong> (2009 \u00e0 2014) qui s\u2019est confi\u00e9 sur son souhait<br \/>\nde voir le <strong>PSG<\/strong> l\u2019emporter : \u00ab\u00a0Je vais<br \/>\nregarder le match bien \u00e9videmment. En esp\u00e9rant quand m\u00eame une<br \/>\nvictoire d\u2019une \u00e9quipe fran\u00e7aise, donc du PSG. \u00c7a serait bien pour<br \/>\nla France. Je vais peut-\u00eatre me faire des ennemis. Mais bon c\u2019est<br \/>\ntoujours bien qu\u2019un club fran\u00e7ais puisse enfin remporter une Ligue<br \/>\ndes Champions parce que c\u2019est vrai que \u00e7a date de 1993. \u00c7a serait<br \/>\nbien que la France ram\u00e8ne la coupe \u00e0 la maison. On sait que le<br \/>\nfootball fran\u00e7ais en a besoin, il y a beaucoup de pays qui manquent<br \/>\nde respect au football fran\u00e7ais. Donc ce serait bien que le Paris<br \/>\nSaint-Germain remette tout le monde d\u2019accord, qu\u2019on respecte le<br \/>\nchampionnat de France\u00ab\u00a0, a-t-il d\u00e9clar\u00e9 ce mardi soir, en<br \/>\nmarge du jubil\u00e9 de <strong>Djibril Ciss\u00e9<\/strong>, organis\u00e9 au<br \/>\n<strong>Stade l\u2019Abb\u00e9-Deschamps<\/strong> \u00e0 Auxerre.<\/p>\n<blockquote class=\"twitter-tweet\" data-width=\"550\" data-dnt=\"true\">\n<p lang=\"fr\" dir=\"ltr\">PSG ou Inter ? \u2b50<\/p>\n<p>\ud83c\udfc6 \ud83d\udc40 Diawara, ancien Marseillais : \u00ab\u00a0Je vais peut-\u00eatre me faire des ennemis, mais c&rsquo;est toujours bien qu&rsquo;un club fran\u00e7ais puisse enfin remporter la Ligue des Champions, ramener la coupe \u00e0 la maison.\u00a0\u00bb <a href=\"https:\/\/t.co\/tFQLKKWs0p\">pic.twitter.com\/tFQLKKWs0p<\/a><\/p>\n<p> \u2014 RMC Sport (@RMCsport) <a href=\"https:\/\/twitter.com\/RMCsport\/status\/1927659615778455636?ref_src=twsrc%5Etfw\" target=\"_blank\" rel=\"noopener\"> May 28, 2025<\/a><\/p><\/blockquote>\n<p>X : <a href=\"https:\/\/x.com\/RMCsport\/status\/1927659615778455636\">@RMCsport<\/a><\/p>\n<p>YouTube : <a href=\"https:\/\/www.youtube.com\/watch?v=iN9W49JNZUI&amp;t=1s\" target=\"_blank\" rel=\"noopener\">Canal<br \/>\nSupporters Paris<\/a><\/p>\n<p><script async src=\"https:\/\/platform.twitter.com\/widgets.js\" charset=\"utf-8\"><\/script><\/p>\n","protected":false},"excerpt":{"rendered":"A quelques jours de la finale de Ligue des Champions entre le PSG et l\u2019Inter Milan, Marseille occupe&hellip;\n","protected":false},"author":2,"featured_media":134797,"comment_status":"","ping_status":"","sticky":false,"template":"","format":"standard","meta":{"footnotes":""},"categories":[9],"tags":[26076,81,26077,26078,26079,26080,1011,27,789,447,4536,91,92,93,19330,19331,26081,26082,60],"class_list":{"0":"post-134796","1":"post","2":"type-post","3":"status-publish","4":"format-standard","5":"has-post-thumbnail","7":"category-sports","8":"tag-ancien-de-lom","9":"tag-canal-supporters","10":"tag-diawara","11":"tag-finale-de-c1","12":"tag-finale-de-ldc","13":"tag-finale-de-ligue-des-champions","14":"tag-fr","15":"tag-france","16":"tag-ldc","17":"tag-ligue-des-champions","18":"tag-opinion","19":"tag-paris-saint-germain","20":"tag-paris-sg","21":"tag-psg","22":"tag-psg-int","23":"tag-psg-inter-milan","24":"tag-souley-diawara","25":"tag-souleymane-diawara","26":"tag-sports"},"share_on_mastodon":{"url":"https:\/\/pubeurope.com\/@fr\/114586551890350099","error":""},"_links":{"self":[{"href":"https:\/\/www.europesays.com\/fr\/wp-json\/wp\/v2\/posts\/134796","targetHints":{"allow":["GET"]}}],"collection":[{"href":"https:\/\/www.europesays.com\/fr\/wp-json\/wp\/v2\/posts"}],"about":[{"href":"https:\/\/www.europesays.com\/fr\/wp-json\/wp\/v2\/types\/post"}],"author":[{"embeddable":true,"href":"https:\/\/www.europesays.com\/fr\/wp-json\/wp\/v2\/users\/2"}],"replies":[{"embeddable":true,"href":"https:\/\/www.europesays.com\/fr\/wp-json\/wp\/v2\/comments?post=134796"}],"version-history":[{"count":0,"href":"https:\/\/www.europesays.com\/fr\/wp-json\/wp\/v2\/posts\/134796\/revisions"}],"wp:featuredmedia":[{"embeddable":true,"href":"https:\/\/www.europesays.com\/fr\/wp-json\/wp\/v2\/media\/134797"}],"wp:attachment":[{"href":"https:\/\/www.europesays.com\/fr\/wp-json\/wp\/v2\/media?parent=134796"}],"wp:term":[{"taxonomy":"category","embeddable":true,"href":"https:\/\/www.europesays.com\/fr\/wp-json\/wp\/v2\/categories?post=134796"},{"taxonomy":"post_tag","embeddable":true,"href":"https:\/\/www.europesays.com\/fr\/wp-json\/wp\/v2\/tags?post=134796"}],"curies":[{"name":"wp","href":"https:\/\/api.w.org\/{rel}","templated":true}]}}