{"id":134798,"date":"2025-05-28T17:06:10","date_gmt":"2025-05-28T17:06:10","guid":{"rendered":"https:\/\/www.europesays.com\/fr\/134798\/"},"modified":"2025-05-28T17:06:10","modified_gmt":"2025-05-28T17:06:10","slug":"qui-est-mustapha-el-atrassi-lhumoriste-poursuivi-par-marion-marechal-pour-incitation-a-la-haine","status":"publish","type":"post","link":"https:\/\/www.europesays.com\/fr\/134798\/","title":{"rendered":"Qui est Mustapha El Atrassi, l\u2019humoriste poursuivi par Marion Mar\u00e9chal pour incitation \u00e0 la haine ?"},"content":{"rendered":"<p>Le com\u00e9dien a \u00e9t\u00e9 r\u00e9v\u00e9l\u00e9 au grand public en passant par des \u00e9missions de Laurent Ruquier, sur France 2. Depuis un an, il joue son spectacle \u00abRenaissance\u00bb, dans lequel il s\u2019en prend \u00e0 plusieurs reprises aux \u00abgwers\u00bb, c\u2019est-\u00e0-dire des personnes blanches ou occidentales.<\/p>\n<p class=\"fig-paragraph\">Il y a bien longtemps qu\u2019on ne voit plus son visage \u00e0 l\u2019\u00e9cran. Pourtant, Mustapha El Atrassi a derni\u00e8rement fait parler de lui pour une blague controvers\u00e9e. Ce mardi 27 mai,\u00a0<a href=\"http:\/\/www.lefigaro.fr\/du-temps-perdu-a-insulter-les-gwers-marion-marechal-saisit-la-justice-pour-incitation-a-la-haine-apres-un-sketch-de-mustapha-el-atrassi-20250527\" data-fig-type=\"NewsFlash\" data-gtm-custom-categorie=\"navigation\" data-gtm-custom-action=\"crossclick\" data-gtm-custom-label=\"Contextuel\" data-gtm-event=\"customEventSPE\" data-fig-domain=\"LEFIGARO\" target=\"_blank\" rel=\"noopener\">Marion Mar\u00e9chal a annonc\u00e9 avoir saisi la justice pour incitation \u00e0 la haine<\/a>\u00a0\u00e0 l\u2019encontre de l\u2019humoriste franco-marocain. En cause, cette phrase prononc\u00e9e par l\u2019int\u00e9ress\u00e9 en plein spectacle et relay\u00e9e sur ses r\u00e9seaux sociaux\u00a0: \u00abTout le temps qu\u2019on perd \u00e0 s\u2019insulter entre Marocains et Alg\u00e9riens, c\u2019est du temps perdu \u00e0 insulter les \u201cgwers\u201d (fa\u00e7on injurieuse de d\u00e9signer une personne blanche ou occidentale, NDLR)\u00bb. Une vanne qui a m\u00eame conduit un spectateur \u00e0 quitter la salle, justifiant\u00a0: \u00abapparemment, je ne suis pas le bienvenu\u00bb.<\/p>\n<p class=\"fig-paragraph\">L\u2019intervention de l\u2019eurod\u00e9put\u00e9e du groupe Conservateurs et r\u00e9formistes europ\u00e9ens (ECR) aupr\u00e8s de la justice n\u2019a pas manqu\u00e9 de faire r\u00e9agir le com\u00e9dien, qui sur Instagram a republi\u00e9 le tweet de Marion Mar\u00e9chal en l\u2019accompagnant d\u2019un \u00e9moji en forme de c\u0153ur. L\u2019humoriste a \u00e9galement partag\u00e9 aupr\u00e8s de ses 260.000 abonn\u00e9s diff\u00e9rents clich\u00e9s d\u2019\u00e9missions sur Cnews qui \u00e9voquaient l\u2019affaire ce lundi, en ajoutant le commentaire \u00abquelle belle journ\u00e9e\u00bb.<\/p>\n<p class=\"fig-paragraph\">Dans son dernier spectacle \u00abRenaissance\u00bb qu\u2019il joue depuis 2024, les blagues \u00e0 l\u2019encontre des blancs sont r\u00e9guli\u00e8res, et n\u2019ont pas manqu\u00e9 de faire couler de l\u2019encre. Parmi elles\u00a0: \u00abJean-Charles, je vais inverser la courbe de la moquerie. \u00c7a fait quarante, cinquante ans que les \u201cgwers\u201d se moquent de nous dans les m\u00e9dias. Tu vas payer pour la Zoubida [chanson st\u00e9r\u00e9otyp\u00e9e sur une femme du Maghreb interpr\u00e9t\u00e9e par Vincent Lagaf\u2019 en 1991, NDLR], sale b\u00e2tard\u00bb, citait par exemple dans une critique le directeur adjoint de la r\u00e9daction de\u00a0<a href=\"https:\/\/www.marianne.net\/culture\/tu-vas-payer-pour-la-zoubida-sale-batard-mustapha-el-atrassi-la-gwere-est-declaree\" target=\"_blank\" rel=\"nofollow noopener\" data-gtm-custom-categorie=\"navigation\" data-gtm-custom-action=\"crossclick\" data-gtm-custom-label=\"Contextuel\" data-gtm-event=\"customEventSPE\">Marianne<\/a>, Thibaut Solano, le 23 d\u00e9cembre dernier.<\/p>\n<p class=\"fig-paragraph\">Mustapha El Atrassi est bien connu du grand public, et depuis longtemps. Originaire du Cher, le comique de 39 ans a d\u00e9couvert le standup lors d\u2019un voyage scolaire au Royaume-Uni et a rapidement souhait\u00e9 en faire son m\u00e9tier. C\u2019est au Maroc qu\u2019il perce d\u2019abord, en terminant finaliste du concours d\u2019humoristes \u00ab15 ans, 15 talents\u00bb organis\u00e9 par la cha\u00eene nationale 2M. Ce qui lui permet par la suite d\u2019\u00eatre rep\u00e9r\u00e9 par\u00a0<a href=\"http:\/\/tvmag.lefigaro.fr\/programme-tv\/people\/cette-ville-est-un-film-jamel-debbouze-assiste-a-la-peche-improbable-d-un-poisson-de-2-metres-en-plein-paris-20250502\" data-fig-type=\"Article\" data-gtm-custom-categorie=\"navigation\" data-gtm-custom-action=\"crossclick\" data-gtm-custom-label=\"Contextuel\" data-gtm-event=\"customEventSPE\" data-fig-domain=\"TVMAG\" target=\"_blank\" rel=\"noopener\">Jamel Debbouze<\/a>, qui le fait participer \u00e0 la premi\u00e8re saison du Jamel Comedy Club sur Canal + en 2006.<\/p>\n<p>Plainte pour \u00abcoups et blessures\u00bb d\u2019Anne-\u00c9lisabeth Lemoine<\/p>\n<p class=\"fig-paragraph\">Progressivement, les blagues de Mustapha El Atrassi se font une place sur la sc\u00e8ne parisienne et sur le petit \u00e9cran, \u00e0 tel point que\u00a0<a href=\"http:\/\/tvmag.lefigaro.fr\/programme-tv\/actu-tele\/laurent-ruquier-bientot-a-la-tete-d-une-emission-culturelle-sur-t18-je-ne-regarde-jamais-quelle-epoque-20250524\" data-fig-type=\"Article\" data-gtm-custom-categorie=\"navigation\" data-gtm-custom-action=\"crossclick\" data-gtm-custom-label=\"Contextuel\" data-gtm-event=\"customEventSPE\" data-fig-domain=\"TVMAG\" target=\"_blank\" rel=\"noopener\">Laurent Ruquier<\/a>\u00a0d\u00e9cide de prendre le jeune humoriste sous son aile. D\u2019abord \u00e0 l\u2019antenne sur Europe 1 dans l\u2019\u00e9mission \u00abOn va s\u2019g\u00eaner\u00bb, puis \u00e0 la t\u00e9l\u00e9vision dans \u00abOn a tout essay\u00e9\u00bb sur France 2. Il a \u00e9galement particip\u00e9 \u00e0 la premi\u00e8re saison de \u00abOn n\u2019est pas couch\u00e9\u00bb, en septembre 2006. Mais six mois plus tard, \u00e0 la suite de \u00abviolences verbales\u00bb envers une assistante de l\u2019\u00e9mission, l\u2019humoriste a \u00e9t\u00e9 \u00e9cart\u00e9 du programme, r\u00e9v\u00e9lait le 30 avril 2007 le blog de Jean-Marc Morandini. Il \u00e9tait finalement revenu \u00e0 l\u2019antenne quinze jours plus tard. Il poursuit ensuite sa route au c\u00f4t\u00e9 de Laurent Ruquier jusqu\u2019en 2008, avant de rejoindre\u00a0<a href=\"http:\/\/tvmag.lefigaro.fr\/programme-tv\/people\/je-sais-que-cette-sequence-a-choque-dans-quelle-epoque-lea-salame-revient-sur-les-propos-de-thierry-ardisson-20250525\" data-fig-type=\"Article\" data-gtm-custom-categorie=\"navigation\" data-gtm-custom-action=\"crossclick\" data-gtm-custom-label=\"Contextuel\" data-gtm-event=\"customEventSPE\" data-fig-domain=\"TVMAG\" target=\"_blank\" rel=\"noopener\">Thierry Ardisson<\/a>\u00a0sur Canal + dans l\u2019\u00e9mission \u00abSalut les Terriens\u00bb.<\/p>\n<p class=\"fig-paragraph\">C\u00f4t\u00e9 c\u0153ur, c\u2019est \u00e9galement en 2007 qu\u2019il entretient une relation avec la journaliste et animatrice\u00a0<a href=\"http:\/\/tvmag.lefigaro.fr\/programme-tv\/actu-tele\/venez-avec-moi-dans-l-avion-tom-cruise-aguiche-anne-elisabeth-lemoine-au-festival-de-cannes-20250514\" data-fig-type=\"Article\" data-gtm-custom-categorie=\"navigation\" data-gtm-custom-action=\"crossclick\" data-gtm-custom-label=\"Contextuel\" data-gtm-event=\"customEventSPE\" data-fig-domain=\"TVMAG\" target=\"_blank\" rel=\"noopener\">Anne-\u00c9lisabeth Lemoine<\/a>, aujourd\u2019hui aux commandes de l\u2019\u00e9mission \u00abC \u00e0 vous\u00bb sur France 5. Une idylle qui se soldera au bout de quelques mois par une plainte d\u00e9pos\u00e9e pour \u00abcoups et blessures\u00bb par Anne-\u00c9lisabeth Lemoine \u00e0 l\u2019encontre de son ex-conjoint.<\/p>\n<p>Animateur \u00e0 la t\u00e9l\u00e9 et \u00e0 la radio<\/p>\n<p class=\"fig-paragraph\">Outre ses talents d\u2019humoriste, Mustapha El Atrassi se voit \u00e9galement confier des \u00e9missions \u00e0 la radio. Il coanime entre 2008 et 2011 la matinale de NRJ, le \u00ab6\/9\u00bb. \u00c0 la t\u00e9l\u00e9, de 2009 \u00e0 2012, il pr\u00e9sente aussi l\u2019\u00e9mission hebdomadaire \u00abLa nuit nous appartient\u00bb sur NRJ 12 et Com\u00e9die +, o\u00f9 il re\u00e7oit diff\u00e9rentes personnalit\u00e9s (com\u00e9diens, chanteurs, candidats de t\u00e9l\u00e9r\u00e9alit\u00e9&#8230;). Avec une approche l\u00e9g\u00e8re sous le ton de l\u2019humour fa\u00e7on \u00abtalk-show\u00bb \u00e0 l\u2019am\u00e9ricaine, mais aussi sans filtre, comme lors de cette \u00e9mission o\u00f9 l\u2019ancienne candidate de t\u00e9l\u00e9r\u00e9alit\u00e9\u00a0<a href=\"http:\/\/tvmag.lefigaro.fr\/programme-tv\/people\/j-etais-excessivement-bien-payee-ayem-nour-revele-le-salaire-d-animatrice-qu-elle-touchait-sur-nrj12-20250224\" data-fig-type=\"Article\" data-gtm-custom-categorie=\"navigation\" data-gtm-custom-action=\"crossclick\" data-gtm-custom-label=\"Contextuel\" data-gtm-event=\"customEventSPE\" data-fig-domain=\"TVMAG\" target=\"_blank\" rel=\"noopener\">Ayem Nour<\/a>\u00a0\u00e9tait invit\u00e9e. \u00abAyem (ah j\u2019aime) beaucoup ce que je vois\u00a0! C\u2019est pour moi que tu t\u2019es habill\u00e9e comme \u00e7a\u00a0? Tout \u00e7a c\u2019est pour moi\u00a0?\u00bb, lan\u00e7ait-il face \u00e0 la jeune femme brune en robe courte et d\u00e9collet\u00e9e.<\/p>\n<p class=\"fig-paragraph\">C\u2019est \u00e0 cette \u00e9poque, en 2011, qu\u2019il se met en couple avec\u00a0<a href=\"http:\/\/tvmag.lefigaro.fr\/programme-tv\/people\/ornella-fleury-chroniqueuse-de-camille-combal-sur-nrj-est-maman-pour-la-premiere-fois-20250507\" data-fig-type=\"Article\" data-gtm-custom-categorie=\"navigation\" data-gtm-custom-action=\"crossclick\" data-gtm-custom-label=\"Contextuel\" data-gtm-event=\"customEventSPE\" data-fig-domain=\"TVMAG\" target=\"_blank\" rel=\"noopener\">Ornella Fleury<\/a>, jeune actrice alors inconnue du grand public. Elle rejoindra cinq ans plus tard le programme quotidien \u00abLe Grand journal\u00bb sur Canal+, en tant que Miss M\u00e9t\u00e9o. Pour cette m\u00eame saison, Mustapha El Atrassi est lui aussi au casting, proposant des pastilles vid\u00e9os mettant en sc\u00e8ne un com\u00e9dien en herbe qui peine \u00e0 d\u00e9crocher un r\u00f4le. Le couple restera ensemble jusqu\u2019en 2018.<\/p>\n<p>\u00abMustapha El Atrassi revient vous dire des horreurs\u00bb<\/p>\n<p class=\"fig-paragraph\">Apr\u00e8s cette carri\u00e8re dans les m\u00e9dias, Mustapha El Atrassi est retourn\u00e9 \u00e0 ses premi\u00e8res amours, la sc\u00e8ne et les sketchs, tout en disparaissant progressivement du petit \u00e9cran et de la presse people. Il s\u2019envole pour les \u00c9tats-Unis pour participer au concours de Los Angeles \u00abLaugh Factory\u00bb, durant lequel plusieurs jeunes humoristes s\u2019affrontent dans plusieurs comedy clubs. Son exp\u00e9rience de deux mois est capt\u00e9e et diffus\u00e9e quelques mois plus tard sur Com\u00e9die + dans l\u2019\u00e9mission \u00abMustapha L.A Trassi\u00bb, pr\u00e9sent\u00e9e par Mouloud Achour.<\/p>\n<p class=\"fig-paragraph\">Par la suite, Mustapha El Atrassi encha\u00eene les spectacles\u00a0: il joue \u00abSeul\u00bb en 2015, produit par sa propre soci\u00e9t\u00e9 Chicha Production lanc\u00e9e la m\u00eame ann\u00e9e, puis \u00abLecture\u00bb un an apr\u00e8s. En 2017, il sort m\u00eame deux spectacles, \u00abTroisi\u00e8me degr\u00e9\u00bb et \u00abSans mod\u00e9ration\u00bb. Un joli rythme de croisi\u00e8re qui se poursuit l\u2019ann\u00e9e suivante avec \u00ab+212 \/ +33\u00bb (les indicateurs t\u00e9l\u00e9phoniques du Maroc et de la France). En 2019, rebelote, il joue \u00abCommunautaire\u00bb et \u00abGame Over\u00bb la m\u00eame ann\u00e9e. Avant d\u2019entamer une tourn\u00e9e avec \u00abRenaissance\u00bb, toujours d\u2019actualit\u00e9.<\/p>\n<p class=\"fig-paragraph\">Avec ce spectacle, l\u2019humoriste d\u00e9range. \u00abMustapha El Atrassi revient vous dire des horreurs avec son sourire d\u2019enfant de ch\u0153ur, \u00e0 l\u2019aise et\u00a0<br \/>infernal, sans transpirer\u00bb, \u00e9crivait\u00a0<a href=\"https:\/\/www.liberation.fr\/culture\/scenes\/mustapha-el-atrassi-rouvre-les-vannes-20250102_YVH2OOO7YZATHMBU5JKVPDHBTE\/\" target=\"_blank\" rel=\"nofollow noopener\" data-gtm-custom-categorie=\"navigation\" data-gtm-custom-action=\"crossclick\" data-gtm-custom-label=\"Contextuel\" data-gtm-event=\"customEventSPE\">Lib\u00e9ration\u00a0<\/a> le 2 janvier dernier. Avant d\u2019ajouter\u00a0: \u00abLes fans, rameut\u00e9s en masse sans la moindre promotion hormis un post Instagram, connaissent le principe. R\u00e9gler leur compte \u00e0 toutes les communaut\u00e9s dans la salle, o\u00f9 les \u201cminorit\u00e9s\u201d sont les majoritaires \u2013 diasporas arabes, couples mixtes, bandes de copines voil\u00e9es, \u201cles kheys\u201d (fr\u00e8res) d\u2019ici et d\u2019ailleurs (&#8230;) Et les \u201cgwers\u201d, des intrus \u00e0 malmener, bizuts consentants venus encaisser des vannes \u00e0 leurs d\u00e9pens.\u00bb Si Marianne conc\u00e9dait en d\u00e9cembre dernier qu\u2019il s\u2019agit d\u2019\u00abhumour, bien s\u00fbr, quoique l\u2019humoriste se prenne tr\u00e8s au s\u00e9rieux\u00bb, le journal concluait sa critique par un commentaire cinglant\u00a0: \u00abPeut-\u00eatre cela explique-t-il aussi pourquoi la t\u00e9l\u00e9 se passe si bien de lui.\u00bb\u00a0<\/p>\n","protected":false},"excerpt":{"rendered":"Le com\u00e9dien a \u00e9t\u00e9 r\u00e9v\u00e9l\u00e9 au grand public en passant par des \u00e9missions de Laurent Ruquier, sur France&hellip;\n","protected":false},"author":2,"featured_media":134799,"comment_status":"","ping_status":"","sticky":false,"template":"","format":"standard","meta":{"footnotes":""},"categories":[8],"tags":[47,1058,1054,1059,1060,1055,58,1057,59,118,1011,27,2701,1061,303,1062,656,104,1056,809],"class_list":{"0":"post-134798","1":"post","2":"type-post","3":"status-publish","4":"format-standard","5":"has-post-thumbnail","7":"category-divertissement","8":"tag-actualite","9":"tag-actualite-education","10":"tag-actualite-france","11":"tag-actualite-justice","12":"tag-actualite-securite","13":"tag-actualite-societe","14":"tag-divertissement","15":"tag-education","16":"tag-entertainment","17":"tag-faits-divers","18":"tag-fr","19":"tag-france","20":"tag-humoriste","21":"tag-immigration","22":"tag-justice","23":"tag-polemique","24":"tag-securite","25":"tag-societe","26":"tag-societe-francaise","27":"tag-violence"},"share_on_mastodon":{"url":"https:\/\/pubeurope.com\/@fr\/114586555772349544","error":""},"_links":{"self":[{"href":"https:\/\/www.europesays.com\/fr\/wp-json\/wp\/v2\/posts\/134798","targetHints":{"allow":["GET"]}}],"collection":[{"href":"https:\/\/www.europesays.com\/fr\/wp-json\/wp\/v2\/posts"}],"about":[{"href":"https:\/\/www.europesays.com\/fr\/wp-json\/wp\/v2\/types\/post"}],"author":[{"embeddable":true,"href":"https:\/\/www.europesays.com\/fr\/wp-json\/wp\/v2\/users\/2"}],"replies":[{"embeddable":true,"href":"https:\/\/www.europesays.com\/fr\/wp-json\/wp\/v2\/comments?post=134798"}],"version-history":[{"count":0,"href":"https:\/\/www.europesays.com\/fr\/wp-json\/wp\/v2\/posts\/134798\/revisions"}],"wp:featuredmedia":[{"embeddable":true,"href":"https:\/\/www.europesays.com\/fr\/wp-json\/wp\/v2\/media\/134799"}],"wp:attachment":[{"href":"https:\/\/www.europesays.com\/fr\/wp-json\/wp\/v2\/media?parent=134798"}],"wp:term":[{"taxonomy":"category","embeddable":true,"href":"https:\/\/www.europesays.com\/fr\/wp-json\/wp\/v2\/categories?post=134798"},{"taxonomy":"post_tag","embeddable":true,"href":"https:\/\/www.europesays.com\/fr\/wp-json\/wp\/v2\/tags?post=134798"}],"curies":[{"name":"wp","href":"https:\/\/api.w.org\/{rel}","templated":true}]}}