{"id":134804,"date":"2025-05-28T17:09:10","date_gmt":"2025-05-28T17:09:10","guid":{"rendered":"https:\/\/www.europesays.com\/fr\/134804\/"},"modified":"2025-05-28T17:09:10","modified_gmt":"2025-05-28T17:09:10","slug":"en-mer-baltique-la-russie-deploie-ses-navires-de-guerre-pour-escorter-sa-flotte-fantome","status":"publish","type":"post","link":"https:\/\/www.europesays.com\/fr\/134804\/","title":{"rendered":"En mer Baltique, la Russie d\u00e9ploie ses navires de guerre pour escorter sa \u00abflotte fant\u00f4me\u00bb"},"content":{"rendered":"<p>Les tensions grandissent dans cette mer enclav\u00e9e sur fond de sanctions europ\u00e9ennes visant \u00e0 \u00e9touffer l\u2019\u00e9conomie russe en pleine guerre en Ukraine.<\/p>\n<p class=\"fig-paragraph\">Ces derniers jours, le cargo Sparta IV et le p\u00e9trolier G\u00e9n\u00e9ral Skobolev, qui avaient rejoint la base navale russe de Tartous en Syrie fin avril avant de repartir vers la Russie, ont \u00e9t\u00e9 aper\u00e7us en mer Baltique, escort\u00e9s par la corvette Stoykiy, en route vers Saint-P\u00e9terbsourg. D\u00e9but mai, c\u2019est cette fois la corvette Boykiy, de la m\u00eame classe, qui suivait attentivement le sillage des tankers Baltic Leader, Patria et Siyanie Severa. \u00abLa pr\u00e9sence militaire russe a toujours exist\u00e9 dans la r\u00e9gion, mais la nouveaut\u00e9 est que la Russie escorte d\u00e9sormais des p\u00e9troliers commerciaux de sa\u00a0<a href=\"http:\/\/www.lefigaro.fr\/international\/chute-de-bachar-el-assad-en-syrie-les-reves-contraries-de-la-russie-en-mediterranee-20241210\" target=\"_blank\" data-fig-type=\"Article\" rel=\"noopener\" data-gtm-custom-categorie=\"navigation\" data-gtm-custom-action=\"crossclick\" data-gtm-custom-label=\"Contextuel\" data-gtm-event=\"customEventSPE\" data-fig-domain=\"LEFIGARO\">flotte fant\u00f4me<\/a> \u00a0dans les eaux \u00e9troites du golfe de Finlande\u00bb, a mis en garde mardi 27 mai le ministre finlandais de la D\u00e9fense, Antti H\u00e4kk\u00e4nen, dans une\u00a0<a href=\"https:\/\/areena.yle.fi\/1-72626947\" target=\"_blank\" rel=\"nofollow noopener\" data-gtm-custom-categorie=\"navigation\" data-gtm-custom-action=\"crossclick\" data-gtm-custom-label=\"Contextuel\" data-gtm-event=\"customEventSPE\">interview<\/a>\u00a0\u00e0 l\u2019agence de presse Yle, estimant que \u00abla Russie renfor\u00e7ait ses capacit\u00e9s militaires\u00bb et \u00abconstituait un voisin agressif et dangereux pour toute l\u2019Europe\u00bb.<\/p>\n<p class=\"fig-paragraph\">Cette d\u00e9claration alarmiste de la Finlande n\u2019est gu\u00e8re une surprise dans un contexte de mont\u00e9e des\u2026<\/p>\n<p class=\"fig-premium-paywall__infos\">\n        Cet article est r\u00e9serv\u00e9 aux abonn\u00e9s.        Il vous reste 89% \u00e0 d\u00e9couvrir.\n    <\/p>\n<p>                <img  data- alt=\"Le Figaro\" class=\"fig-img--complete fig-img\"\/><\/p>\n<p class=\"fig-premium-paywall__title\">Vente Flash<\/p>\n<p class=\"fig-premium-paywall__subtitle\">4,99\u20ac par mois pendant 12 mois. Sans engagement.<\/p>\n<p class=\"fig-premium-paywall__connect\">\n                D\u00e9j\u00e0 abonn\u00e9\u00a0?                <a class=\"fig-premium-paywall__connect-link\" href=\"https:\/\/connect.lefigaro.fr\/login?client=horizon_web&amp;type=main&amp;redirect_uri=https%3A%2F%2Fwww.lefigaro.fr%2Finternational%2Fen-mer-baltique-la-russie-deploie-ses-navires-de-guerre-pour-escorter-sa-flotte-fantome-20250528\" data-js-gtm=\"{&quot;customCategorie&quot;: &quot;conversion&quot;, &quot;customAction&quot;: &quot;before_Landing_Connexion_paywall_auto&quot;, &quot;customLabel&quot;: &quot;bGVmaWdhcm8uZnJfXzFmMDNiYTYzLTNlYWEtNjIxNi1hOGRlLWMzOWQ1YTIwNDcwYV9fTmV3c0ZsYXNo_En mer Baltique, la Russie d\u00e9ploie ses navires de guerre pour escorter sa \u00abflotte fant\u00f4me\u00bb_96&quot;, &quot;customIDSPE&quot;: &quot;bGVmaWdhcm8uZnJfXzFmMDNiYTYzLTNlYWEtNjIxNi1hOGRlLWMzOWQ1YTIwNDcwYV9fTmV3c0ZsYXNo&quot;, &quot;event&quot;: &quot;customEventSPE&quot;}\" target=\"_blank\" rel=\"noopener\"><br \/>\n                    Connectez-vous<br \/>\n                <\/a>\n            <\/p>\n","protected":false},"excerpt":{"rendered":"Les tensions grandissent dans cette mer enclav\u00e9e sur fond de sanctions europ\u00e9ennes visant \u00e0 \u00e9touffer l\u2019\u00e9conomie russe en&hellip;\n","protected":false},"author":2,"featured_media":134805,"comment_status":"","ping_status":"","sticky":false,"template":"","format":"standard","meta":{"footnotes":""},"categories":[5],"tags":[259,11,260,1011,27,14,7436,261,12,262,132,220,28],"class_list":{"0":"post-134804","1":"post","2":"type-post","3":"status-publish","4":"format-standard","5":"has-post-thumbnail","7":"category-international","8":"tag-actualite-internationale","9":"tag-actualites","10":"tag-affaires-etrangeres","11":"tag-fr","12":"tag-france","13":"tag-international","14":"tag-mer-baltique","15":"tag-ministere-des-affaires-etrangeres","16":"tag-news","17":"tag-politique-etrangere","18":"tag-russie","19":"tag-ukraine","20":"tag-world"},"share_on_mastodon":{"url":"https:\/\/pubeurope.com\/@fr\/114586567545057372","error":""},"_links":{"self":[{"href":"https:\/\/www.europesays.com\/fr\/wp-json\/wp\/v2\/posts\/134804","targetHints":{"allow":["GET"]}}],"collection":[{"href":"https:\/\/www.europesays.com\/fr\/wp-json\/wp\/v2\/posts"}],"about":[{"href":"https:\/\/www.europesays.com\/fr\/wp-json\/wp\/v2\/types\/post"}],"author":[{"embeddable":true,"href":"https:\/\/www.europesays.com\/fr\/wp-json\/wp\/v2\/users\/2"}],"replies":[{"embeddable":true,"href":"https:\/\/www.europesays.com\/fr\/wp-json\/wp\/v2\/comments?post=134804"}],"version-history":[{"count":0,"href":"https:\/\/www.europesays.com\/fr\/wp-json\/wp\/v2\/posts\/134804\/revisions"}],"wp:featuredmedia":[{"embeddable":true,"href":"https:\/\/www.europesays.com\/fr\/wp-json\/wp\/v2\/media\/134805"}],"wp:attachment":[{"href":"https:\/\/www.europesays.com\/fr\/wp-json\/wp\/v2\/media?parent=134804"}],"wp:term":[{"taxonomy":"category","embeddable":true,"href":"https:\/\/www.europesays.com\/fr\/wp-json\/wp\/v2\/categories?post=134804"},{"taxonomy":"post_tag","embeddable":true,"href":"https:\/\/www.europesays.com\/fr\/wp-json\/wp\/v2\/tags?post=134804"}],"curies":[{"name":"wp","href":"https:\/\/api.w.org\/{rel}","templated":true}]}}