{"id":134810,"date":"2025-05-28T17:12:14","date_gmt":"2025-05-28T17:12:14","guid":{"rendered":"https:\/\/www.europesays.com\/fr\/134810\/"},"modified":"2025-05-28T17:12:14","modified_gmt":"2025-05-28T17:12:14","slug":"les-eleves-dejeunent-dans-un-refectoire-flambant-neuf","status":"publish","type":"post","link":"https:\/\/www.europesays.com\/fr\/134810\/","title":{"rendered":"les \u00e9l\u00e8ves d\u00e9jeunent dans un r\u00e9fectoire flambant neuf"},"content":{"rendered":"<p>Exit les vieux locaux de la demi-pension du coll\u00e8ge Louis-Gr\u00fcner. C\u2019est dans un r\u00e9fectoire neuf que les \u00e9l\u00e8ves prennent leurs repas depuis f\u00e9vrier. 3,6\u00a0millions ont \u00e9t\u00e9 investis par le D\u00e9partement pour offrir le meilleur cadre de vie aux coll\u00e9giens. Sans doute un des plus modernes de la r\u00e9gion aujourd\u2019hui. L\u2019ancienne salle de restauration de la demi-pension (b\u00e2timent D) a \u00e9t\u00e9 d\u00e9molie et laissera place \u00e0 la cr\u00e9ation d\u2019un espace v\u00e9g\u00e9talis\u00e9. La partie cuisine de cette demi-pension sera \u00e9galement r\u00e9habilit\u00e9e pour accueillir en lieu et place, une salle de musique, ainsi qu\u2019un atelier pour l\u2019agent d\u2019entretien.<\/p>\n<p>Dans le b\u00e2timent F, un atelier et une salle de classe ont \u00e9t\u00e9 d\u00e9molis pour la cr\u00e9ation de la nouvelle demi-pension, d\u2019une surface de 554\u00a0m2. Le b\u00e2timent cr\u00e9\u00e9 est compos\u00e9 de deux volumes\u00a0: le&#8230;<\/p>\n","protected":false},"excerpt":{"rendered":"Exit les vieux locaux de la demi-pension du coll\u00e8ge Louis-Gr\u00fcner. C\u2019est dans un r\u00e9fectoire neuf que les \u00e9l\u00e8ves&hellip;\n","protected":false},"author":2,"featured_media":134811,"comment_status":"","ping_status":"","sticky":false,"template":"","format":"standard","meta":{"footnotes":""},"categories":[9653],"tags":[1111,11,2430,3599,7539,1057,1777,674,1011,27,12,25,12490,12491,4001],"class_list":{"0":"post-134810","1":"post","2":"type-post","3":"status-publish","4":"format-standard","5":"has-post-thumbnail","7":"category-saint-etienne","8":"tag-actu","9":"tag-actualites","10":"tag-auvergne-rhone-alpes","11":"tag-college-lycee","12":"tag-edition-loire-sud","13":"tag-education","14":"tag-eu","15":"tag-europe","16":"tag-fr","17":"tag-france","18":"tag-news","19":"tag-republique-francaise","20":"tag-roche-la-moliere","21":"tag-roche-la-moliere-bassin","22":"tag-saint-etienne"},"share_on_mastodon":{"url":"https:\/\/pubeurope.com\/@fr\/114586579333593184","error":""},"_links":{"self":[{"href":"https:\/\/www.europesays.com\/fr\/wp-json\/wp\/v2\/posts\/134810","targetHints":{"allow":["GET"]}}],"collection":[{"href":"https:\/\/www.europesays.com\/fr\/wp-json\/wp\/v2\/posts"}],"about":[{"href":"https:\/\/www.europesays.com\/fr\/wp-json\/wp\/v2\/types\/post"}],"author":[{"embeddable":true,"href":"https:\/\/www.europesays.com\/fr\/wp-json\/wp\/v2\/users\/2"}],"replies":[{"embeddable":true,"href":"https:\/\/www.europesays.com\/fr\/wp-json\/wp\/v2\/comments?post=134810"}],"version-history":[{"count":0,"href":"https:\/\/www.europesays.com\/fr\/wp-json\/wp\/v2\/posts\/134810\/revisions"}],"wp:featuredmedia":[{"embeddable":true,"href":"https:\/\/www.europesays.com\/fr\/wp-json\/wp\/v2\/media\/134811"}],"wp:attachment":[{"href":"https:\/\/www.europesays.com\/fr\/wp-json\/wp\/v2\/media?parent=134810"}],"wp:term":[{"taxonomy":"category","embeddable":true,"href":"https:\/\/www.europesays.com\/fr\/wp-json\/wp\/v2\/categories?post=134810"},{"taxonomy":"post_tag","embeddable":true,"href":"https:\/\/www.europesays.com\/fr\/wp-json\/wp\/v2\/tags?post=134810"}],"curies":[{"name":"wp","href":"https:\/\/api.w.org\/{rel}","templated":true}]}}