{"id":134812,"date":"2025-05-28T17:13:19","date_gmt":"2025-05-28T17:13:19","guid":{"rendered":"https:\/\/www.europesays.com\/fr\/134812\/"},"modified":"2025-05-28T17:13:19","modified_gmt":"2025-05-28T17:13:19","slug":"saint-etienne-hyper-centre-elle-rapproche-lart-des-habitants-avec-son-musee-de-proximite","status":"publish","type":"post","link":"https:\/\/www.europesays.com\/fr\/134812\/","title":{"rendered":"Saint-\u00c9tienne\/Hyper-centre. Elle rapproche l\u2019art des habitants avec son Mus\u00e9e de proximit\u00e9"},"content":{"rendered":"<p>\u00ab\u00a0Qui d\u00e9cide qu\u2019une \u0153uvre rentrera ou non dans un mus\u00e9e\u00a0?\u00a0\u00bb Si elle n\u2019ambitionne pas de r\u00e9pondre \u00e0 cette question, Tamaya Sapey-Triomphe, architecte franco-chilienne bas\u00e9e \u00e0 Paris, a choisi son camp. Celui de ceux qui n\u2019exposent jamais.<\/p>\n<p>Alors que la Biennale design bat son plein, son Mus\u00e9e de proximit\u00e9 se tient sur la m\u00eame p\u00e9riode place Boivin et abrite des \u0153uvres d\u2019habitants du quartier. Uniquement. Des \u0153uvres vou\u00e9es \u00e0 ne pas \u00eatre expos\u00e9es. \u00ab\u00a0De l\u2019art brut.\u00a0\u00bb<\/p>\n<p>Jusqu\u2019au 21\u00a0juin, du mardi au vendredi, \u00ab\u00a0une nouvelle \u0153uvre sera visible&#8230;<\/p>\n","protected":false},"excerpt":{"rendered":"\u00ab\u00a0Qui d\u00e9cide qu\u2019une \u0153uvre rentrera ou non dans un mus\u00e9e\u00a0?\u00a0\u00bb Si elle n\u2019ambitionne pas de r\u00e9pondre \u00e0 cette&hellip;\n","protected":false},"author":2,"featured_media":134813,"comment_status":"","ping_status":"","sticky":false,"template":"","format":"standard","meta":{"footnotes":""},"categories":[9653],"tags":[1111,11,2430,1687,7539,1777,674,2271,1011,27,12,25,4001,7538],"class_list":{"0":"post-134812","1":"post","2":"type-post","3":"status-publish","4":"format-standard","5":"has-post-thumbnail","7":"category-saint-etienne","8":"tag-actu","9":"tag-actualites","10":"tag-auvergne-rhone-alpes","11":"tag-culture-loisirs","12":"tag-edition-loire-sud","13":"tag-eu","14":"tag-europe","15":"tag-exposition-arts-plastiques","16":"tag-fr","17":"tag-france","18":"tag-news","19":"tag-republique-francaise","20":"tag-saint-etienne","21":"tag-saint-etienne-ville"},"share_on_mastodon":{"url":"https:\/\/pubeurope.com\/@fr\/114586583345464752","error":""},"_links":{"self":[{"href":"https:\/\/www.europesays.com\/fr\/wp-json\/wp\/v2\/posts\/134812","targetHints":{"allow":["GET"]}}],"collection":[{"href":"https:\/\/www.europesays.com\/fr\/wp-json\/wp\/v2\/posts"}],"about":[{"href":"https:\/\/www.europesays.com\/fr\/wp-json\/wp\/v2\/types\/post"}],"author":[{"embeddable":true,"href":"https:\/\/www.europesays.com\/fr\/wp-json\/wp\/v2\/users\/2"}],"replies":[{"embeddable":true,"href":"https:\/\/www.europesays.com\/fr\/wp-json\/wp\/v2\/comments?post=134812"}],"version-history":[{"count":0,"href":"https:\/\/www.europesays.com\/fr\/wp-json\/wp\/v2\/posts\/134812\/revisions"}],"wp:featuredmedia":[{"embeddable":true,"href":"https:\/\/www.europesays.com\/fr\/wp-json\/wp\/v2\/media\/134813"}],"wp:attachment":[{"href":"https:\/\/www.europesays.com\/fr\/wp-json\/wp\/v2\/media?parent=134812"}],"wp:term":[{"taxonomy":"category","embeddable":true,"href":"https:\/\/www.europesays.com\/fr\/wp-json\/wp\/v2\/categories?post=134812"},{"taxonomy":"post_tag","embeddable":true,"href":"https:\/\/www.europesays.com\/fr\/wp-json\/wp\/v2\/tags?post=134812"}],"curies":[{"name":"wp","href":"https:\/\/api.w.org\/{rel}","templated":true}]}}