{"id":134829,"date":"2025-05-28T17:22:13","date_gmt":"2025-05-28T17:22:13","guid":{"rendered":"https:\/\/www.europesays.com\/fr\/134829\/"},"modified":"2025-05-28T17:22:13","modified_gmt":"2025-05-28T17:22:13","slug":"la-fontaine-de-la-place-victor-hugo-ne-sarretera-plus-de-couler","status":"publish","type":"post","link":"https:\/\/www.europesays.com\/fr\/134829\/","title":{"rendered":"la fontaine de la place Victor-Hugo ne s\u2019arr\u00eatera plus de couler"},"content":{"rendered":"<p itemprop=\"description\"><strong>Les travaux sont enfin termin\u00e9s sur la fontaine de la place Victor-Hugo.<\/strong><\/p>\n<p class=\"MsoNormal\" style=\"caret-color: #212121; color: #212121; font-size: 12pt; font-style: normal; font-variant-caps: normal; font-weight: 400; letter-spacing: normal; orphans: auto; text-align: start; text-indent: 0px; text-transform: none; white-space: normal; widows: auto; word-spacing: 0px; -webkit-text-stroke-width: 0px; text-decoration: none; margin: 0cm 0cm 8pt; line-height: 18.4px; font-family: Calibri, sans-serif;\">En 2021, la place Victor-Hugo voyait ses travaux de r\u00e9novations s\u2019achever.<\/p>\n<p class=\"MsoNormal\" style=\"caret-color: #212121; color: #212121; font-size: 12pt; font-style: normal; font-variant-caps: normal; font-weight: 400; letter-spacing: normal; orphans: auto; text-align: start; text-indent: 0px; text-transform: none; white-space: normal; widows: auto; word-spacing: 0px; -webkit-text-stroke-width: 0px; text-decoration: none; margin: 0cm 0cm 8pt; line-height: 18.4px; font-family: Calibri, sans-serif;\">Malheureusement, suite \u00e0 de multiples fuites caus\u00e9es par une fragilisation de l\u2019\u00e9difice, la fontaine situ\u00e9e au centre ne pouvait plus fonctionner. L\u2019installation du march\u00e9 de No\u00ebl aurait probablement caus\u00e9 cette d\u00e9faillance.<\/p>\n<p class=\"MsoNormal\" style=\"caret-color: #212121; color: #212121; font-size: 12pt; font-style: normal; font-variant-caps: normal; font-weight: 400; letter-spacing: normal; orphans: auto; text-align: start; text-indent: 0px; text-transform: none; white-space: normal; widows: auto; word-spacing: 0px; -webkit-text-stroke-width: 0px; text-decoration: none; margin: 0cm 0cm 8pt; line-height: 18.4px; font-family: Calibri, sans-serif;\">Mais apr\u00e8s quatre ans sans faire couler la moindre eau, la fontaine a retrouv\u00e9 ses trois jets historiques.<\/p>\n<p class=\"MsoNormal\" style=\"caret-color: #212121; color: #212121; font-size: 12pt; font-style: normal; font-variant-caps: normal; font-weight: 400; letter-spacing: normal; orphans: auto; text-align: start; text-indent: 0px; text-transform: none; white-space: normal; widows: auto; word-spacing: 0px; -webkit-text-stroke-width: 0px; text-decoration: none; margin: 0cm 0cm 8pt; line-height: 18.4px; font-family: Calibri, sans-serif;\">Pour cela, la Ville de Grenoble a d\u00fb r\u00e9aliser d\u2019importants travaux de r\u00e9habilitation, qui ont co\u00fbt\u00e9 348 977 euros au total.<\/p>\n<p class=\"MsoNormal\" style=\"caret-color: #212121; color: #212121; font-size: 12pt; font-style: normal; font-variant-caps: normal; font-weight: 400; letter-spacing: normal; orphans: auto; text-align: start; text-indent: 0px; text-transform: none; white-space: normal; widows: auto; word-spacing: 0px; -webkit-text-stroke-width: 0px; text-decoration: none; margin: 0cm 0cm 8pt; line-height: 18.4px; font-family: Calibri, sans-serif;\">Petite particularit\u00e9 et non des moindres : la fontaine fonctionnera en continue, \u00e9t\u00e9 comme hiver. Elle pourra \u00eatre constamment en service gr\u00e2ce \u00e0 son syst\u00e8me hydraulique qui permet d\u2019avoir une eau temp\u00e9r\u00e9e.<\/p>\n<p class=\"MsoNormal\" style=\"caret-color: #212121; color: #212121; font-size: 12pt; font-style: normal; font-variant-caps: normal; font-weight: 400; letter-spacing: normal; orphans: auto; text-align: start; text-indent: 0px; text-transform: none; white-space: normal; widows: auto; word-spacing: 0px; -webkit-text-stroke-width: 0px; text-decoration: none; margin: 0cm 0cm 8pt; line-height: 18.4px; font-family: Calibri, sans-serif;\">\u00c0 noter que l\u2019eau n\u2019est pas potable, et qu&rsquo;il n&rsquo;est pas autoris\u00e9 de s&rsquo;y baigner.<\/p>\n","protected":false},"excerpt":{"rendered":"Les travaux sont enfin termin\u00e9s sur la fontaine de la place Victor-Hugo. En 2021, la place Victor-Hugo voyait&hellip;\n","protected":false},"author":2,"featured_media":134830,"comment_status":"","ping_status":"","sticky":false,"template":"","format":"standard","meta":{"footnotes":""},"categories":[9566],"tags":[1111,11,7733,8279,2430,7736,650,7734,2889,2263,1777,674,1011,27,2731,8280,6417,1114,108,4662,12,3725,1825,25,7737],"class_list":{"0":"post-134829","1":"post","2":"type-post","3":"status-publish","4":"format-standard","5":"has-post-thumbnail","7":"category-grenoble","8":"tag-actu","9":"tag-actualites","10":"tag-alpes","11":"tag-alpes1","12":"tag-auvergne-rhone-alpes","13":"tag-cds","14":"tag-cinema","15":"tag-ecoute","16":"tag-emission","17":"tag-equipe","18":"tag-eu","19":"tag-europe","20":"tag-fr","21":"tag-france","22":"tag-grenoble","23":"tag-haute","24":"tag-information","25":"tag-infos","26":"tag-isere","27":"tag-journal","28":"tag-news","29":"tag-podcast","30":"tag-radio","31":"tag-republique-francaise","32":"tag-winamp"},"share_on_mastodon":{"url":"https:\/\/pubeurope.com\/@fr\/114586618675977781","error":""},"_links":{"self":[{"href":"https:\/\/www.europesays.com\/fr\/wp-json\/wp\/v2\/posts\/134829","targetHints":{"allow":["GET"]}}],"collection":[{"href":"https:\/\/www.europesays.com\/fr\/wp-json\/wp\/v2\/posts"}],"about":[{"href":"https:\/\/www.europesays.com\/fr\/wp-json\/wp\/v2\/types\/post"}],"author":[{"embeddable":true,"href":"https:\/\/www.europesays.com\/fr\/wp-json\/wp\/v2\/users\/2"}],"replies":[{"embeddable":true,"href":"https:\/\/www.europesays.com\/fr\/wp-json\/wp\/v2\/comments?post=134829"}],"version-history":[{"count":0,"href":"https:\/\/www.europesays.com\/fr\/wp-json\/wp\/v2\/posts\/134829\/revisions"}],"wp:featuredmedia":[{"embeddable":true,"href":"https:\/\/www.europesays.com\/fr\/wp-json\/wp\/v2\/media\/134830"}],"wp:attachment":[{"href":"https:\/\/www.europesays.com\/fr\/wp-json\/wp\/v2\/media?parent=134829"}],"wp:term":[{"taxonomy":"category","embeddable":true,"href":"https:\/\/www.europesays.com\/fr\/wp-json\/wp\/v2\/categories?post=134829"},{"taxonomy":"post_tag","embeddable":true,"href":"https:\/\/www.europesays.com\/fr\/wp-json\/wp\/v2\/tags?post=134829"}],"curies":[{"name":"wp","href":"https:\/\/api.w.org\/{rel}","templated":true}]}}