{"id":134833,"date":"2025-05-28T17:24:10","date_gmt":"2025-05-28T17:24:10","guid":{"rendered":"https:\/\/www.europesays.com\/fr\/134833\/"},"modified":"2025-05-28T17:24:10","modified_gmt":"2025-05-28T17:24:10","slug":"prison-avec-sursis-pour-le-jeune-conducteur","status":"publish","type":"post","link":"https:\/\/www.europesays.com\/fr\/134833\/","title":{"rendered":"prison avec sursis pour le jeune conducteur"},"content":{"rendered":"<p>            Par<br \/>\n        <strong><br \/>\n            <a href=\"https:\/\/actu.fr\/auteur\/redaction-jv\" title=\"Consulter tous les articles de R\u00e9daction Vitr\u00e9\" rel=\"nofollow noopener\" target=\"_blank\">R\u00e9daction Vitr\u00e9<\/a><br \/>\n        <\/strong><\/p>\n<p>        Publi\u00e9 le<\/p>\n<p>            28 mai 2025 \u00e0 18h24        <\/p>\n<p>Le <b>tribunal correctionnel de Rennes<\/b> a prononc\u00e9 ce lundi 26\u00a0mai 2025 un an de prison avec sursis \u00e0 l\u2019\u00e9gard\u00a0de <b>l\u2019automobiliste de 23\u00a0ans<\/b> qui avait mortellement percut\u00e9 <b>une cycliste \u00e0 Domloup<\/b> (Ille-et-Vilaine) en pleine nuit.<\/p>\n<p class=\" wall-content\">Les juges ont aussi annul\u00e9 le permis de conduire du jeune homme, qui rentrait chez lui le 3\u00a0ao\u00fbt 2022 vers 2\u2009h du matin au volant apr\u00e8s avoir pass\u00e9 la soir\u00e9e avec un ami.<\/p>\n<p>Il s\u2019\u00e9tait endormi au volant<\/p>\n<p class=\" wall-content\">La victime se trouvait pour sa part dans le m\u00eame sens, \u00e0 v\u00e9lo, avec sa fianc\u00e9e de l\u2019\u00e9poque, \u00e2g\u00e9e pour sa part de 18\u00a0ans.<\/p>\n<p class=\" wall-content\">Le couple avait mis pied \u00e0 terre \u00e0 chaque fois qu\u2019ils voyaient un v\u00e9hicule\u2009: ces deux jeunes gens \u2013 qui n\u2019auraient \u00ab\u2009pas pu \u00eatre plus prudents\u2009\u00bb selon le pr\u00e9sident du tribunal correctionnel de Rennes \u2013 ne se trouvaient d\u2019ailleurs pas sur la route, mais bel et bien \u00e0 plus d\u2019un m\u00e8tre, sur la partie herbeuse de la route.<\/p>\n<p class=\" wall-content\">Le conducteur de la voiture connaissait \u00ab\u2009par c\u0153ur\u2009\u00bb cette route mais s\u2019\u00e9tait endormi au volant apr\u00e8s cette journ\u00e9e \u00e0 s\u2019affairer sur <b>un chantier b\u00e9n\u00e9vole<\/b> commenc\u00e9 \u00e0 7\u2009h\u200930 du matin.<\/p>\n<p class=\" wall-content\">Cet autoentrepreneur dans l\u2019informatique avait pour sa part fait principalement de la manutention, venant en aide aux autres pour porter des choses lourdes.<\/p>\n<p class=\" wall-content\">Puis il avait jou\u00e9 au basket avec son ami et \u00e9tait donc \u00ab\u2009dans un \u00e9tat de fatigue avanc\u00e9\u2009\u00bb, avait-il expliqu\u00e9 lors de son proc\u00e8s le 28\u00a0avril 2025.<\/p>\n<p class=\" wall-content\">Il s\u2019\u00e9tait donc endormi au volant et sa voiture avait pris la partie herbeuse sur sa droite, allant donc percuter la jeune femme et son v\u00e9lo.<\/p>\n<p class=\" wall-content\">Il avait ensuite fini sa route dans un talus. Apr\u00e8s le choc, le <b>jeune T\u00e9moin de J\u00e9hovah<\/b> \u00e9tait sorti de l\u2019habitacle pour pr\u00eater main-forte au fianc\u00e9 de la victime, qui avait entrepris un massage cardiaque, en vain\u2009: malgr\u00e9 son admission en r\u00e9animation, la jeune femme \u00e9tait d\u00e9c\u00e9d\u00e9e.<\/p>\n<p>70\u2009000\u00a0\u20ac de dommages et int\u00e9r\u00eats<\/p>\n<p class=\" wall-content\">Lors du proc\u00e8s, les parents et le fr\u00e8re de la jeune femme n\u2019\u00e9taient pas pr\u00e9sents \u00e0 la Cit\u00e9 judiciaire de Rennes. \u00ab\u2009C\u2019\u00e9tait trop difficile pour eux\u2009\u00bb, avait expliqu\u00e9 leur avocate, Me Anne-Sophie Claise. Seul le petit ami de la d\u00e9funte, \u00e9tait venu faire face au pr\u00e9venu pour lui dire \u00e0 quel point \u00ab\u2009le souvenir de Margaux est pr\u00e9sent tout le temps\u2009\u00bb.<\/p>\n<p class=\" wall-content\">Le jeune homme avait lui-m\u00eame souffert de blessures\u2009: le <b>m\u00e9decin l\u00e9giste<\/b> lui avait prescrit trois semaines d\u2019interruption totale de travail (ITT) en raison du \u00ab\u2009syndrome de stress post-traumatique\u2009\u00bb qu\u2019il a subi apr\u00e8s les faits.<\/p>\n<p class=\" wall-content\">La peine prononc\u00e9e s\u2019av\u00e8re finalement conforme aux r\u00e9quisitions du minist\u00e8re public. Sur le plan civil, le conducteur devra verser <b>70\u2009000\u00a0\u20ac de dommages et int\u00e9r\u00eats<\/b> \u00e0 la famille de la jeune femme.<\/p>\n<p class=\" wall-content\">Une expertise m\u00e9dico-l\u00e9gale a \u00e9t\u00e9 ordonn\u00e9e pour \u00e9valuer les pr\u00e9judices de son petit ami\u2009; il touchera en attendant une premi\u00e8re \u00ab\u2009provision\u2009\u00bb de 3\u2009000\u00a0\u20ac et 6\u2009000\u00a0\u20ac pour son pr\u00e9judice scolaire.<\/p>\n<p class=\" wall-content\">IP et CB (PressPepper)<\/p>\n<p class=\" wall-content\">Suivez toute l\u2019actualit\u00e9 de vos villes et m\u00e9dias favoris en vous inscrivant \u00e0 <a href=\"https:\/\/moncompte.actu.fr\" title=\"D\u00e9couvez Mon Actu\" rel=\"nofollow noopener\" data-trk=\"{&quot;cta&quot;:{&quot;action&quot;:&quot;https:\\\/\\\/moncompte.actu.fr&quot;,&quot;category&quot;:&quot;mon compte&quot;,&quot;from&quot;:&quot;article footer&quot;,&quot;name&quot;:&quot;Mon actu&quot;,&quot;type&quot;:&quot;cta&quot;}}\" target=\"_blank\">Mon Actu<\/a>.<\/p>\n","protected":false},"excerpt":{"rendered":"Par R\u00e9daction Vitr\u00e9 Publi\u00e9 le 28 mai 2025 \u00e0 18h24 Le tribunal correctionnel de Rennes a prononc\u00e9 ce&hellip;\n","protected":false},"author":2,"featured_media":134834,"comment_status":"","ping_status":"","sticky":false,"template":"","format":"standard","meta":{"footnotes":""},"categories":[2821],"tags":[119,1111,11,829,1777,674,118,1011,27,303,12,584,25],"class_list":{"0":"post-134833","1":"post","2":"type-post","3":"status-publish","4":"format-standard","5":"has-post-thumbnail","7":"category-rennes","8":"tag-accident","9":"tag-actu","10":"tag-actualites","11":"tag-bretagne","12":"tag-eu","13":"tag-europe","14":"tag-faits-divers","15":"tag-fr","16":"tag-france","17":"tag-justice","18":"tag-news","19":"tag-rennes","20":"tag-republique-francaise"},"share_on_mastodon":{"url":"https:\/\/pubeurope.com\/@fr\/114586626627465949","error":""},"_links":{"self":[{"href":"https:\/\/www.europesays.com\/fr\/wp-json\/wp\/v2\/posts\/134833","targetHints":{"allow":["GET"]}}],"collection":[{"href":"https:\/\/www.europesays.com\/fr\/wp-json\/wp\/v2\/posts"}],"about":[{"href":"https:\/\/www.europesays.com\/fr\/wp-json\/wp\/v2\/types\/post"}],"author":[{"embeddable":true,"href":"https:\/\/www.europesays.com\/fr\/wp-json\/wp\/v2\/users\/2"}],"replies":[{"embeddable":true,"href":"https:\/\/www.europesays.com\/fr\/wp-json\/wp\/v2\/comments?post=134833"}],"version-history":[{"count":0,"href":"https:\/\/www.europesays.com\/fr\/wp-json\/wp\/v2\/posts\/134833\/revisions"}],"wp:featuredmedia":[{"embeddable":true,"href":"https:\/\/www.europesays.com\/fr\/wp-json\/wp\/v2\/media\/134834"}],"wp:attachment":[{"href":"https:\/\/www.europesays.com\/fr\/wp-json\/wp\/v2\/media?parent=134833"}],"wp:term":[{"taxonomy":"category","embeddable":true,"href":"https:\/\/www.europesays.com\/fr\/wp-json\/wp\/v2\/categories?post=134833"},{"taxonomy":"post_tag","embeddable":true,"href":"https:\/\/www.europesays.com\/fr\/wp-json\/wp\/v2\/tags?post=134833"}],"curies":[{"name":"wp","href":"https:\/\/api.w.org\/{rel}","templated":true}]}}