{"id":134835,"date":"2025-05-28T17:25:22","date_gmt":"2025-05-28T17:25:22","guid":{"rendered":"https:\/\/www.europesays.com\/fr\/134835\/"},"modified":"2025-05-28T17:25:22","modified_gmt":"2025-05-28T17:25:22","slug":"les-temperatures-vont-brutalement-grimper-a-rennes-en-fin-de-semaine-un-record-historique-peut-il-tomber","status":"publish","type":"post","link":"https:\/\/www.europesays.com\/fr\/134835\/","title":{"rendered":"Les temp\u00e9ratures vont brutalement grimper \u00e0 Rennes en fin de semaine\u00a0: un record historique peut-il tomber\u00a0?"},"content":{"rendered":"<p>Gros coup de chaud \u00e0 venir sur la Bretagne. Ce vendredi 30 mai, un pic de chaleur exceptionnel est annonc\u00e9 sur la r\u00e9gion sous l\u2019influence de l\u2019anticyclone des A\u00e7ores qui fait remonter une masse d\u2019air chaud depuis l\u2019Alg\u00e9rie.<\/p>\n<p>\u00ab Les temp\u00e9ratures vont <a href=\"https:\/\/www.letelegramme.fr\/ille-et-vilaine\/rennes-35000\/fortes-chaleurs-a-rennes-ou-trouver-un-peu-dombre-6634470.php\" target=\"_blank\" rel=\"noopener\">grimper brutalement<\/a> \u00bb, pr\u00e9vient St\u00e9ven Tual, m\u00e9t\u00e9orologue pour Temps Breton. \u00ab On risque d\u2019atteindre les 30 \u00b0C en Ille-et-Vilaine. Un pic exceptionnel. C\u2019est pr\u00e8s de 10 degr\u00e9s au-dessus des moyennes de saison \u00bb.<\/p>\n<p>Vieux record<\/p>\n<p>De quoi mettre en danger des records historiques de chaleur pour un mois de mai, notamment dans la capitale bretonne. \u00ab Le record du 25 mai 1953 (30,8 \u00b0C) peut \u00eatre approch\u00e9, voire m\u00eame battu \u00bb, confirme St\u00e9ven Tual. \u00ab \u00c7a d\u00e9pendra surtout de la couverture nuageuse \u00e0 ce moment. Ce qui est certain c\u2019est que la journ\u00e9e sera tr\u00e8s chaude \u00bb.<\/p>\n<p>Ce coup de bambou sur la r\u00e9gion sera seulement passager. D\u00e8s samedi, les temp\u00e9ratures vont redescendre doucement, sans transition orageuse, pour retrouver les normales de saison.<\/p>\n","protected":false},"excerpt":{"rendered":"Gros coup de chaud \u00e0 venir sur la Bretagne. Ce vendredi 30 mai, un pic de chaleur exceptionnel&hellip;\n","protected":false},"author":2,"featured_media":134836,"comment_status":"","ping_status":"","sticky":false,"template":"","format":"standard","meta":{"footnotes":""},"categories":[2821],"tags":[1111,11,829,1777,674,1011,27,848,4555,12,584,25],"class_list":{"0":"post-134835","1":"post","2":"type-post","3":"status-publish","4":"format-standard","5":"has-post-thumbnail","7":"category-rennes","8":"tag-actu","9":"tag-actualites","10":"tag-bretagne","11":"tag-eu","12":"tag-europe","13":"tag-fr","14":"tag-france","15":"tag-ille-et-vilaine","16":"tag-local","17":"tag-news","18":"tag-rennes","19":"tag-republique-francaise"},"share_on_mastodon":{"url":"https:\/\/pubeurope.com\/@fr\/114586630757422099","error":""},"_links":{"self":[{"href":"https:\/\/www.europesays.com\/fr\/wp-json\/wp\/v2\/posts\/134835","targetHints":{"allow":["GET"]}}],"collection":[{"href":"https:\/\/www.europesays.com\/fr\/wp-json\/wp\/v2\/posts"}],"about":[{"href":"https:\/\/www.europesays.com\/fr\/wp-json\/wp\/v2\/types\/post"}],"author":[{"embeddable":true,"href":"https:\/\/www.europesays.com\/fr\/wp-json\/wp\/v2\/users\/2"}],"replies":[{"embeddable":true,"href":"https:\/\/www.europesays.com\/fr\/wp-json\/wp\/v2\/comments?post=134835"}],"version-history":[{"count":0,"href":"https:\/\/www.europesays.com\/fr\/wp-json\/wp\/v2\/posts\/134835\/revisions"}],"wp:featuredmedia":[{"embeddable":true,"href":"https:\/\/www.europesays.com\/fr\/wp-json\/wp\/v2\/media\/134836"}],"wp:attachment":[{"href":"https:\/\/www.europesays.com\/fr\/wp-json\/wp\/v2\/media?parent=134835"}],"wp:term":[{"taxonomy":"category","embeddable":true,"href":"https:\/\/www.europesays.com\/fr\/wp-json\/wp\/v2\/categories?post=134835"},{"taxonomy":"post_tag","embeddable":true,"href":"https:\/\/www.europesays.com\/fr\/wp-json\/wp\/v2\/tags?post=134835"}],"curies":[{"name":"wp","href":"https:\/\/api.w.org\/{rel}","templated":true}]}}